{"id":12338,"date":"2019-08-13T11:45:29","date_gmt":"2019-08-13T14:45:29","guid":{"rendered":"https:\/\/www.jornaldaconstrucaocivil.com.br\/?p=12338"},"modified":"2019-08-13T11:45:29","modified_gmt":"2019-08-13T14:45:29","slug":"joinville-sedia-a-quinta-edicao-do-dia-nacional-da-construcao-social","status":"publish","type":"post","link":"https:\/\/construcaocivil.siriusmarketingedesign.com.br\/?p=12338","title":{"rendered":"Joinville sedia a quinta edi\u00e7\u00e3o do Dia Nacional da Constru\u00e7\u00e3o Social"},"content":{"rendered":"<p style=\"text-align: justify;\"><span style=\"color: #993300;\">Agosto, 2019<\/span> &#8211; Pelo quinto ano consecutivo, Joinville ser\u00e1 um dos munic\u00edpios brasileiros a promover o Dia Nacional da Constru\u00e7\u00e3o Social (DNCS). Iniciativa da C\u00e2mara Brasileira da Ind\u00fastria da Constru\u00e7\u00e3o (CBIC), o evento re\u00fane trabalhadores do setor da constru\u00e7\u00e3o civil, familiares e comunidade em um dia de lazer e recrea\u00e7\u00e3o, exposi\u00e7\u00f5es, shows culturais e servi\u00e7os gratuitos nas \u00e1reas de sa\u00fade, esporte, cultura, educa\u00e7\u00e3o, cidadania e seguran\u00e7a do trabalho.<\/p>\n<p style=\"text-align: justify;\">Neste ano, o DNCS ser\u00e1 realizado no dia 17 de agosto com atividades em 30 localidades do pa\u00eds. Em Santa Catarina, al\u00e9m de Joinville, fazem parte da iniciativa as cidades de Brusque, Blumenau, Chapec\u00f3 e Florian\u00f3polis.<\/p>\n<figure id=\"attachment_12340\" aria-describedby=\"caption-attachment-12340\" style=\"width: 300px\" class=\"wp-caption alignleft\"><img loading=\"lazy\" decoding=\"async\" class=\"size-medium wp-image-12340\" src=\"https:\/\/www.jornaldaconstrucaocivil.com.br\/wp-content\/uploads\/2019\/08\/DNCS-II-OK-300x156.jpg\" alt=\"\" width=\"300\" height=\"156\" srcset=\"https:\/\/construcaocivil.siriusmarketingedesign.com.br\/wp-content\/uploads\/2019\/08\/DNCS-II-OK-300x156.jpg 300w, https:\/\/construcaocivil.siriusmarketingedesign.com.br\/wp-content\/uploads\/2019\/08\/DNCS-II-OK-768x399.jpg 768w, https:\/\/construcaocivil.siriusmarketingedesign.com.br\/wp-content\/uploads\/2019\/08\/DNCS-II-OK.jpg 996w\" sizes=\"auto, (max-width: 300px) 100vw, 300px\" \/><figcaption id=\"caption-attachment-12340\" class=\"wp-caption-text\">DNCS &#8211; Atividades Culturais e esportivas. Foto: : Elton Costa.<\/figcaption><\/figure>\n<p style=\"text-align: justify;\">A programa\u00e7\u00e3o joinvilense vai das 13h \u00e0s 17h, no SESC (rua Itai\u00f3polis, 470, bairro Am\u00e9rica). A entrada \u00e9 franca. Al\u00e9m de concorrer a brindes e pr\u00eamios &#8211; entre eles uma moto, bicicletas, televisores e micro-ondas -, os participantes tamb\u00e9m recebem lanches: cachorro-quente, suco, \u00e1gua e pipoca.<\/p>\n<p style=\"text-align: justify;\">Com foco nas constantes mudan\u00e7as no mercado de trabalho e nos impactos da tecnologia na ind\u00fastria, o tema desta edi\u00e7\u00e3o ser\u00e1 &#8220;O mundo est\u00e1 mudando, e voc\u00ea?&#8221;. A inten\u00e7\u00e3o \u00e9 refor\u00e7ar a necessidade de atualiza\u00e7\u00e3o dos trabalhadores e promover a reflex\u00e3o\u00a0sobre as mudan\u00e7as pelas quais a ind\u00fastria da constru\u00e7\u00e3o civil est\u00e1 passando.<\/p>\n<p style=\"text-align: justify;\">Em Joinville, a organiza\u00e7\u00e3o do evento fica por conta do Sindicato da Ind\u00fastria da Constru\u00e7\u00e3o Civil (SINDUSCON), Servi\u00e7o Social da Ind\u00fastria da Constru\u00e7\u00e3o (SECONCI) e Sistema FIESC\/SESI, com o apoio do Servi\u00e7o Social do Com\u00e9rcio (SESC). No ano passado, o encontro reuniu na cidade cerca de 2,5 mil pessoas e contabilizou mais de 18 mil atendimentos.<\/p>\n<p style=\"text-align: justify;\">O\u00a0presidente do SINDUSCON Joinville, Vilson Buss, diz que uma comiss\u00e3o multidisciplinar trabalha nos preparativos desde o in\u00edcio do ano.\u00a0\u00a0&#8220;O Dia Nacional da Constru\u00e7\u00e3o Social \u00e9 considerado o principal evento de responsabilidade social do setor e, mais uma vez, queremos que a comunidade de Joinville tenha um dia de integra\u00e7\u00e3o, lazer, entretenimento, cuidados com a sa\u00fade e informa\u00e7\u00f5es sobre seguran\u00e7a do trabalho e capacita\u00e7\u00e3o profissional&#8221;, diz.<\/p>\n<p style=\"text-align: justify;\"><b>Programa\u00e7\u00e3o variada<\/b><\/p>\n<p style=\"text-align: justify;\">Pensado para o trabalhador da constru\u00e7\u00e3o civil e seus familiares, mas aberto a toda a comunidade, o DNCS 2019 vai oferecer mais de 30 atividades e servi\u00e7os, incluindo recrea\u00e7\u00e3o infantil, torneio de p\u00eanaltis com atletas de futsal JEC\/Krona, exposi\u00e7\u00e3o de carros antigos do Veteran Car Club, aulas de dan\u00e7a e apresenta\u00e7\u00f5es culturais.<\/p>\n<p style=\"text-align: justify;\">Uma das novidades deste ano \u00e9 a feira de ado\u00e7\u00e3o de animais. Um estande ser\u00e1 montado no local e as fam\u00edlias poder\u00e3o adotar um pet na hora que estiverem indo para casa. O Instituto Geral de Per\u00edcias (IGP) tamb\u00e9m vai marcar presen\u00e7a no DNCS para a emiss\u00e3o de carteiras de identidade (RG). Ser\u00e3o distribu\u00eddas 100 senhas e os interessados devem chegar cedo, munidos de certid\u00e3o de nascimento ou casamento. Divorciados, separados ou vi\u00favos ter\u00e3o de levar a certid\u00e3o de casamento com a averba\u00e7\u00e3o.<\/p>\n<p style=\"text-align: justify;\">Os menores de 18 anos que quiserem fazer o RG devem estar acompanhados pelo pai, m\u00e3e ou representante legal. Todos devem apresentar documento com foto e, se for o caso, comprova\u00e7\u00e3o da guarda do menor.<\/p>\n<p style=\"text-align: justify;\">Tamb\u00e9m ser\u00e1 poss\u00edvel incluir o n\u00famero do CPF e PIS na nova carteira de identidade (opcional). O IGP informa que as pessoas devem apresentar todos os documentos originais, em bom estado, e fotoc\u00f3pias. As fotos 3 X 4 ser\u00e3o feitas no local.<\/p>\n<p style=\"text-align: justify;\">\n<p><b>PROGRAMA\u00c7\u00c3O<\/b><\/p>\n<p><b><u>Sa\u00fade e Cidadania<\/u><\/b><\/p>\n<ul>\n<li>Avalia\u00e7\u00e3o capilar<\/li>\n<li>Avalia\u00e7\u00e3o corporal<\/li>\n<li>Avalia\u00e7\u00e3o odontol\u00f3gica<\/li>\n<li>Avalia\u00e7\u00e3o de press\u00e3o arterial<\/li>\n<li>Bike to Food<\/li>\n<li>Corte de cabelo e barbearia<\/li>\n<li>Delegacia m\u00f3vel<\/li>\n<li>Emiss\u00e3o de 100 carteiras de identidade (RG)<\/li>\n<li>Massoterapia<\/li>\n<li>Oficina de rem\u00e9dios gen\u00e9ricos<\/li>\n<li>Orienta\u00e7\u00e3o nutricional<\/li>\n<li>SESI Clube \u2013 Atividade f\u00edsica<\/li>\n<li>Teste de glicemia<\/li>\n<li>Teste visual<\/li>\n<li>XBOX: Atividade f\u00edsica interativa<\/li>\n<li>Ado\u00e7\u00e3o de animais<br \/>\n<b><u><br \/>\n<\/u><\/b><\/li>\n<\/ul>\n<p><span style=\"color: #993300;\"><b><u>Lazer<\/u><\/b><\/span><\/p>\n<ul>\n<li>Brincadeiras educativas<\/li>\n<li>Brinquedos infl\u00e1veis<\/li>\n<li>Cama el\u00e1stica e tobog\u00e3<\/li>\n<li>Piscina de bolinhas<\/li>\n<li>Pintura facial infantil<\/li>\n<li>Presen\u00e7a do JEC\/Krona Futsal<\/li>\n<li>Presen\u00e7a do Veteran Car Club<\/li>\n<li>Shows regionais<\/li>\n<li>Torneio de p\u00eanalti<\/li>\n<li>Distribui\u00e7\u00e3o gratuita de cachorro-quente, suco e pipoca<\/li>\n<\/ul>\n<p><span style=\"color: #993300;\">\u00a0<b><u>Educa\u00e7\u00e3o<\/u><\/b><\/span><\/p>\n<ul>\n<li>Caminh\u00e3o SENAI NR-35<\/li>\n<li>Caminh\u00e3o SESI Ci\u00eancias<\/li>\n<li>Orelha infl\u00e1vel<\/li>\n<li>SESI Rob\u00f3tica<\/li>\n<\/ul>\n<p><strong><span style=\"color: #993300;\">SERVI\u00c7O<\/span><\/strong><\/p>\n<p><span style=\"color: #993300;\">O qu\u00ea? Dia Nacional da Constru\u00e7\u00e3o Social \u2013 edi\u00e7\u00e3o 2019<\/span><\/p>\n<p><span style=\"color: #993300;\">Quando? 17 de agosto, s\u00e1bado, das 13h \u00e0s 17h<\/span><\/p>\n<p><span style=\"color: #993300;\">Onde? SESC Joinville, rua Itai\u00f3polis, 470, bairro Am\u00e9rica<\/span><\/p>\n<p><span style=\"color: #993300;\">Quanto? Gratuito<\/span><\/p>\n<p><span style=\"color: #993300;\">Mais informa\u00e7\u00f5es: SINDUSCON Joinville (47) 3425-2288<\/span><\/p>\n","protected":false},"excerpt":{"rendered":"<p>Agosto, 2019 &#8211; Pelo quinto ano consecutivo, Joinville ser\u00e1 um dos munic\u00edpios brasileiros a promover o Dia Nacional da Constru\u00e7\u00e3o Social (DNCS). Iniciativa da C\u00e2mara Brasileira da Ind\u00fastria da Constru\u00e7\u00e3o (CBIC), o evento re\u00fane trabalhadores do setor da constru\u00e7\u00e3o civil, familiares e comunidade em um dia de lazer e recrea\u00e7\u00e3o, exposi\u00e7\u00f5es, shows culturais e servi\u00e7os [&hellip;]<\/p>\n","protected":false},"author":1,"featured_media":12339,"comment_status":"open","ping_status":"open","sticky":false,"template":"","format":"standard","meta":{"_uag_custom_page_level_css":"","footnotes":""},"categories":[1],"tags":[17187,17185,3261,17183,17184,3965,4545,17188,15868,17186,13336,10962,11151],"class_list":["post-12338","post","type-post","status-publish","format-standard","has-post-thumbnail","hentry","category-sem-categoria","tag-cidadania-e-seguranca-do-trabalho","tag-construcao-civil-diversas-atividades-gratuitas","tag-cultura","tag-dia-nacional-da-construcao-social-2019","tag-dncs-cbic","tag-educacao","tag-esporte","tag-geracao-de-empregos-e-renda","tag-saude-e-cidadania","tag-servicos-gratuitos-saude","tag-sesc-joinville","tag-sesc-joinville-bairro-america","tag-sinduscon-joinville"],"blocksy_meta":[],"spectra_blocks_featured_image_url":{"thumbnail":{"url":"https:\/\/construcaocivil.siriusmarketingedesign.com.br\/wp-content\/uploads\/2019\/08\/DNCS-Capoeira-OK-150x150.jpg","width":150,"height":150},"medium":{"url":"https:\/\/construcaocivil.siriusmarketingedesign.com.br\/wp-content\/uploads\/2019\/08\/DNCS-Capoeira-OK-300x221.jpg","width":300,"height":221},"medium_large":{"url":"https:\/\/construcaocivil.siriusmarketingedesign.com.br\/wp-content\/uploads\/2019\/08\/DNCS-Capoeira-OK-768x566.jpg","width":768,"height":566},"large":{"url":"https:\/\/construcaocivil.siriusmarketingedesign.com.br\/wp-content\/uploads\/2019\/08\/DNCS-Capoeira-OK.jpg","width":988,"height":728},"full":{"url":"https:\/\/construcaocivil.siriusmarketingedesign.com.br\/wp-content\/uploads\/2019\/08\/DNCS-Capoeira-OK.jpg","width":988,"height":728}},"spectra_blocks_author_info":{"display_name":"Jornal da Constru\u00e7\u00e3o Civil","avatar_url":"https:\/\/secure.gravatar.com\/avatar\/973c9774fd44ddaceb026973c4962faa70fc512bc4c9da68e8ebb40fecee6540?s=96&d=mm&r=g","author_link":"https:\/\/construcaocivil.siriusmarketingedesign.com.br\/?author=1","description":"Desde de 2013, levando muitas informa\u00e7\u00f5es, lan\u00e7amentos e produtos de qualidade para toda cadeia produtiva da constru\u00e7\u00e3o. O Futuro da constru\u00e7\u00e3o passa por aqui,"},"uagb_featured_image_src":{"full":["https:\/\/construcaocivil.siriusmarketingedesign.com.br\/wp-content\/uploads\/2019\/08\/DNCS-Capoeira-OK.jpg",988,728,false],"thumbnail":["https:\/\/construcaocivil.siriusmarketingedesign.com.br\/wp-content\/uploads\/2019\/08\/DNCS-Capoeira-OK-150x150.jpg",150,150,true],"medium":["https:\/\/construcaocivil.siriusmarketingedesign.com.br\/wp-content\/uploads\/2019\/08\/DNCS-Capoeira-OK-300x221.jpg",300,221,true],"medium_large":["https:\/\/construcaocivil.siriusmarketingedesign.com.br\/wp-content\/uploads\/2019\/08\/DNCS-Capoeira-OK-768x566.jpg",768,566,true],"large":["https:\/\/construcaocivil.siriusmarketingedesign.com.br\/wp-content\/uploads\/2019\/08\/DNCS-Capoeira-OK.jpg",988,728,false],"1536x1536":["https:\/\/construcaocivil.siriusmarketingedesign.com.br\/wp-content\/uploads\/2019\/08\/DNCS-Capoeira-OK.jpg",988,728,false],"2048x2048":["https:\/\/construcaocivil.siriusmarketingedesign.com.br\/wp-content\/uploads\/2019\/08\/DNCS-Capoeira-OK.jpg",988,728,false]},"uagb_author_info":{"display_name":"Jornal da Constru\u00e7\u00e3o Civil","author_link":"https:\/\/construcaocivil.siriusmarketingedesign.com.br\/?author=1"},"uagb_comment_info":0,"uagb_excerpt":"Agosto, 2019 &#8211; Pelo quinto ano consecutivo, Joinville ser\u00e1 um dos munic\u00edpios brasileiros a promover o Dia Nacional da Constru\u00e7\u00e3o Social (DNCS). Iniciativa da C\u00e2mara Brasileira da Ind\u00fastria da Constru\u00e7\u00e3o (CBIC), o evento re\u00fane trabalhadores do setor da constru\u00e7\u00e3o civil, familiares e comunidade em um dia de lazer e recrea\u00e7\u00e3o, exposi\u00e7\u00f5es, shows culturais e servi\u00e7os&hellip;","_links":{"self":[{"href":"https:\/\/construcaocivil.siriusmarketingedesign.com.br\/index.php?rest_route=\/wp\/v2\/posts\/12338","targetHints":{"allow":["GET"]}}],"collection":[{"href":"https:\/\/construcaocivil.siriusmarketingedesign.com.br\/index.php?rest_route=\/wp\/v2\/posts"}],"about":[{"href":"https:\/\/construcaocivil.siriusmarketingedesign.com.br\/index.php?rest_route=\/wp\/v2\/types\/post"}],"author":[{"embeddable":true,"href":"https:\/\/construcaocivil.siriusmarketingedesign.com.br\/index.php?rest_route=\/wp\/v2\/users\/1"}],"replies":[{"embeddable":true,"href":"https:\/\/construcaocivil.siriusmarketingedesign.com.br\/index.php?rest_route=%2Fwp%2Fv2%2Fcomments&post=12338"}],"version-history":[{"count":0,"href":"https:\/\/construcaocivil.siriusmarketingedesign.com.br\/index.php?rest_route=\/wp\/v2\/posts\/12338\/revisions"}],"wp:featuredmedia":[{"embeddable":true,"href":"https:\/\/construcaocivil.siriusmarketingedesign.com.br\/index.php?rest_route=\/wp\/v2\/media\/12339"}],"wp:attachment":[{"href":"https:\/\/construcaocivil.siriusmarketingedesign.com.br\/index.php?rest_route=%2Fwp%2Fv2%2Fmedia&parent=12338"}],"wp:term":[{"taxonomy":"category","embeddable":true,"href":"https:\/\/construcaocivil.siriusmarketingedesign.com.br\/index.php?rest_route=%2Fwp%2Fv2%2Fcategories&post=12338"},{"taxonomy":"post_tag","embeddable":true,"href":"https:\/\/construcaocivil.siriusmarketingedesign.com.br\/index.php?rest_route=%2Fwp%2Fv2%2Ftags&post=12338"}],"curies":[{"name":"wp","href":"https:\/\/api.w.org\/{rel}","templated":true}]}}