{"id":1234,"date":"2016-04-01T19:25:54","date_gmt":"2016-04-01T19:25:54","guid":{"rendered":"http:\/\/www.jornaldaconstrucaocivil.com.br\/?p=1234"},"modified":"2016-04-01T19:25:54","modified_gmt":"2016-04-01T19:25:54","slug":"resende-promove-caminhada-pelo-dia-mundial-do-autismo","status":"publish","type":"post","link":"https:\/\/construcaocivil.siriusmarketingedesign.com.br\/?p=1234","title":{"rendered":"RESENDE PROMOVE CAMINHADA PELO DIA MUNDIAL DO AUTISMO"},"content":{"rendered":"<p class=\"\" align=\"justify\"><span style=\"font-family: Verdana, sans-serif; color: #000080;\">Neste s\u00e1bado, dia 2 de abril, quando \u00e9 comemorado o Dia Mundial de Conscientiza\u00e7\u00e3o do Autismo, acontece em Resende uma caminhada promovida por pais de autistas, com o apoio da Secretaria Municipal de Educa\u00e7\u00e3o. A concentra\u00e7\u00e3o ser\u00e1 \u00e0s 9 horas, na Pra\u00e7a do Col\u00e9gio Estadual Oliveira Botelho (antiga Cer\u00e2mica), em dire\u00e7\u00e3o \u00e0 sede do Centro de Atendimento ao Autista de Resende (Cemear), no bairro Jardim Bras\u00edlia.<\/span><\/p>\n<p class=\"\" align=\"justify\"><span style=\"font-family: Verdana, sans-serif; color: #000000;\">Segundo os organizadores, o objetivo da mobiliza\u00e7\u00e3o \u00e9 esclarecer o que vem a ser o transtorno e oferecer informa\u00e7\u00f5es sobre a import\u00e2ncia do diagn\u00f3stico e da interven\u00e7\u00e3o precoce. O pedido \u00e9 que durante a mobiliza\u00e7\u00e3o os participantes usem algum acess\u00f3rio azul. Essa \u00e9 a cor s\u00edmbolo do autismo porque a s\u00edndrome \u00e9 mais comum nos meninos, na propor\u00e7\u00e3o de quatro meninos para cada menina.<\/span><\/p>\n<figure id=\"attachment_1235\" aria-describedby=\"caption-attachment-1235\" style=\"width: 300px\" class=\"wp-caption alignleft\"><a href=\"http:\/\/www.jornaldaconstrucaocivil.com.br\/wp-content\/uploads\/2016\/04\/Sala-Autismo-Jorge-Trindade-02-04-12-1.jpg\"><img loading=\"lazy\" decoding=\"async\" class=\"wp-image-1235 size-medium\" src=\"http:\/\/www.jornaldaconstrucaocivil.com.br\/wp-content\/uploads\/2016\/04\/Sala-Autismo-Jorge-Trindade-02-04-12-1-300x199.jpg\" alt=\"Sala (Autismo) - Jorge Trindade - 02-04-12 (1)\" width=\"300\" height=\"199\" \/><\/a><figcaption id=\"caption-attachment-1235\" class=\"wp-caption-text\"><span style=\"color: #ff0000;\">Sala (Autismo). Foto: Jorge Trindade<\/span><\/figcaption><\/figure>\n<p class=\"\" align=\"justify\"><span style=\"font-family: Verdana, sans-serif; color: #000000;\">Para fortalecer ainda mais a mobiliza\u00e7\u00e3o o munic\u00edpio, a Secretaria Municipal de Educa\u00e7\u00e3o pediu que escolas e creches promovam nesta sexta-feira, dia 1\u00ba, atividades espec\u00edficas. Entre elas foram sugeridas exibi\u00e7\u00f5es de filmes sobre o autismo.<\/span><\/p>\n<p class=\"\" align=\"justify\"><span style=\"font-family: Verdana, sans-serif; color: #000000;\">O Dia Mundial de Conscientiza\u00e7\u00e3o do Autismo foi institu\u00eddo pela Organiza\u00e7\u00e3o das Na\u00e7\u00f5es Unidas (ONU), em dezembro de 2007, que definiu a data para mostrar e alertar sobre o transtorno. Em Resende, autistas e familiares contam com os servi\u00e7os do Centro Municipal de Atendimento ao Autista, inaugurado em agosto de 2014.<\/span><\/p>\n<p class=\"\" align=\"justify\"><span style=\"font-family: Verdana, sans-serif; color: #000000;\">O atendimento \u00e9 feito por uma equipe multidisciplinar que atua nas \u00e1reas de habilidades b\u00e1sicas, alfabetiza\u00e7\u00e3o, comunica\u00e7\u00e3o alternativa e aumentativa, educa\u00e7\u00e3o f\u00edsica estruturada, educa\u00e7\u00e3o de sa\u00fade bucal, Atividade de Vida Di\u00e1ria (AVD)\/ Atividade de Vida Pr\u00e1tica (AVP), arteterapia, psicologia escolar e servi\u00e7o social.\u00a0<\/span><\/p>\n<p class=\"\" align=\"justify\"><span style=\"font-family: Verdana, sans-serif; color: #000000;\">Com isso, o objetivo principal \u00e9 oferecer servi\u00e7os de atendimento educacional especializado, apoio \u00e0 inclus\u00e3o social e educacional para pessoas com Transtorno do Espectro Autista (TEA), favorecendo a autonomia, independ\u00eancia e participa\u00e7\u00e3o como cidad\u00e3os na sociedade, dando suporte aos familiares com intuito de orient\u00e1-los dentro do conv\u00edvio social e familiar.<\/span><\/p>\n<p class=\"\" align=\"justify\"><span style=\"font-family: Verdana, sans-serif; color: #000000;\">Hoje s\u00e3o atendidas 27 pessoas com idade entre tr\u00eas e 37 anos, mas o Cemear atende todas as faixas et\u00e1rias. A sua sede funciona no bairro Jardim Bras\u00edlia, por\u00e9m est\u00e1 em obras. A equipe est\u00e1 atendendo provisoriamente na Rua Coronel Brasiel, s\/n\u00ba, em Campos El\u00edseos, pr\u00f3ximo \u00e0 banca de jornal, de segunda a sexta-feira, das 8 \u00e0s 17 horas. Quem quiser mais informa\u00e7\u00f5es pode ligar no telefone 3360-9390.<\/span><\/p>\n<p class=\"\" align=\"justify\"><span style=\"color: #800000;\">Fonte: ASCOM\/Prefeitura Resende-RJ<\/span><\/p>\n","protected":false},"excerpt":{"rendered":"<p>Neste s\u00e1bado, dia 2 de abril, quando \u00e9 comemorado o Dia Mundial de Conscientiza\u00e7\u00e3o do Autismo, acontece em Resende uma caminhada promovida por pais de autistas, com o apoio da Secretaria Municipal de Educa\u00e7\u00e3o. A concentra\u00e7\u00e3o ser\u00e1 \u00e0s 9 horas, na Pra\u00e7a do Col\u00e9gio Estadual Oliveira Botelho (antiga Cer\u00e2mica), em dire\u00e7\u00e3o \u00e0 sede do Centro [&hellip;]<\/p>\n","protected":false},"author":1,"featured_media":1235,"comment_status":"open","ping_status":"open","sticky":false,"template":"","format":"standard","meta":{"_uag_custom_page_level_css":"","footnotes":""},"categories":[37],"tags":[2060,3594,3621,10215,10753],"class_list":["post-1234","post","type-post","status-publish","format-standard","has-post-thumbnail","hentry","category-sustentabilidade","tag-cemear","tag-dia-02","tag-dia-mundial-do-autismo","tag-resende-rj","tag-secretaria-municipal-de-educacao"],"blocksy_meta":[],"spectra_blocks_featured_image_url":[],"spectra_blocks_author_info":{"display_name":"Jornal da Constru\u00e7\u00e3o Civil","avatar_url":"https:\/\/secure.gravatar.com\/avatar\/973c9774fd44ddaceb026973c4962faa70fc512bc4c9da68e8ebb40fecee6540?s=96&d=mm&r=g","author_link":"https:\/\/construcaocivil.siriusmarketingedesign.com.br\/?author=1","description":"Desde de 2013, levando muitas informa\u00e7\u00f5es, lan\u00e7amentos e produtos de qualidade para toda cadeia produtiva da constru\u00e7\u00e3o. O Futuro da constru\u00e7\u00e3o passa por aqui,"},"uagb_featured_image_src":{"full":false,"thumbnail":false,"medium":false,"medium_large":false,"large":false,"1536x1536":false,"2048x2048":false},"uagb_author_info":{"display_name":"Jornal da Constru\u00e7\u00e3o Civil","author_link":"https:\/\/construcaocivil.siriusmarketingedesign.com.br\/?author=1"},"uagb_comment_info":0,"uagb_excerpt":"Neste s\u00e1bado, dia 2 de abril, quando \u00e9 comemorado o Dia Mundial de Conscientiza\u00e7\u00e3o do Autismo, acontece em Resende uma caminhada promovida por pais de autistas, com o apoio da Secretaria Municipal de Educa\u00e7\u00e3o. A concentra\u00e7\u00e3o ser\u00e1 \u00e0s 9 horas, na Pra\u00e7a do Col\u00e9gio Estadual Oliveira Botelho (antiga Cer\u00e2mica), em dire\u00e7\u00e3o \u00e0 sede do Centro&hellip;","_links":{"self":[{"href":"https:\/\/construcaocivil.siriusmarketingedesign.com.br\/index.php?rest_route=\/wp\/v2\/posts\/1234","targetHints":{"allow":["GET"]}}],"collection":[{"href":"https:\/\/construcaocivil.siriusmarketingedesign.com.br\/index.php?rest_route=\/wp\/v2\/posts"}],"about":[{"href":"https:\/\/construcaocivil.siriusmarketingedesign.com.br\/index.php?rest_route=\/wp\/v2\/types\/post"}],"author":[{"embeddable":true,"href":"https:\/\/construcaocivil.siriusmarketingedesign.com.br\/index.php?rest_route=\/wp\/v2\/users\/1"}],"replies":[{"embeddable":true,"href":"https:\/\/construcaocivil.siriusmarketingedesign.com.br\/index.php?rest_route=%2Fwp%2Fv2%2Fcomments&post=1234"}],"version-history":[{"count":0,"href":"https:\/\/construcaocivil.siriusmarketingedesign.com.br\/index.php?rest_route=\/wp\/v2\/posts\/1234\/revisions"}],"wp:attachment":[{"href":"https:\/\/construcaocivil.siriusmarketingedesign.com.br\/index.php?rest_route=%2Fwp%2Fv2%2Fmedia&parent=1234"}],"wp:term":[{"taxonomy":"category","embeddable":true,"href":"https:\/\/construcaocivil.siriusmarketingedesign.com.br\/index.php?rest_route=%2Fwp%2Fv2%2Fcategories&post=1234"},{"taxonomy":"post_tag","embeddable":true,"href":"https:\/\/construcaocivil.siriusmarketingedesign.com.br\/index.php?rest_route=%2Fwp%2Fv2%2Ftags&post=1234"}],"curies":[{"name":"wp","href":"https:\/\/api.w.org\/{rel}","templated":true}]}}