{"id":12345,"date":"2019-08-13T13:32:33","date_gmt":"2019-08-13T16:32:33","guid":{"rendered":"https:\/\/www.jornaldaconstrucaocivil.com.br\/?p=12345"},"modified":"2019-08-13T13:32:33","modified_gmt":"2019-08-13T16:32:33","slug":"fiocruz-promove-encontro-seis-meses-apos-tragedia-em-brumadinho","status":"publish","type":"post","link":"https:\/\/construcaocivil.siriusmarketingedesign.com.br\/?p=12345","title":{"rendered":"Fiocruz promove encontro seis meses ap\u00f3s trag\u00e9dia em Brumadinho"},"content":{"rendered":"<div style=\"text-align: justify;\"><span style=\"color: #993300;\">Agosto, 2019<\/span> &#8211; Seis meses ap\u00f3s o rompimento da barragem da mineradora Vale S.A no munic\u00edpio de Brumadinho, pesquisadores, gestores e profissionais que atuam em diferentes \u00e1reas se re\u00fanem para avaliar os efeitos da trag\u00e9dia, durante o Semin\u00e1rio Desastre da Vale S.A. em Brumadinho: seis meses de impactos e a\u00e7\u00f5es. Em dois dias de encontro, ser\u00e1 apresentada uma s\u00e9rie de informa\u00e7\u00f5es, entre elas dados sobre as altera\u00e7\u00f5es nas redes de aten\u00e7\u00e3o \u00e0 sa\u00fade, possivelmente relacionadas ao rompimento da barragem e ainda como essas modifica\u00e7\u00f5es podem ter influenciado na presta\u00e7\u00e3o de servi\u00e7os e no n\u00famero de atendimentos realizados. Promovido pela Fiocruz, o evento ser\u00e1 nos dias 15 e 16 de agosto, na C\u00e2mara Municipal de Brumadinho.<\/div>\n<div style=\"text-align: justify;\"><\/div>\n<div style=\"text-align: justify;\">Al\u00e9m dos impactos nas redes de aten\u00e7\u00e3o, estar\u00e3o em discuss\u00e3o a situa\u00e7\u00e3o atual dos afetados, mostrando altera\u00e7\u00f5es nos h\u00e1bitos da popula\u00e7\u00e3o; os potenciais riscos considerando o uso das \u00e1guas do Rio Paraopebas e outros impactos ambientais. Tamb\u00e9m estar\u00e3o em pauta os efeitos da trag\u00e9dia no setor econ\u00f4mico dos munic\u00edpios atingidos, os processos sociais e econ\u00f4micos que se encontram na raiz de tais desastres, bem como a rela\u00e7\u00e3o de trag\u00e9dias dessa natureza e a viola\u00e7\u00e3o dos direitos humanos.<\/div>\n<div style=\"text-align: justify;\"><\/div>\n<div style=\"text-align: justify;\">Participam dos debates especialistas de diferentes institui\u00e7\u00f5es, como Minist\u00e9rio da Sa\u00fade, Universidade Federal de Minas Gerais (UFMG), Universidade Federal Fluminense (UFF), Universidade Federal do Rio de Janeiro (UFRJ), Instituto Butantan, Movimento dos Atingidos por Barragem (MAB), Ag\u00eancia Nacional das \u00c1guas, secretarias de sa\u00fade dos munic\u00edpios de Brumadinho e Mariana, Secretaria de Estado de Sa\u00fade de Minas Gerais, Defesa Civil, al\u00e9m de profissionais de diversas unidades da Fiocruz.<\/div>\n<div style=\"text-align: justify;\"><\/div>\n<div style=\"text-align: justify;\">Al\u00e9m dos debates, a programa\u00e7\u00e3o inclui uma atividade cultural, com o intuito de criar um espa\u00e7o de interlocu\u00e7\u00e3o com a comunidade, que envolva outras linguagens e express\u00f5es populares. Nos dois dias de evento, as atividades acontecem das 9h \u00e0s 17h30. J\u00e1 a programa\u00e7\u00e3o cultural ser\u00e1 no dia 15 de agosto, a partir das 18h.<\/div>\n<div style=\"text-align: justify;\"><\/div>\n<div style=\"text-align: justify;\">O evento conta com apoio das institui\u00e7\u00f5es que integram o Sistema \u00danico de Sa\u00fade, como a Secretaria de Vigil\u00e2ncia em Sa\u00fade do Minist\u00e9rio da Sa\u00fade, a Secretaria de Estado da Sa\u00fade de Minas Gerais e a Secretaria Municipal de Sa\u00fade de Brumadinho.<\/div>\n<div style=\"text-align: justify;\"><\/div>\n<div style=\"text-align: justify;\"><strong>Servi\u00e7o:<\/strong><\/div>\n<div style=\"text-align: justify;\"><strong>Evento:<\/strong>\u00a0Semin\u00e1rio Desastre da Vale S.A. em Brumadinho: seis meses de impactos e a\u00e7\u00f5es<\/div>\n<div style=\"text-align: justify;\"><strong>Quando:<\/strong>\u00a015 e 16 de agosto<\/div>\n<div style=\"text-align: justify;\"><strong>Local:<\/strong>\u00a0C\u00e2mara Municipal de Brumadinho (Rua Jos\u00e9 Rodrigues da Silva, 95, S\u00e3o Conrado)<\/div>\n<div>Fonte: Imprensa\/ Ag\u00eancia de Not\u00edcias Fiocruz<\/div>\n","protected":false},"excerpt":{"rendered":"<p>Agosto, 2019 &#8211; Seis meses ap\u00f3s o rompimento da barragem da mineradora Vale S.A no munic\u00edpio de Brumadinho, pesquisadores, gestores e profissionais que atuam em diferentes \u00e1reas se re\u00fanem para avaliar os efeitos da trag\u00e9dia, durante o Semin\u00e1rio Desastre da Vale S.A. em Brumadinho: seis meses de impactos e a\u00e7\u00f5es. Em dois dias de encontro, [&hellip;]<\/p>\n","protected":false},"author":1,"featured_media":12346,"comment_status":"open","ping_status":"open","sticky":false,"template":"","format":"standard","meta":{"_uag_custom_page_level_css":"","footnotes":""},"categories":[37],"tags":[3411,17199,17196,17201,5092,7438,7711,17200,17198,17197,12032],"class_list":["post-12345","post","type-post","status-publish","format-standard","has-post-thumbnail","hentry","category-sustentabilidade","tag-defesa-civil","tag-desastre-da-vale-s-a","tag-desastre-de-brumadinho","tag-fauna-e-biodiversidade-afetada-em-brumadinho","tag-fiocruz","tag-meio-ambiente","tag-ministerio-da-saude","tag-populacao-afetada-pela-vale-s-a","tag-prefeitura-de-brumadinho","tag-seminario-desastre-da-vale-s-a-em-brumadinho-seis-meses-de-impactos-e-acoes","tag-ufmg"],"blocksy_meta":[],"spectra_blocks_featured_image_url":{"thumbnail":{"url":"https:\/\/construcaocivil.siriusmarketingedesign.com.br\/wp-content\/uploads\/2019\/08\/AA-brumadinho-6-meses-1200x900px-768x576-150x150.png","width":150,"height":150},"medium":{"url":"https:\/\/construcaocivil.siriusmarketingedesign.com.br\/wp-content\/uploads\/2019\/08\/AA-brumadinho-6-meses-1200x900px-768x576-300x225.png","width":300,"height":225},"medium_large":{"url":"https:\/\/construcaocivil.siriusmarketingedesign.com.br\/wp-content\/uploads\/2019\/08\/AA-brumadinho-6-meses-1200x900px-768x576-768x576.png","width":768,"height":576},"large":{"url":"https:\/\/construcaocivil.siriusmarketingedesign.com.br\/wp-content\/uploads\/2019\/08\/AA-brumadinho-6-meses-1200x900px-768x576.png","width":768,"height":576},"full":{"url":"https:\/\/construcaocivil.siriusmarketingedesign.com.br\/wp-content\/uploads\/2019\/08\/AA-brumadinho-6-meses-1200x900px-768x576.png","width":768,"height":576}},"spectra_blocks_author_info":{"display_name":"Jornal da Constru\u00e7\u00e3o Civil","avatar_url":"https:\/\/secure.gravatar.com\/avatar\/973c9774fd44ddaceb026973c4962faa70fc512bc4c9da68e8ebb40fecee6540?s=96&d=mm&r=g","author_link":"https:\/\/construcaocivil.siriusmarketingedesign.com.br\/?author=1","description":"Desde de 2013, levando muitas informa\u00e7\u00f5es, lan\u00e7amentos e produtos de qualidade para toda cadeia produtiva da constru\u00e7\u00e3o. O Futuro da constru\u00e7\u00e3o passa por aqui,"},"uagb_featured_image_src":{"full":["https:\/\/construcaocivil.siriusmarketingedesign.com.br\/wp-content\/uploads\/2019\/08\/AA-brumadinho-6-meses-1200x900px-768x576.png",768,576,false],"thumbnail":["https:\/\/construcaocivil.siriusmarketingedesign.com.br\/wp-content\/uploads\/2019\/08\/AA-brumadinho-6-meses-1200x900px-768x576-150x150.png",150,150,true],"medium":["https:\/\/construcaocivil.siriusmarketingedesign.com.br\/wp-content\/uploads\/2019\/08\/AA-brumadinho-6-meses-1200x900px-768x576-300x225.png",300,225,true],"medium_large":["https:\/\/construcaocivil.siriusmarketingedesign.com.br\/wp-content\/uploads\/2019\/08\/AA-brumadinho-6-meses-1200x900px-768x576-768x576.png",768,576,true],"large":["https:\/\/construcaocivil.siriusmarketingedesign.com.br\/wp-content\/uploads\/2019\/08\/AA-brumadinho-6-meses-1200x900px-768x576.png",768,576,false],"1536x1536":["https:\/\/construcaocivil.siriusmarketingedesign.com.br\/wp-content\/uploads\/2019\/08\/AA-brumadinho-6-meses-1200x900px-768x576.png",768,576,false],"2048x2048":["https:\/\/construcaocivil.siriusmarketingedesign.com.br\/wp-content\/uploads\/2019\/08\/AA-brumadinho-6-meses-1200x900px-768x576.png",768,576,false]},"uagb_author_info":{"display_name":"Jornal da Constru\u00e7\u00e3o Civil","author_link":"https:\/\/construcaocivil.siriusmarketingedesign.com.br\/?author=1"},"uagb_comment_info":0,"uagb_excerpt":"Agosto, 2019 &#8211; Seis meses ap\u00f3s o rompimento da barragem da mineradora Vale S.A no munic\u00edpio de Brumadinho, pesquisadores, gestores e profissionais que atuam em diferentes \u00e1reas se re\u00fanem para avaliar os efeitos da trag\u00e9dia, durante o Semin\u00e1rio Desastre da Vale S.A. em Brumadinho: seis meses de impactos e a\u00e7\u00f5es. Em dois dias de encontro,&hellip;","_links":{"self":[{"href":"https:\/\/construcaocivil.siriusmarketingedesign.com.br\/index.php?rest_route=\/wp\/v2\/posts\/12345","targetHints":{"allow":["GET"]}}],"collection":[{"href":"https:\/\/construcaocivil.siriusmarketingedesign.com.br\/index.php?rest_route=\/wp\/v2\/posts"}],"about":[{"href":"https:\/\/construcaocivil.siriusmarketingedesign.com.br\/index.php?rest_route=\/wp\/v2\/types\/post"}],"author":[{"embeddable":true,"href":"https:\/\/construcaocivil.siriusmarketingedesign.com.br\/index.php?rest_route=\/wp\/v2\/users\/1"}],"replies":[{"embeddable":true,"href":"https:\/\/construcaocivil.siriusmarketingedesign.com.br\/index.php?rest_route=%2Fwp%2Fv2%2Fcomments&post=12345"}],"version-history":[{"count":0,"href":"https:\/\/construcaocivil.siriusmarketingedesign.com.br\/index.php?rest_route=\/wp\/v2\/posts\/12345\/revisions"}],"wp:featuredmedia":[{"embeddable":true,"href":"https:\/\/construcaocivil.siriusmarketingedesign.com.br\/index.php?rest_route=\/wp\/v2\/media\/12346"}],"wp:attachment":[{"href":"https:\/\/construcaocivil.siriusmarketingedesign.com.br\/index.php?rest_route=%2Fwp%2Fv2%2Fmedia&parent=12345"}],"wp:term":[{"taxonomy":"category","embeddable":true,"href":"https:\/\/construcaocivil.siriusmarketingedesign.com.br\/index.php?rest_route=%2Fwp%2Fv2%2Fcategories&post=12345"},{"taxonomy":"post_tag","embeddable":true,"href":"https:\/\/construcaocivil.siriusmarketingedesign.com.br\/index.php?rest_route=%2Fwp%2Fv2%2Ftags&post=12345"}],"curies":[{"name":"wp","href":"https:\/\/api.w.org\/{rel}","templated":true}]}}