{"id":12364,"date":"2019-08-14T14:08:54","date_gmt":"2019-08-14T17:08:54","guid":{"rendered":"https:\/\/www.jornaldaconstrucaocivil.com.br\/?p=12364"},"modified":"2019-08-14T14:08:54","modified_gmt":"2019-08-14T17:08:54","slug":"13a-edicao-do-dia-da-construcao-social-promove-a-conscientizacao-da-importancia-do-voto","status":"publish","type":"post","link":"https:\/\/construcaocivil.siriusmarketingedesign.com.br\/?p=12364","title":{"rendered":"13\u00aa edi\u00e7\u00e3o do Dia da Constru\u00e7\u00e3o Social promove a conscientiza\u00e7\u00e3o da import\u00e2ncia do voto"},"content":{"rendered":"<p style=\"font-weight: 400; text-align: justify;\"><span style=\"color: #993300;\">Agosto, 2019<\/span> &#8211; No pr\u00f3ximo <strong>dia 17\/08<\/strong>, s\u00e1bado, ser\u00e1 celebrado o\u00a0<strong>Dia Nacional da Constru\u00e7\u00e3o Social (DNCS),\u00a0<\/strong>o maior evento de Responsabilidade Social brasileira, que acontecer\u00e1\u00a0<strong>simultaneamente em 30 localidades do Brasil<\/strong>. Promovido\u00a0pela C\u00e2mara Brasileira da Ind\u00fastria da Constru\u00e7\u00e3o (CBIC) e entidades associadas \u00e0 ind\u00fastria da constru\u00e7\u00e3o, o DNCS\u00a0j\u00e1 integra o calend\u00e1rio anual do setor da constru\u00e7\u00e3o com ampla programa\u00e7\u00e3o\u00a0oferecendo\u00a0<strong>um dia inteiro de assist\u00eancia gratuita\u00a0aos trabalhadores e seus familiares\u00a0em todo o pa\u00eds nas \u00e1reas de sa\u00fade, lazer, cidadania e educa\u00e7\u00e3o, al\u00e9m de oferecer atividades recreativas, esportivas e culturais.<\/strong>\u00a0\u00a0A cada nova edi\u00e7\u00e3o s\u00e3o propostas a\u00e7\u00f5es diversificadas de acordo com as condi\u00e7\u00f5es e demandas das localidades participantes. Em 13 anos de exist\u00eancia, o DNCS j\u00e1 prestou mais de 4 milh\u00f5es de atendimentos beneficiando cerca de 850 mil trabalhadores do setor da constru\u00e7\u00e3o. S\u00f3 no Rio de Janeiro, no ano passado foram reunidas mais de 3 mil mil pessoas e realizados cerca de 15 mil atendimentos.\u00a0 O evento, somado \u00e0s atividades realizadas nos canteiros de obra, tem contribu\u00eddo pra a busca de novas perspectivas profissionais dos trabalhadores da constru\u00e7\u00e3o civil, aumento da auto-estima e fideliza\u00e7\u00e3o empregat\u00edcia ao setor.<\/p>\n<figure id=\"attachment_12366\" aria-describedby=\"caption-attachment-12366\" style=\"width: 237px\" class=\"wp-caption alignleft\"><img loading=\"lazy\" decoding=\"async\" class=\"size-full wp-image-12366\" src=\"https:\/\/www.jornaldaconstrucaocivil.com.br\/wp-content\/uploads\/2019\/08\/AAD.jpg\" alt=\"\" width=\"237\" height=\"165\" \/><figcaption id=\"caption-attachment-12366\" class=\"wp-caption-text\">Divulga\u00e7\u00e3o<\/figcaption><\/figure>\n<p style=\"font-weight: 400; text-align: justify;\">Sob o mote\u00a0<strong><em>&#8220;O Mundo Est\u00e1 Mudando. E voc\u00ea?&#8221;,<\/em><\/strong>\u00a0o\u00a0<strong>Seconci-Rio realizar\u00e1 o evento em sua sede na Pra\u00e7a da Bandeira, das 9h \u00e0s 16h,<\/strong> oferecendo servi\u00e7os como vacina\u00e7\u00e3o, audiometria, aplica\u00e7\u00e3o de fl\u00faor e escova\u00e7\u00e3o, verifica\u00e7\u00e3o de press\u00e3o arterial, rastreamento oftalmol\u00f3gico, orienta\u00e7\u00e3o sobre c\u00e2ncer bucal , massagem, shiatsu, corte de cabelo, oficina de artesanato, orienta\u00e7\u00e3o vocacional, oficinas de pintura e inscri\u00e7\u00f5es em in\u00fameros cursos gratuitos, al\u00e9m de recrea\u00e7\u00e3o infantil, pra\u00e7a com brinquedos infl\u00e1veis, esquetes teatrais, conta\u00e7\u00e3o de hist\u00f3rias e muito mais. Haver\u00e1 um parquinho infantil com piscina de bolas, cama el\u00e1stica e muitas outras atra\u00e7\u00f5es para divertir as crian\u00e7as, que poder\u00e3o se deliciar com guloseimas como bolos, pipoca, cachorro-quente, churros, massas e refrigerantes servidos aos presentes, gratuitamente.<\/p>\n<p style=\"font-weight: 400; text-align: justify;\">A edi\u00e7\u00e3o de 2019 oferecer\u00e1 ao participante uma s\u00e9rie de a\u00e7\u00f5es para que ele possa conhecer a mudan\u00e7as que est\u00e3o ocorrendo no segmento da constru\u00e7\u00e3o civil, visando uma ind\u00fastria cada vez mais produtiva com resultados relevantes para a sociedade. Segundo Ana Claudia Gomes, Gerente de Rela\u00e7\u00f5es Institucionais do Seconci-Rio,\u00a0<em>&#8220;o DNCS deste ano tem o grande desafio de despertar o trabalhador da constru\u00e7\u00e3o civil atrav\u00e9s de cursos de capacita\u00e7\u00e3o. Novos materiais e t\u00e9cnicas surgiram, processos mais modernos est\u00e3o sendo utilizados e \u00e9 de responsabilidade do empregador ajudar o trabalhador nesta prepara\u00e7\u00e3o para o futuro do mercado de trabalho&#8221;\u00a0<\/em>\u2013 conta ela.<\/p>\n<p style=\"font-weight: 400; text-align: justify;\">O DNCS e todas as suas atividades s\u00e3o franqueadas ao trabalhador da Constru\u00e7\u00e3o Civil e seus familiares e os<strong>\u00a0interessados devem se inscrever no site\u00a0<\/strong><span style=\"color: #0000ff;\"><a style=\"color: #0000ff;\" href=\"http:\/\/www.seconci-rio.com.br\/\"><strong>www.seconci-rio.com.br<\/strong><\/a><\/span><strong>\u00a0<\/strong><strong>para a retirada da pulseira de ingresso na sede, at\u00e9 o dia 16 de agosto \u00e0s 12h.\u00a0<\/strong>O Seconci-Rio fica na Rua Para, 141 \u2013 Pra\u00e7a da Bandeira \u2013 Tel: 2101-2555.<\/p>\n<p>Fonte: Imprensa\/Seconci-Rio<\/p>\n","protected":false},"excerpt":{"rendered":"<p>Agosto, 2019 &#8211; No pr\u00f3ximo dia 17\/08, s\u00e1bado, ser\u00e1 celebrado o\u00a0Dia Nacional da Constru\u00e7\u00e3o Social (DNCS),\u00a0o maior evento de Responsabilidade Social brasileira, que acontecer\u00e1\u00a0simultaneamente em 30 localidades do Brasil. Promovido\u00a0pela C\u00e2mara Brasileira da Ind\u00fastria da Constru\u00e7\u00e3o (CBIC) e entidades associadas \u00e0 ind\u00fastria da constru\u00e7\u00e3o, o DNCS\u00a0j\u00e1 integra o calend\u00e1rio anual do setor da constru\u00e7\u00e3o com [&hellip;]<\/p>\n","protected":false},"author":1,"featured_media":12365,"comment_status":"open","ping_status":"open","sticky":false,"template":"","format":"standard","meta":{"_uag_custom_page_level_css":"","footnotes":""},"categories":[27],"tags":[17229,17226,17228,2826,3626,6756,8416,17227,17230,10375,10693,10732,17225],"class_list":["post-12364","post","type-post","status-publish","format-standard","has-post-thumbnail","hentry","category-acontece","tag-13a-edicao-do-dia-da-construcao-social","tag-atividades-culturais","tag-cidadania-e-educacao","tag-construcao-civil","tag-dia-nacional-da-construcao-social-dncs","tag-lazer","tag-oficina-de-artesanato","tag-praca-da-bandeira-maracana","tag-profissionais-da-construcao-civil-e-familiares","tag-rio-de-janeiro","tag-saude","tag-seconci-rio","tag-servicos-medicos-gratuitos-pressao-alta"],"blocksy_meta":[],"spectra_blocks_featured_image_url":{"thumbnail":{"url":"https:\/\/construcaocivil.siriusmarketingedesign.com.br\/wp-content\/uploads\/2019\/08\/AA-DIA-NACIONAL-DA-CONSTRUC\u0327A\u0303O-CIVIL-OK-150x150.jpg","width":150,"height":150},"medium":{"url":"https:\/\/construcaocivil.siriusmarketingedesign.com.br\/wp-content\/uploads\/2019\/08\/AA-DIA-NACIONAL-DA-CONSTRUC\u0327A\u0303O-CIVIL-OK-300x200.jpg","width":300,"height":200},"medium_large":{"url":"https:\/\/construcaocivil.siriusmarketingedesign.com.br\/wp-content\/uploads\/2019\/08\/AA-DIA-NACIONAL-DA-CONSTRUC\u0327A\u0303O-CIVIL-OK.jpg","width":308,"height":205},"large":{"url":"https:\/\/construcaocivil.siriusmarketingedesign.com.br\/wp-content\/uploads\/2019\/08\/AA-DIA-NACIONAL-DA-CONSTRUC\u0327A\u0303O-CIVIL-OK.jpg","width":308,"height":205},"full":{"url":"https:\/\/construcaocivil.siriusmarketingedesign.com.br\/wp-content\/uploads\/2019\/08\/AA-DIA-NACIONAL-DA-CONSTRUC\u0327A\u0303O-CIVIL-OK.jpg","width":308,"height":205}},"spectra_blocks_author_info":{"display_name":"Jornal da Constru\u00e7\u00e3o Civil","avatar_url":"https:\/\/secure.gravatar.com\/avatar\/973c9774fd44ddaceb026973c4962faa70fc512bc4c9da68e8ebb40fecee6540?s=96&d=mm&r=g","author_link":"https:\/\/construcaocivil.siriusmarketingedesign.com.br\/?author=1","description":"Desde de 2013, levando muitas informa\u00e7\u00f5es, lan\u00e7amentos e produtos de qualidade para toda cadeia produtiva da constru\u00e7\u00e3o. O Futuro da constru\u00e7\u00e3o passa por aqui,"},"uagb_featured_image_src":{"full":["https:\/\/construcaocivil.siriusmarketingedesign.com.br\/wp-content\/uploads\/2019\/08\/AA-DIA-NACIONAL-DA-CONSTRUC\u0327A\u0303O-CIVIL-OK.jpg",308,205,false],"thumbnail":["https:\/\/construcaocivil.siriusmarketingedesign.com.br\/wp-content\/uploads\/2019\/08\/AA-DIA-NACIONAL-DA-CONSTRUC\u0327A\u0303O-CIVIL-OK-150x150.jpg",150,150,true],"medium":["https:\/\/construcaocivil.siriusmarketingedesign.com.br\/wp-content\/uploads\/2019\/08\/AA-DIA-NACIONAL-DA-CONSTRUC\u0327A\u0303O-CIVIL-OK-300x200.jpg",300,200,true],"medium_large":["https:\/\/construcaocivil.siriusmarketingedesign.com.br\/wp-content\/uploads\/2019\/08\/AA-DIA-NACIONAL-DA-CONSTRUC\u0327A\u0303O-CIVIL-OK.jpg",308,205,false],"large":["https:\/\/construcaocivil.siriusmarketingedesign.com.br\/wp-content\/uploads\/2019\/08\/AA-DIA-NACIONAL-DA-CONSTRUC\u0327A\u0303O-CIVIL-OK.jpg",308,205,false],"1536x1536":["https:\/\/construcaocivil.siriusmarketingedesign.com.br\/wp-content\/uploads\/2019\/08\/AA-DIA-NACIONAL-DA-CONSTRUC\u0327A\u0303O-CIVIL-OK.jpg",308,205,false],"2048x2048":["https:\/\/construcaocivil.siriusmarketingedesign.com.br\/wp-content\/uploads\/2019\/08\/AA-DIA-NACIONAL-DA-CONSTRUC\u0327A\u0303O-CIVIL-OK.jpg",308,205,false]},"uagb_author_info":{"display_name":"Jornal da Constru\u00e7\u00e3o Civil","author_link":"https:\/\/construcaocivil.siriusmarketingedesign.com.br\/?author=1"},"uagb_comment_info":0,"uagb_excerpt":"Agosto, 2019 &#8211; No pr\u00f3ximo dia 17\/08, s\u00e1bado, ser\u00e1 celebrado o\u00a0Dia Nacional da Constru\u00e7\u00e3o Social (DNCS),\u00a0o maior evento de Responsabilidade Social brasileira, que acontecer\u00e1\u00a0simultaneamente em 30 localidades do Brasil. Promovido\u00a0pela C\u00e2mara Brasileira da Ind\u00fastria da Constru\u00e7\u00e3o (CBIC) e entidades associadas \u00e0 ind\u00fastria da constru\u00e7\u00e3o, o DNCS\u00a0j\u00e1 integra o calend\u00e1rio anual do setor da constru\u00e7\u00e3o com&hellip;","_links":{"self":[{"href":"https:\/\/construcaocivil.siriusmarketingedesign.com.br\/index.php?rest_route=\/wp\/v2\/posts\/12364","targetHints":{"allow":["GET"]}}],"collection":[{"href":"https:\/\/construcaocivil.siriusmarketingedesign.com.br\/index.php?rest_route=\/wp\/v2\/posts"}],"about":[{"href":"https:\/\/construcaocivil.siriusmarketingedesign.com.br\/index.php?rest_route=\/wp\/v2\/types\/post"}],"author":[{"embeddable":true,"href":"https:\/\/construcaocivil.siriusmarketingedesign.com.br\/index.php?rest_route=\/wp\/v2\/users\/1"}],"replies":[{"embeddable":true,"href":"https:\/\/construcaocivil.siriusmarketingedesign.com.br\/index.php?rest_route=%2Fwp%2Fv2%2Fcomments&post=12364"}],"version-history":[{"count":0,"href":"https:\/\/construcaocivil.siriusmarketingedesign.com.br\/index.php?rest_route=\/wp\/v2\/posts\/12364\/revisions"}],"wp:featuredmedia":[{"embeddable":true,"href":"https:\/\/construcaocivil.siriusmarketingedesign.com.br\/index.php?rest_route=\/wp\/v2\/media\/12365"}],"wp:attachment":[{"href":"https:\/\/construcaocivil.siriusmarketingedesign.com.br\/index.php?rest_route=%2Fwp%2Fv2%2Fmedia&parent=12364"}],"wp:term":[{"taxonomy":"category","embeddable":true,"href":"https:\/\/construcaocivil.siriusmarketingedesign.com.br\/index.php?rest_route=%2Fwp%2Fv2%2Fcategories&post=12364"},{"taxonomy":"post_tag","embeddable":true,"href":"https:\/\/construcaocivil.siriusmarketingedesign.com.br\/index.php?rest_route=%2Fwp%2Fv2%2Ftags&post=12364"}],"curies":[{"name":"wp","href":"https:\/\/api.w.org\/{rel}","templated":true}]}}