{"id":12388,"date":"2019-08-16T13:00:55","date_gmt":"2019-08-16T16:00:55","guid":{"rendered":"https:\/\/www.jornaldaconstrucaocivil.com.br\/?p=12388"},"modified":"2019-08-16T13:00:55","modified_gmt":"2019-08-16T16:00:55","slug":"crise-economica-no-rio-estrutura-produtiva-oca-e-volatilidade-do-preco-do-petroleo","status":"publish","type":"post","link":"https:\/\/construcaocivil.siriusmarketingedesign.com.br\/?p=12388","title":{"rendered":"Crise econ\u00f4mica no Rio: estrutura produtiva \u201coca\u201d e volatilidade do pre\u00e7o do petr\u00f3leo"},"content":{"rendered":"<p style=\"text-align: justify;\"><span style=\"color: #993300;\">Agosto, 2019 <\/span>&#8211; O primeiro debate do<span style=\"color: #0000ff;\"><em><strong> \u201cCiclo de palestras Corecon-RJ e Rede Pr\u00f3-Rio: uma agenda para o Rio e seus munic\u00edpios\u201d<\/strong><\/em> <\/span>reuniu na quarta-feira, 14 de agosto, na sede do Conselho Regional de Economia do Rio de Janeiro (Corecon-RJ), dezenas de economistas, acad\u00eamicos, pol\u00edticos, pesquisadores e intelectuais. O encontro foi o primeiro de uma s\u00e9rie de eventos, que tem como objetivo apontar caminhos para o Rio de Janeiro superar a atual crise econ\u00f4mica.<\/p>\n<p style=\"text-align: justify;\">Paula Nazareth, do Tribunal de Contas do Estado do Rio de Janeiro, tra\u00e7ou um hist\u00f3rico da involu\u00e7\u00e3o institucional do Rio de Janeiro, de capital federal para capital estadual. Ela apontou a fragilidade da depend\u00eancia dos recursos advindos da explora\u00e7\u00e3o do petr\u00f3leo, cujo pre\u00e7o \u00e9 inst\u00e1vel. A economista tamb\u00e9m ressaltou a distribui\u00e7\u00e3o desigual dos recursos entre os munic\u00edpios do estado.<\/p>\n<p style=\"text-align: justify;\">Bruno Sobral, integrante da coordena\u00e7\u00e3o da Rede Pr\u00f3-Rio, lembrou que o Estado do Rio de Janeiro tem o segundo maior PIB do pa\u00eds, mas \u00e9 superado por Minas Gerais em termos de receita tribut\u00e1ria.<\/p>\n<p style=\"text-align: justify;\"><span style=\"color: #993300;\"><em>\u201cNossa estrutura produtiva \u00e9 <strong>\u2018oca\u2019.<\/strong> A ind\u00fastria de transforma\u00e7\u00e3o tem um peso pequeno no nosso estado. Os recursos do petr\u00f3leo serviram como um v\u00e9u para esconder a situa\u00e7\u00e3o durante algum tempo, mas n\u00e3o s\u00e3o suficientes para compensar essa defici\u00eancia,\u201d<\/em> <\/span>afirma Bruno Sobral.<\/p>\n<p style=\"text-align: justify;\">Ricardo Lodi, da Uerj, criticou a excessiva centraliza\u00e7\u00e3o da arrecada\u00e7\u00e3o tribut\u00e1ria nos cofres da Uni\u00e3o. As limita\u00e7\u00f5es or\u00e7ament\u00e1rias dos estados e munic\u00edpios, respons\u00e1veis pelos principais servi\u00e7os p\u00fablicos, como Sa\u00fade e Educa\u00e7\u00e3o, impactam o bem-estar da popula\u00e7\u00e3o.<\/p>\n<p style=\"text-align: justify;\">Fernando Gaiger, do Ipea, enfatizou a import\u00e2ncia dos investimentos em Educa\u00e7\u00e3o e Sa\u00fade para a redu\u00e7\u00e3o da desigualdade de distribui\u00e7\u00e3o de renda. Na contram\u00e3o do receitu\u00e1rio neoliberal, defendeu a manuten\u00e7\u00e3o de um Estado forte e carga tribut\u00e1ria alta, que permitam uma melhora paulatina nos servi\u00e7os prestados aos cidad\u00e3os.<\/p>\n<p style=\"text-align: justify;\">O segundo encontro do ciclo de palestras acontecer\u00e1 em 18 de setembro com o tema <strong><span style=\"color: #0000ff;\">\u201cEstrutura produtiva e mercado de trabalho no Rio de Janeiro.\u201d<\/span><\/strong><\/p>\n<p>Fonte: Imprensa\/Corecon-RJ<\/p>\n","protected":false},"excerpt":{"rendered":"<p>Agosto, 2019 &#8211; O primeiro debate do \u201cCiclo de palestras Corecon-RJ e Rede Pr\u00f3-Rio: uma agenda para o Rio e seus munic\u00edpios\u201d reuniu na quarta-feira, 14 de agosto, na sede do Conselho Regional de Economia do Rio de Janeiro (Corecon-RJ), dezenas de economistas, acad\u00eamicos, pol\u00edticos, pesquisadores e intelectuais. O encontro foi o primeiro de uma [&hellip;]<\/p>\n","protected":false},"author":1,"featured_media":12389,"comment_status":"open","ping_status":"open","sticky":false,"template":"","format":"standard","meta":{"_uag_custom_page_level_css":"","footnotes":""},"categories":[33],"tags":[17253,17254,17250,17249,17252,17257,17255,17256,17251],"class_list":["post-12388","post","type-post","status-publish","format-standard","has-post-thumbnail","hentry","category-mercado","tag-ciclo-de-palestras-corecon-rj","tag-corecon-rj","tag-crise-no-rio-preco-do-petroleo","tag-crise-no-rio-de-janeiro","tag-economista-e-pesquisadores-saidas-para-crise-do-rio","tag-empregos-e-renda-populacao-do-rio-de-janeiro-esta-sufocada","tag-estrutura-produtiva-e-mercado-de-trabalho-no-rio-de-janeiro","tag-rede-pro-rio","tag-saidas-para-economia-no-rio-de-janeiro"],"blocksy_meta":[],"spectra_blocks_featured_image_url":{"thumbnail":{"url":"https:\/\/construcaocivil.siriusmarketingedesign.com.br\/wp-content\/uploads\/2019\/08\/AB-CENTRO-_-EMPREGOS-150x150.jpg","width":150,"height":150},"medium":{"url":"https:\/\/construcaocivil.siriusmarketingedesign.com.br\/wp-content\/uploads\/2019\/08\/AB-CENTRO-_-EMPREGOS-300x161.jpg","width":300,"height":161},"medium_large":{"url":"https:\/\/construcaocivil.siriusmarketingedesign.com.br\/wp-content\/uploads\/2019\/08\/AB-CENTRO-_-EMPREGOS-768x413.jpg","width":768,"height":413},"large":{"url":"https:\/\/construcaocivil.siriusmarketingedesign.com.br\/wp-content\/uploads\/2019\/08\/AB-CENTRO-_-EMPREGOS.jpg","width":904,"height":486},"full":{"url":"https:\/\/construcaocivil.siriusmarketingedesign.com.br\/wp-content\/uploads\/2019\/08\/AB-CENTRO-_-EMPREGOS.jpg","width":904,"height":486}},"spectra_blocks_author_info":{"display_name":"Jornal da Constru\u00e7\u00e3o Civil","avatar_url":"https:\/\/secure.gravatar.com\/avatar\/973c9774fd44ddaceb026973c4962faa70fc512bc4c9da68e8ebb40fecee6540?s=96&d=mm&r=g","author_link":"https:\/\/construcaocivil.siriusmarketingedesign.com.br\/?author=1","description":"Desde de 2013, levando muitas informa\u00e7\u00f5es, lan\u00e7amentos e produtos de qualidade para toda cadeia produtiva da constru\u00e7\u00e3o. O Futuro da constru\u00e7\u00e3o passa por aqui,"},"uagb_featured_image_src":{"full":["https:\/\/construcaocivil.siriusmarketingedesign.com.br\/wp-content\/uploads\/2019\/08\/AB-CENTRO-_-EMPREGOS.jpg",904,486,false],"thumbnail":["https:\/\/construcaocivil.siriusmarketingedesign.com.br\/wp-content\/uploads\/2019\/08\/AB-CENTRO-_-EMPREGOS-150x150.jpg",150,150,true],"medium":["https:\/\/construcaocivil.siriusmarketingedesign.com.br\/wp-content\/uploads\/2019\/08\/AB-CENTRO-_-EMPREGOS-300x161.jpg",300,161,true],"medium_large":["https:\/\/construcaocivil.siriusmarketingedesign.com.br\/wp-content\/uploads\/2019\/08\/AB-CENTRO-_-EMPREGOS-768x413.jpg",768,413,true],"large":["https:\/\/construcaocivil.siriusmarketingedesign.com.br\/wp-content\/uploads\/2019\/08\/AB-CENTRO-_-EMPREGOS.jpg",904,486,false],"1536x1536":["https:\/\/construcaocivil.siriusmarketingedesign.com.br\/wp-content\/uploads\/2019\/08\/AB-CENTRO-_-EMPREGOS.jpg",904,486,false],"2048x2048":["https:\/\/construcaocivil.siriusmarketingedesign.com.br\/wp-content\/uploads\/2019\/08\/AB-CENTRO-_-EMPREGOS.jpg",904,486,false]},"uagb_author_info":{"display_name":"Jornal da Constru\u00e7\u00e3o Civil","author_link":"https:\/\/construcaocivil.siriusmarketingedesign.com.br\/?author=1"},"uagb_comment_info":0,"uagb_excerpt":"Agosto, 2019 &#8211; O primeiro debate do \u201cCiclo de palestras Corecon-RJ e Rede Pr\u00f3-Rio: uma agenda para o Rio e seus munic\u00edpios\u201d reuniu na quarta-feira, 14 de agosto, na sede do Conselho Regional de Economia do Rio de Janeiro (Corecon-RJ), dezenas de economistas, acad\u00eamicos, pol\u00edticos, pesquisadores e intelectuais. O encontro foi o primeiro de uma&hellip;","_links":{"self":[{"href":"https:\/\/construcaocivil.siriusmarketingedesign.com.br\/index.php?rest_route=\/wp\/v2\/posts\/12388","targetHints":{"allow":["GET"]}}],"collection":[{"href":"https:\/\/construcaocivil.siriusmarketingedesign.com.br\/index.php?rest_route=\/wp\/v2\/posts"}],"about":[{"href":"https:\/\/construcaocivil.siriusmarketingedesign.com.br\/index.php?rest_route=\/wp\/v2\/types\/post"}],"author":[{"embeddable":true,"href":"https:\/\/construcaocivil.siriusmarketingedesign.com.br\/index.php?rest_route=\/wp\/v2\/users\/1"}],"replies":[{"embeddable":true,"href":"https:\/\/construcaocivil.siriusmarketingedesign.com.br\/index.php?rest_route=%2Fwp%2Fv2%2Fcomments&post=12388"}],"version-history":[{"count":0,"href":"https:\/\/construcaocivil.siriusmarketingedesign.com.br\/index.php?rest_route=\/wp\/v2\/posts\/12388\/revisions"}],"wp:featuredmedia":[{"embeddable":true,"href":"https:\/\/construcaocivil.siriusmarketingedesign.com.br\/index.php?rest_route=\/wp\/v2\/media\/12389"}],"wp:attachment":[{"href":"https:\/\/construcaocivil.siriusmarketingedesign.com.br\/index.php?rest_route=%2Fwp%2Fv2%2Fmedia&parent=12388"}],"wp:term":[{"taxonomy":"category","embeddable":true,"href":"https:\/\/construcaocivil.siriusmarketingedesign.com.br\/index.php?rest_route=%2Fwp%2Fv2%2Fcategories&post=12388"},{"taxonomy":"post_tag","embeddable":true,"href":"https:\/\/construcaocivil.siriusmarketingedesign.com.br\/index.php?rest_route=%2Fwp%2Fv2%2Ftags&post=12388"}],"curies":[{"name":"wp","href":"https:\/\/api.w.org\/{rel}","templated":true}]}}