{"id":12434,"date":"2019-08-20T13:52:47","date_gmt":"2019-08-20T16:52:47","guid":{"rendered":"https:\/\/www.jornaldaconstrucaocivil.com.br\/?p=12434"},"modified":"2019-08-20T13:52:47","modified_gmt":"2019-08-20T16:52:47","slug":"destaque-na-casacor-rio-2019-carmen-mouro-apresenta-varanda-do-cais","status":"publish","type":"post","link":"https:\/\/construcaocivil.siriusmarketingedesign.com.br\/?p=12434","title":{"rendered":"Destaque na CasaCor Rio 2019: Carmen Mouro apresenta Varanda do Cais"},"content":{"rendered":"<p style=\"text-align: justify;\"><span style=\"color: #993300;\">Agosto, 2019<\/span> &#8211; Uma \u00e1rea despojada, elegante e contempor\u00e2nea \u00e9 o retrato da &#8220;Varanda do Cais&#8221;, espa\u00e7o criado pela arquiteta e paisagista Carmen Mouro, para a 28\u00aa edi\u00e7\u00e3o da CASACOR Rio de Janeiro, que acontece entre 20 de agosto a 29 de setembro, na Pra\u00e7a Mau\u00e1, Centro. A mostra que celebra anualmente o jeito de morar carioca, nesta edi\u00e7\u00e3o traz o<span style=\"color: #0000ff;\"> &#8220;Planeta Casa&#8221;<\/span> como tema principal.<\/p>\n<p style=\"text-align: justify;\">A<span style=\"color: #0000ff;\"><strong> &#8220;Varanda do Cais&#8221; <\/strong><\/span>com 60m\u00b2 conta com privilegiada vista da Ba\u00eda de Guanabara e foi inspirada no estilo Art D\u00e9co\/ecl\u00e9tico, que o edif\u00edcio hist\u00f3rico possui. Com materiais nobres, os m\u00f3veis Mac t\u00eam desenho exclusivo, retil\u00edneo, mesas com tampos de m\u00e1rmore Nero Marquina e poltronas de corda n\u00e1utica (cores e formatos s\u00e3o escolhas pessoais da arquiteta), que podem ser aplicados em ambientes outdoors como extens\u00e3o da casa. O piso em porcelanato slim de grande formato foi desenvolvido pela Portobello e os tapetes de \u00e1rea externa s\u00e3o da Casa Julio.<\/p>\n<figure id=\"attachment_12436\" aria-describedby=\"caption-attachment-12436\" style=\"width: 300px\" class=\"wp-caption alignleft\"><img loading=\"lazy\" decoding=\"async\" class=\"size-medium wp-image-12436\" src=\"https:\/\/www.jornaldaconstrucaocivil.com.br\/wp-content\/uploads\/2019\/08\/JCC-OK-300x261.jpg\" alt=\"\" width=\"300\" height=\"261\" srcset=\"https:\/\/construcaocivil.siriusmarketingedesign.com.br\/wp-content\/uploads\/2019\/08\/JCC-OK-300x261.jpg 300w, https:\/\/construcaocivil.siriusmarketingedesign.com.br\/wp-content\/uploads\/2019\/08\/JCC-OK.jpg 680w\" sizes=\"auto, (max-width: 300px) 100vw, 300px\" \/><figcaption id=\"caption-attachment-12436\" class=\"wp-caption-text\">Carmen Mouro(centro) &#8211; Varanda do Cais&#8221;,.<\/figcaption><\/figure>\n<p style=\"text-align: justify;\">O verde, presente em todo o espa\u00e7o, ganha destaque com um imponente jardim vertical de 30m\u00b2 que recebeu plantas como Costela de Ad\u00e3o, aspargos, jiboias, samambaias, trapoeraba e liriopes.<\/p>\n<p style=\"text-align: justify;\">Com a arquitetura sustent\u00e1vel em voga, todos os m\u00f3veis, tecidos e madeiras s\u00e3o certificados. Al\u00e9m de maior vida \u00fatil e economia de 80%, as lumin\u00e1rias de LED s\u00e3o ideais para as plantas, pois evitam seu superaquecimento. De f\u00e1cil manuten\u00e7\u00e3o, o jardim vertical possui sistema de irriga\u00e7\u00e3o automatizada, que pode ser controlada por celular ou tablet. A rega do jardim \u00e9 feita de maneira programada e evita o desperd\u00edcio de \u00e1gua, oferecendo vantagens ambientais e prevenindo o excesso de \u00e1gua para as plantas.<\/p>\n<p style=\"text-align: justify;\">Um dos grandes atrativos do ambiente \u00e9 o vidro com pel\u00edcula para alta resolu\u00e7\u00e3o de 100&#8243;, onde imagens, v\u00eddeos e shows animar\u00e3o o espa\u00e7o e far\u00e3o as honras do ambiente (Maison de La Musique).<\/p>\n<p style=\"text-align: justify;\">Al\u00e9m da parceria com Gisele Taranto, Carmen Mouro assina seu pr\u00f3prio ambiente na mostra, a Varanda do Cais de 60m\u00b2, inspirada no estilo Art Dec\u00f3, o teto da arquiteta Roberta Nicolau, (Wine bar) e arranjos ex\u00f3ticos para o arquiteto Sergio Novais, (Livraria).<\/p>\n<p style=\"text-align: justify;\"><strong>CASACOR Rio de Janeiro<\/strong><\/p>\n<p style=\"text-align: justify;\"><strong>Data:\u00a0<\/strong>20 de agosto a 29 de setembro de 2019<\/p>\n<p style=\"text-align: justify;\"><strong>Hor\u00e1rio:<\/strong>\u00a0De ter\u00e7a a s\u00e1bado, das 12h \u00e0s 21h\/ Domingo, das 12h \u00e0s 20h<\/p>\n<p style=\"text-align: justify;\"><strong>Local:<\/strong>\u00a0Edif\u00edcio Touring &#8211; Av. Rodrigues Alves n\u00ba 10 &#8211; Pra\u00e7a Mau\u00e1, Centro<\/p>\n<p style=\"text-align: justify;\"><span style=\"text-decoration: underline;\"><span style=\"color: #0000ff; text-decoration: underline;\">wwww.casacor.abril.com.br\/mostras\/rio-de-janeiro<\/span><\/span><\/p>\n<p><span style=\"text-decoration: underline;\"><span style=\"color: #0000ff;\"><a style=\"color: #0000ff; text-decoration: underline;\" href=\"https:\/\/ydigeatreribidilegebege.i-mpr.com\/link.php?code=bDpodHRwJTNBJTJGJTJGd3d3LmNhcm1lbm1vdXJvLmNvbS5iciUyRjozODYyODUxNzEwOnJlZGFjYW9Aam9ybmFsZGFjb25zdHJ1Y2FvY2l2aWwuY29tLmJyOjRmMDQyOQ==\" target=\"_blank\" rel=\"noopener noreferrer\">www.carmenmouro.com.br<\/a><\/span><\/span><\/p>\n<p style=\"text-align: justify;\"><strong>Carmen Mouro Arquitetura e Paisagismo<\/strong><\/p>\n<p>Fonte: Imprensa\/ Carmen Mouro Arquitetura e Paisagismo<\/p>\n","protected":false},"excerpt":{"rendered":"<p>Agosto, 2019 &#8211; Uma \u00e1rea despojada, elegante e contempor\u00e2nea \u00e9 o retrato da &#8220;Varanda do Cais&#8221;, espa\u00e7o criado pela arquiteta e paisagista Carmen Mouro, para a 28\u00aa edi\u00e7\u00e3o da CASACOR Rio de Janeiro, que acontece entre 20 de agosto a 29 de setembro, na Pra\u00e7a Mau\u00e1, Centro. A mostra que celebra anualmente o jeito de [&hellip;]<\/p>\n","protected":false},"author":1,"featured_media":12435,"comment_status":"open","ping_status":"open","sticky":false,"template":"","format":"standard","meta":{"_uag_custom_page_level_css":"","footnotes":""},"categories":[28],"tags":[17334,17336,17335,17333,1933,17331,1958,3382,13511,17330,17332,13547,9149,13548],"class_list":["post-12434","post","type-post","status-publish","format-standard","has-post-thumbnail","hentry","category-arquitetura","tag-varanda-do-cais","tag-art-deco","tag-av-rodrigues-alves-no-10-pier-maua-rj","tag-carmem-moura-arquiteta-e-paisagista","tag-casa-e-decoracao","tag-casacor-rio-2019-planeta-casa","tag-casacor-rio-de-janeiro","tag-deca","tag-design-de-interiores-e-paisagismo","tag-dicas-de-projetos-e-designer","tag-paisagismo-e-urbanismo","tag-portinari","tag-porto-maravilha","tag-portobello"],"blocksy_meta":[],"spectra_blocks_featured_image_url":{"thumbnail":{"url":"https:\/\/construcaocivil.siriusmarketingedesign.com.br\/wp-content\/uploads\/2019\/08\/AA-B-CARMEM-OK-150x150.jpg","width":150,"height":150},"medium":{"url":"https:\/\/construcaocivil.siriusmarketingedesign.com.br\/wp-content\/uploads\/2019\/08\/AA-B-CARMEM-OK-300x200.jpg","width":300,"height":200},"medium_large":{"url":"https:\/\/construcaocivil.siriusmarketingedesign.com.br\/wp-content\/uploads\/2019\/08\/AA-B-CARMEM-OK.jpg","width":709,"height":473},"large":{"url":"https:\/\/construcaocivil.siriusmarketingedesign.com.br\/wp-content\/uploads\/2019\/08\/AA-B-CARMEM-OK.jpg","width":709,"height":473},"full":{"url":"https:\/\/construcaocivil.siriusmarketingedesign.com.br\/wp-content\/uploads\/2019\/08\/AA-B-CARMEM-OK.jpg","width":709,"height":473}},"spectra_blocks_author_info":{"display_name":"Jornal da Constru\u00e7\u00e3o Civil","avatar_url":"https:\/\/secure.gravatar.com\/avatar\/973c9774fd44ddaceb026973c4962faa70fc512bc4c9da68e8ebb40fecee6540?s=96&d=mm&r=g","author_link":"https:\/\/construcaocivil.siriusmarketingedesign.com.br\/?author=1","description":"Desde de 2013, levando muitas informa\u00e7\u00f5es, lan\u00e7amentos e produtos de qualidade para toda cadeia produtiva da constru\u00e7\u00e3o. O Futuro da constru\u00e7\u00e3o passa por aqui,"},"uagb_featured_image_src":{"full":["https:\/\/construcaocivil.siriusmarketingedesign.com.br\/wp-content\/uploads\/2019\/08\/AA-B-CARMEM-OK.jpg",709,473,false],"thumbnail":["https:\/\/construcaocivil.siriusmarketingedesign.com.br\/wp-content\/uploads\/2019\/08\/AA-B-CARMEM-OK-150x150.jpg",150,150,true],"medium":["https:\/\/construcaocivil.siriusmarketingedesign.com.br\/wp-content\/uploads\/2019\/08\/AA-B-CARMEM-OK-300x200.jpg",300,200,true],"medium_large":["https:\/\/construcaocivil.siriusmarketingedesign.com.br\/wp-content\/uploads\/2019\/08\/AA-B-CARMEM-OK.jpg",709,473,false],"large":["https:\/\/construcaocivil.siriusmarketingedesign.com.br\/wp-content\/uploads\/2019\/08\/AA-B-CARMEM-OK.jpg",709,473,false],"1536x1536":["https:\/\/construcaocivil.siriusmarketingedesign.com.br\/wp-content\/uploads\/2019\/08\/AA-B-CARMEM-OK.jpg",709,473,false],"2048x2048":["https:\/\/construcaocivil.siriusmarketingedesign.com.br\/wp-content\/uploads\/2019\/08\/AA-B-CARMEM-OK.jpg",709,473,false]},"uagb_author_info":{"display_name":"Jornal da Constru\u00e7\u00e3o Civil","author_link":"https:\/\/construcaocivil.siriusmarketingedesign.com.br\/?author=1"},"uagb_comment_info":0,"uagb_excerpt":"Agosto, 2019 &#8211; Uma \u00e1rea despojada, elegante e contempor\u00e2nea \u00e9 o retrato da &#8220;Varanda do Cais&#8221;, espa\u00e7o criado pela arquiteta e paisagista Carmen Mouro, para a 28\u00aa edi\u00e7\u00e3o da CASACOR Rio de Janeiro, que acontece entre 20 de agosto a 29 de setembro, na Pra\u00e7a Mau\u00e1, Centro. A mostra que celebra anualmente o jeito de&hellip;","_links":{"self":[{"href":"https:\/\/construcaocivil.siriusmarketingedesign.com.br\/index.php?rest_route=\/wp\/v2\/posts\/12434","targetHints":{"allow":["GET"]}}],"collection":[{"href":"https:\/\/construcaocivil.siriusmarketingedesign.com.br\/index.php?rest_route=\/wp\/v2\/posts"}],"about":[{"href":"https:\/\/construcaocivil.siriusmarketingedesign.com.br\/index.php?rest_route=\/wp\/v2\/types\/post"}],"author":[{"embeddable":true,"href":"https:\/\/construcaocivil.siriusmarketingedesign.com.br\/index.php?rest_route=\/wp\/v2\/users\/1"}],"replies":[{"embeddable":true,"href":"https:\/\/construcaocivil.siriusmarketingedesign.com.br\/index.php?rest_route=%2Fwp%2Fv2%2Fcomments&post=12434"}],"version-history":[{"count":0,"href":"https:\/\/construcaocivil.siriusmarketingedesign.com.br\/index.php?rest_route=\/wp\/v2\/posts\/12434\/revisions"}],"wp:featuredmedia":[{"embeddable":true,"href":"https:\/\/construcaocivil.siriusmarketingedesign.com.br\/index.php?rest_route=\/wp\/v2\/media\/12435"}],"wp:attachment":[{"href":"https:\/\/construcaocivil.siriusmarketingedesign.com.br\/index.php?rest_route=%2Fwp%2Fv2%2Fmedia&parent=12434"}],"wp:term":[{"taxonomy":"category","embeddable":true,"href":"https:\/\/construcaocivil.siriusmarketingedesign.com.br\/index.php?rest_route=%2Fwp%2Fv2%2Fcategories&post=12434"},{"taxonomy":"post_tag","embeddable":true,"href":"https:\/\/construcaocivil.siriusmarketingedesign.com.br\/index.php?rest_route=%2Fwp%2Fv2%2Ftags&post=12434"}],"curies":[{"name":"wp","href":"https:\/\/api.w.org\/{rel}","templated":true}]}}