{"id":12438,"date":"2019-08-21T11:15:28","date_gmt":"2019-08-21T14:15:28","guid":{"rendered":"https:\/\/www.jornaldaconstrucaocivil.com.br\/?p=12438"},"modified":"2019-08-21T11:15:28","modified_gmt":"2019-08-21T14:15:28","slug":"amazonia-sob-ataque-queimadas-tem-aumento-de-145-em-2019","status":"publish","type":"post","link":"https:\/\/construcaocivil.siriusmarketingedesign.com.br\/?p=12438","title":{"rendered":"Amaz\u00f4nia sob ataque: queimadas t\u00eam aumento de 145% em 2019"},"content":{"rendered":"<p><span style=\"color: #993300;\">Por Greenpeace Brasil<\/span><\/p>\n<p style=\"text-align: justify;\"><span style=\"color: #000080;\">Agosto, 2019<\/span> &#8211; Nos \u00faltimos dias a \u00e1gua dos Rios Voadores, que transportam pela atmosfera a umidade da Amaz\u00f4nia para todo o sul e centro-oeste do continente, foi substitu\u00edda por fuma\u00e7a, que chegou a ser notada nos estados de S\u00e3o Paulo e Paran\u00e1. A causa? A quantidade de focos de inc\u00eandio registrados na Amaz\u00f4nia em 2019 \u00e9 uma das maiores dos \u00faltimos anos. De janeiro a 20 de agosto, o n\u00famero de queimadas na regi\u00e3o foi 145% superior ao registrado no mesmo per\u00edodo de 2018.<\/p>\n<p style=\"text-align: justify;\">Na Amaz\u00f4nia brasileira, as taxas de alerta de desmatamento est\u00e3o ligadas \u00e0 incid\u00eancia de fogo, que \u00e9 uma das principais ferramentas usadas para desmatar. Dos dez munic\u00edpios da regi\u00e3o com maior n\u00famero de alertas registrado pelo sistema Deter (Inpe), oito tamb\u00e9m est\u00e3o no topo do ranking de queimadas.<\/p>\n<figure style=\"width: 232px\" class=\"wp-caption alignright\"><img loading=\"lazy\" decoding=\"async\" src=\"https:\/\/storage.googleapis.com\/planet4-brasil-stateless\/2019\/08\/4343db7e-mapa_br163_10082019_3-232x300.jpg\" alt=\"\" width=\"232\" height=\"300\" \/><figcaption class=\"wp-caption-text\">Pontos em rosa escuro mostram focos de calor registrados no \u201cDia de Fogo\u201d pr\u00f3ximo \u00e0 BR-163. (Greenpeace)<\/figcaption><\/figure>\n<p style=\"text-align: justify;\">Nos dias 10 e 11 deste m\u00eas, fazendeiros do entorno da BR-163 anunciaram que fariam um \u201cdia de fogo\u201d, segundo noticiaram jornais locais e a\u00a0<span style=\"text-decoration: underline;\"><span style=\"color: #0000ff; text-decoration: underline;\"><a style=\"color: #0000ff; text-decoration: underline;\" href=\"https:\/\/www1.folha.uol.com.br\/ambiente\/2019\/08\/em-dia-do-fogo-sul-do-pa-registra-disparo-no-numero-de-queimadas.shtml\">Folha de S\u00e3o Paulo<\/a>.<\/span> <\/span>A a\u00e7\u00e3o coordenada fez o n\u00famero de focos de calor aumentar 300% de um dia para o outro na principal cidade da regi\u00e3o, Novo Progresso.<\/p>\n<div class=\"container\" style=\"text-align: justify;\">\n<div class=\"post-content\">\n<div class=\"post-content-lead\">\n<article class=\"post-details clearfix\">\u201cOs que desmatam e destroem a Amaz\u00f4nia se sentem encorajados pelo discurso e pelas a\u00e7\u00f5es do governo Bolsonaro que, desde que tomou posse, tem praticado um verdadeiro desmonte da pol\u00edtica ambiental do pa\u00eds\u201d, declara Danicley Aguiar, da campanha Amaz\u00f4nia do Greenpeace.<\/p>\n<p>Apenas o recente ataque feito pelo governo contra o Fundo Amaz\u00f4nia j\u00e1 resultou no bloqueio de R$ 288 milh\u00f5es em\u00a0<span style=\"text-decoration: underline;\"><span style=\"color: #0000ff;\"><a style=\"color: #0000ff; text-decoration: underline;\" href=\"https:\/\/sustentabilidade.estadao.com.br\/noticias\/geral,noruega-bloqueia-repasse-de-mais-de-r-130-milhoes-para-preservacao-da-amazonia,70002968928\">doa\u00e7\u00f5es da Noruega e da Alemanha<\/a><\/span><\/span>, trazendo consequ\u00eancias perversas para o combate ao desmatamento e ao fogo na Amaz\u00f4nia. No fim de 2018, as a\u00e7\u00f5es de monitoramento e controle, entre elas preven\u00e7\u00e3o e combate a inc\u00eandios florestais e queimadas n\u00e3o autorizadas, representavam 47% do valor destinado aos projetos apoiados pelo Fundo, totalizando R$ 891 milh\u00f5es. Desse total, cerca de 90% foram destinados a projetos<\/p>\n<p>implementados por entidades da administra\u00e7\u00e3o p\u00fablica brasileira (governos federal, estaduais e municipais), revelando a import\u00e2ncia estrat\u00e9gica do Fundo para a conserva\u00e7\u00e3o da Amaz\u00f4nia.<\/p>\n<p>As queimadas e as mudan\u00e7as clim\u00e1ticas operam em um ciclo vicioso: quanto mais queimadas, mais emiss\u00f5es de gases de efeito estufa e, quanto mais o planeta aquece, maior ser\u00e1 a frequ\u00eancia de eventos extremos, tais como as grandes secas que passaram a ser recorrentes na Amaz\u00f4nia. Para al\u00e9m das emiss\u00f5es, o desmatamento colabora diretamente para uma mudan\u00e7a no padr\u00e3o de\u00a0 chuvas na regi\u00e3o, que amplia a dura\u00e7\u00e3o da esta\u00e7\u00e3o seca, afetando ainda mais a floresta, a biodiversidade, a agricultura e a sa\u00fade humana.<\/p>\n<p>Para mais informa\u00e7\u00f5es sobre o assunto acesse <span style=\"text-decoration: underline;\"><a href=\"http:\/\/www.greenpeace.org\/brasil\/\"><span style=\"color: #0000ff; text-decoration: underline;\">www.greenpeace.org\/brasil\/<\/span><\/a><\/span><\/p>\n<p>Fonte: Imprensa\/ \u00a0Greenpeace Brasil<\/p>\n<\/article>\n<\/div>\n<\/div>\n<\/div>\n<section class=\"article-listing\">\n<section class=\"block article-listing\">\n<div class=\"container\"><\/div>\n<\/section>\n<\/section>\n<p style=\"text-align: justify;\">\n","protected":false},"excerpt":{"rendered":"<p>Por Greenpeace Brasil Agosto, 2019 &#8211; Nos \u00faltimos dias a \u00e1gua dos Rios Voadores, que transportam pela atmosfera a umidade da Amaz\u00f4nia para todo o sul e centro-oeste do continente, foi substitu\u00edda por fuma\u00e7a, que chegou a ser notada nos estados de S\u00e3o Paulo e Paran\u00e1. A causa? A quantidade de focos de inc\u00eandio registrados [&hellip;]<\/p>\n","protected":false},"author":1,"featured_media":12439,"comment_status":"open","ping_status":"open","sticky":false,"template":"","format":"standard","meta":{"_uag_custom_page_level_css":"","footnotes":""},"categories":[37],"tags":[17339,17337,17340,1569,17341,5626,7438,17338,17342,10501],"class_list":["post-12438","post","type-post","status-publish","format-standard","has-post-thumbnail","hentry","category-sustentabilidade","tag-alemanha-suspende-r-150-milhoes-para-o-fundo-amazonia","tag-amazonia-pega-fogo-regiao-norte","tag-animais-silvestres-mortos","tag-brasilia","tag-governo-federal-agrava-crise-ambiental","tag-greenpeace-brasil","tag-meio-ambiente","tag-prejuizos-para-o-brasil","tag-queimadas-afeta-sao-paulo","tag-roraima"],"blocksy_meta":[],"spectra_blocks_featured_image_url":{"thumbnail":{"url":"https:\/\/construcaocivil.siriusmarketingedesign.com.br\/wp-content\/uploads\/2019\/08\/AMAZ\u00d4NIA-150x150.jpg","width":150,"height":150},"medium":{"url":"https:\/\/construcaocivil.siriusmarketingedesign.com.br\/wp-content\/uploads\/2019\/08\/AMAZ\u00d4NIA-300x200.jpg","width":300,"height":200},"medium_large":{"url":"https:\/\/construcaocivil.siriusmarketingedesign.com.br\/wp-content\/uploads\/2019\/08\/AMAZ\u00d4NIA-768x512.jpg","width":768,"height":512},"large":{"url":"https:\/\/construcaocivil.siriusmarketingedesign.com.br\/wp-content\/uploads\/2019\/08\/AMAZ\u00d4NIA.jpg","width":800,"height":533},"full":{"url":"https:\/\/construcaocivil.siriusmarketingedesign.com.br\/wp-content\/uploads\/2019\/08\/AMAZ\u00d4NIA.jpg","width":800,"height":533}},"spectra_blocks_author_info":{"display_name":"Jornal da Constru\u00e7\u00e3o Civil","avatar_url":"https:\/\/secure.gravatar.com\/avatar\/973c9774fd44ddaceb026973c4962faa70fc512bc4c9da68e8ebb40fecee6540?s=96&d=mm&r=g","author_link":"https:\/\/construcaocivil.siriusmarketingedesign.com.br\/?author=1","description":"Desde de 2013, levando muitas informa\u00e7\u00f5es, lan\u00e7amentos e produtos de qualidade para toda cadeia produtiva da constru\u00e7\u00e3o. O Futuro da constru\u00e7\u00e3o passa por aqui,"},"uagb_featured_image_src":{"full":["https:\/\/construcaocivil.siriusmarketingedesign.com.br\/wp-content\/uploads\/2019\/08\/AMAZ\u00d4NIA.jpg",800,533,false],"thumbnail":["https:\/\/construcaocivil.siriusmarketingedesign.com.br\/wp-content\/uploads\/2019\/08\/AMAZ\u00d4NIA-150x150.jpg",150,150,true],"medium":["https:\/\/construcaocivil.siriusmarketingedesign.com.br\/wp-content\/uploads\/2019\/08\/AMAZ\u00d4NIA-300x200.jpg",300,200,true],"medium_large":["https:\/\/construcaocivil.siriusmarketingedesign.com.br\/wp-content\/uploads\/2019\/08\/AMAZ\u00d4NIA-768x512.jpg",768,512,true],"large":["https:\/\/construcaocivil.siriusmarketingedesign.com.br\/wp-content\/uploads\/2019\/08\/AMAZ\u00d4NIA.jpg",800,533,false],"1536x1536":["https:\/\/construcaocivil.siriusmarketingedesign.com.br\/wp-content\/uploads\/2019\/08\/AMAZ\u00d4NIA.jpg",800,533,false],"2048x2048":["https:\/\/construcaocivil.siriusmarketingedesign.com.br\/wp-content\/uploads\/2019\/08\/AMAZ\u00d4NIA.jpg",800,533,false]},"uagb_author_info":{"display_name":"Jornal da Constru\u00e7\u00e3o Civil","author_link":"https:\/\/construcaocivil.siriusmarketingedesign.com.br\/?author=1"},"uagb_comment_info":0,"uagb_excerpt":"Por Greenpeace Brasil Agosto, 2019 &#8211; Nos \u00faltimos dias a \u00e1gua dos Rios Voadores, que transportam pela atmosfera a umidade da Amaz\u00f4nia para todo o sul e centro-oeste do continente, foi substitu\u00edda por fuma\u00e7a, que chegou a ser notada nos estados de S\u00e3o Paulo e Paran\u00e1. A causa? A quantidade de focos de inc\u00eandio registrados&hellip;","_links":{"self":[{"href":"https:\/\/construcaocivil.siriusmarketingedesign.com.br\/index.php?rest_route=\/wp\/v2\/posts\/12438","targetHints":{"allow":["GET"]}}],"collection":[{"href":"https:\/\/construcaocivil.siriusmarketingedesign.com.br\/index.php?rest_route=\/wp\/v2\/posts"}],"about":[{"href":"https:\/\/construcaocivil.siriusmarketingedesign.com.br\/index.php?rest_route=\/wp\/v2\/types\/post"}],"author":[{"embeddable":true,"href":"https:\/\/construcaocivil.siriusmarketingedesign.com.br\/index.php?rest_route=\/wp\/v2\/users\/1"}],"replies":[{"embeddable":true,"href":"https:\/\/construcaocivil.siriusmarketingedesign.com.br\/index.php?rest_route=%2Fwp%2Fv2%2Fcomments&post=12438"}],"version-history":[{"count":0,"href":"https:\/\/construcaocivil.siriusmarketingedesign.com.br\/index.php?rest_route=\/wp\/v2\/posts\/12438\/revisions"}],"wp:featuredmedia":[{"embeddable":true,"href":"https:\/\/construcaocivil.siriusmarketingedesign.com.br\/index.php?rest_route=\/wp\/v2\/media\/12439"}],"wp:attachment":[{"href":"https:\/\/construcaocivil.siriusmarketingedesign.com.br\/index.php?rest_route=%2Fwp%2Fv2%2Fmedia&parent=12438"}],"wp:term":[{"taxonomy":"category","embeddable":true,"href":"https:\/\/construcaocivil.siriusmarketingedesign.com.br\/index.php?rest_route=%2Fwp%2Fv2%2Fcategories&post=12438"},{"taxonomy":"post_tag","embeddable":true,"href":"https:\/\/construcaocivil.siriusmarketingedesign.com.br\/index.php?rest_route=%2Fwp%2Fv2%2Ftags&post=12438"}],"curies":[{"name":"wp","href":"https:\/\/api.w.org\/{rel}","templated":true}]}}