{"id":12449,"date":"2019-08-22T13:37:44","date_gmt":"2019-08-22T16:37:44","guid":{"rendered":"https:\/\/www.jornaldaconstrucaocivil.com.br\/?p=12449"},"modified":"2019-08-22T13:37:44","modified_gmt":"2019-08-22T16:37:44","slug":"economistas-e-industriais-pedem-cautela-ao-governo-para-promover-maior-abertura-comercial","status":"publish","type":"post","link":"https:\/\/construcaocivil.siriusmarketingedesign.com.br\/?p=12449","title":{"rendered":"Economistas e industriais pedem cautela ao governo para promover maior abertura comercial"},"content":{"rendered":"<p><span style=\"color: #000080;\"><em>Do Instituto A\u00e7o Brasil\u00a0<\/em><\/span><\/p>\n<p style=\"text-align: justify;\"><span style=\"color: #993300;\">Agosto, 2019<\/span> &#8211; Embora a demanda pelo <span class=\"il\">a\u00e7o<\/span>\u00a0brasileiro tenha sido severamente reduzida nos \u00faltimos cinco anos, que a guerra comercial entre EUA e China e as medidas protetivas comerciais de v\u00e1rios pa\u00edses consumidores tenham provocado concorr\u00eancia desleal para a ind\u00fastria brasileira do\u00a0<span class=\"il\">a\u00e7o<\/span>\u00a0(por excesso de oferta de\u00a0<span class=\"il\">a\u00e7o<\/span>\u00a0mais barato no continente sul-americano), o governo federal afirma que ir\u00e1 promover iniciativas que promovam &#8220;a inser\u00e7\u00e3o econ\u00f4mica do\u00a0<span class=\"il\">Brasil<\/span>\u00a0na economia global&#8221;.<\/p>\n<p style=\"text-align: justify;\">No entanto, economistas e industriais presentes ao Congresso <span class=\"il\">A\u00e7o<\/span>\u00a0<span class=\"il\">Brasil<\/span>\u00a02019 entendem tais iniciativas como sendo uma maior abertura comercial aos produtos importados. O assunto foi debatido no\u00a0<strong>Painel 1 \u2013 Competitividade e abertura comercial<\/strong>, que tamb\u00e9m defendeu a necessidade da corre\u00e7\u00e3o das assimetrias competitivas antes de uma maior abertura comercial. O painel foi moderado por Marcos Eduardo Faraco Wahrhaftig, Vice-Presidente do Conselho Diretor do\u00a0<span class=\"il\">A\u00e7o<\/span><span class=\"il\">Brasil<\/span>\/Diretor Executivo das Opera\u00e7\u00f5es de Neg\u00f3cios\u00a0<span class=\"il\">Brasil<\/span>, Argentina e Uruguai da Gerdau. Participaram tamb\u00e9m o economista Antonio Corr\u00eaa de Lacerda; Jorge Gerdau Johannpeter, presidente do Conselho Superior do Movimento\u00a0<span class=\"il\">Brasil<\/span>Competitivo; economista Juan Ferres, fundador da Ferres Consultoria; e Jos\u00e9 Velloso Dias Cardoso, representante da Coaliz\u00e3o Ind\u00fastria\/Presidente Executivo da ABIMAQ; e o secret\u00e1rio especial de Com\u00e9rcio Exterior e Assuntos Internacionais, Marcos Prado Troyjo.<\/p>\n<p style=\"text-align: justify;\">O economista Antonio Corr\u00eaa de Lacerda disse que &#8220;h\u00e1 autoridades que acham que a abertura comercial resolve tudo&#8221; \u2013 sem se referir a uma autoridade espec\u00edfica \u2013, o que \u00e9 temer\u00e1rio para a ind\u00fastria. Ele disse que as medidas de est\u00edmulo \u00e0 economia defendidas pelo governo federal, que podem resultar em uma maior abertura comercial, devem ser \u00e1geis, mas n\u00e3o pode haver &#8220;a\u00e7odamento&#8221;. Para Lacerda, &#8220;reduzir o Custo\u00a0<span class=\"il\">Brasil<\/span>\u00a0\u00e9 imprescind\u00edvel&#8221; para a competitividade nacional.<\/p>\n<p style=\"text-align: justify;\">Segundo ele, o n\u00edvel de industrializa\u00e7\u00e3o do\u00a0<span class=\"il\">Brasil<\/span>\u00a0\u00e9 o mesmo de 10 anos e o consumo m\u00e9dio do\u00a0<span class=\"il\">Brasil<\/span>\u00a0cresceu 80% no mesmo per\u00edodo, via aumento das importa\u00e7\u00f5es, gerando d\u00e9ficit comercial dos produtos industriais. Lacerda acrescentou que a valoriza\u00e7\u00e3o cambial observada no pa\u00eds nos \u00faltimos 30 anos foi fruto de uma pol\u00edtica para usar o c\u00e2mbio de modo a combater a infla\u00e7\u00e3o e estabilizar a economia e n\u00e3o para promover o desenvolvimento, via a industrializa\u00e7\u00e3o.<\/p>\n<p style=\"text-align: justify;\">Jos\u00e9 Velloso Dias Cardoso, representante da Coaliz\u00e3o Ind\u00fastria\/Presidente Executivo da ABIMAQ, disse que o setor de bens de capital ser\u00e1 prejudicado caso o governo promova, no curto prazo, maior abertura comercial. Ele defende que tais medidas, se adotadas, ocorram em prazo de 8 anos e n\u00e3o em 4 anos, como se cogita. A ind\u00fastria de m\u00e1quinas e equipamentos consome 22% do\u00a0<span class=\"il\">a\u00e7o<\/span>\u00a0produzido no\u00a0<span class=\"il\">Brasil<\/span>. &#8220;Quando se faz estudo de equil\u00edbrio geral comput\u00e1vel sempre sai dado chamado &#8216;bem-estar&#8217;, ou seja, quem ganhou bem-estar na popula\u00e7\u00e3o com a abertura, mas ele nunca aparece em nenhum estudo. A abertura comercial, enquanto proposta, vai proporcionar ganho de bem-estar para quem est\u00e1 no exterior exportando para o<span class=\"il\">Brasil<\/span>\u00a021 vezes maior do que o ganho de bem-estar para quem est\u00e1 no\u00a0<span class=\"il\">Brasil<\/span>&#8220;, afirmou.<\/p>\n<p style=\"text-align: justify;\">O moderador do Painel 1, Marcos Wahrhaftig, disse que, considerando os \u00faltimos 17 anos, &#8220;temos hoje em termos de utiliza\u00e7\u00e3o da capacidade o pior n\u00edvel de uso da capacidade da ind\u00fastria brasileira do\u00a0<span class=\"il\">a\u00e7o<\/span>. 30% da capacidade est\u00e3o ociosas, hibernando; 30% da produ\u00e7\u00e3o est\u00e3o sendo exportadas em um cen\u00e1rio de concorr\u00eancia desleal; 40% est\u00e3o expostos ao desvio de com\u00e9rcio (em raz\u00e3o da elevada oferta de\u00a0<span class=\"il\">a\u00e7o<\/span>\u00a0importado na Am\u00e9rica do Sul, que deveria ir para outros pa\u00edses). Este \u00e9 o pano de fundo da conjuntura nacional&#8221; para a ind\u00fastria do\u00a0<span class=\"il\">a\u00e7o<\/span>. Ele insistiu que o\u00a0<span class=\"il\">Brasil<\/span>\u00a0precisa debater a abertura comercial de forma equilibrada, levando em conta a necessidade de se adotar medidas de curto prazo para corrigir as assimetrias que afligem a ind\u00fastria, ou seja, o Custo\u00a0<span class=\"il\">Brasil<\/span>.<\/p>\n<p style=\"text-align: justify;\">Para o economista Juan Ferres, h\u00e1 interpreta\u00e7\u00e3o equivocada de que o fato de o custo de produ\u00e7\u00e3o do\u00a0<span class=\"il\">a\u00e7o<\/span>\u00a0no exterior ser menor do que o produzido no territ\u00f3rio nacional se deve \u00e0 inefici\u00eancia da ind\u00fastria brasileira e que por isso seria justific\u00e1vel haver prote\u00e7\u00e3o comercial no\u00a0<span class=\"il\">Brasil<\/span>. Na verdade, o\u00a0<span class=\"il\">Brasil<\/span>\u00a0\u00e9 eficiente industrialmente na produ\u00e7\u00e3o de\u00a0<span class=\"il\">a\u00e7o<\/span>, afirmou Ferres. Segundo ele, o que mina a competitividade s\u00e3o os custos de Estado embutidos, ou seja, fora do ambiente da ind\u00fastria e de seu controle, que \u00e9 o Custo\u00a0<span class=\"il\">Brasil<\/span>. Como exemplo, Ferres citou que na exporta\u00e7\u00e3o do\u00a0<span class=\"il\">a\u00e7o<\/span>, considerando somente a esfera federal, h\u00e1 mais de 250 taxas e contribui\u00e7\u00f5es que, somadas, atingem valores exorbitantes e encarecem o custo do\u00a0<span class=\"il\">a\u00e7o<\/span>\u00a0brasileiro.<\/p>\n<p style=\"text-align: justify;\">Segundo o secret\u00e1rio especial de Com\u00e9rcio Exterior e Assuntos Internacionais, Marcos Prado Troyjo, o desafio do governo \u00e9 inserir o\u00a0<span class=\"il\">Brasil<\/span>\u00a0na economia global, o que n\u00e3o equivale a uma abertura comercial tradicional. O governo quer fazer com que o pa\u00eds passe de uma na\u00e7\u00e3o &#8220;escondida do mundo&#8221;, para uma situa\u00e7\u00e3o semelhante \u00e0s na\u00e7\u00f5es que adotaram medidas, d\u00e9cadas atr\u00e1s, para se tornarem protagonistas no mercado global, como Cingapura, Coreia do Sul, Espanha, Jap\u00e3o, China, entre outros. O com\u00e9rcio exterior foi mola propulsora para o crescimento econ\u00f4mico e o desenvolvimento desses pa\u00edses, afirmou, dizendo que o mesmo ser\u00e1 feito em rela\u00e7\u00e3o ao\u00a0<span class=\"il\">Brasil<\/span>.<\/p>\n<p style=\"text-align: justify;\">Para a ind\u00fastria do\u00a0<span class=\"il\">a\u00e7o<\/span>, o secret\u00e1rio Troyjo acenou com perspectivas positivas pelo esperado crescimento da demanda pelo produto por parte dos pa\u00edses pr\u00f3ximos \u00e0 China, que passam por processo acelerado de industrializa\u00e7\u00e3o e de investimentos em infraestrutura. Al\u00e9m do\u00a0<span class=\"il\">a\u00e7o<\/span>, outros setores produtivos brasileiros, como agroneg\u00f3cio e minera\u00e7\u00e3o, ser\u00e3o beneficiados, disse.<\/p>\n<p style=\"text-align: justify;\">Ele anunciou que nos pr\u00f3ximos dias o\u00a0<span class=\"il\">Brasil<\/span>\u00a0dever\u00e1 assinar acordos comerciais com na\u00e7\u00f5es fora da zona do euro, como Coreia do Sul, Canad\u00e1, M\u00e9xico, Cingapura, al\u00e9m de tratados com EUA e Jap\u00e3o. Isso, segundo ele, representa mais oportunidades de neg\u00f3cios para a ind\u00fastria nacional.<\/p>\n<p style=\"text-align: justify;\">Sobre o que chamou de &#8220;abertura comercial tradicional&#8221;, ele comentou que o governo tem convic\u00e7\u00f5es. Uma \u00e9 o combate ao &#8220;emaranhado de complexidades burocr\u00e1ticas, tribut\u00e1rias, de vis\u00e3o de curto prazo e de cultura favor\u00e1vel ao isolamento. Estamos atacando isso&#8221;, disse, ao citar a reforma da previd\u00eancia, \u00e0s ideias do governo sobre reforma tribut\u00e1ria, ao enxugamento do estado na economia e outras medidas.<\/p>\n<p style=\"text-align: justify;\">&#8220;N\u00e3o vamos tratar temas complexos dessa natureza apenas como sin\u00f4nimo de queda pontual de tarifas aqui e ali. Vamos olhar o todo porque a\u00ed sim se escapa de outra grande armadilha que o\u00a0<span class=\"il\">Brasil<\/span>\u00a0ficou muito preso, que \u00e9 o &#8216;curtoprazismo&#8217; e uma perspectiva de que o\u00a0<span class=\"il\">Brasil<\/span>\u00a0\u00e9 uma esp\u00e9cie de &#8216;ilha&#8217; separada do contexto global, do qual o\u00a0<span class=\"il\">Brasil<\/span>\u00a0tem muito a lucrar&#8221;, afirmou.<\/p>\n<p>Fonte: Imprensa\/Instituto A\u00e7o Brasil<\/p>\n","protected":false},"excerpt":{"rendered":"<p>Do Instituto A\u00e7o Brasil\u00a0 Agosto, 2019 &#8211; Embora a demanda pelo a\u00e7o\u00a0brasileiro tenha sido severamente reduzida nos \u00faltimos cinco anos, que a guerra comercial entre EUA e China e as medidas protetivas comerciais de v\u00e1rios pa\u00edses consumidores tenham provocado concorr\u00eancia desleal para a ind\u00fastria brasileira do\u00a0a\u00e7o\u00a0(por excesso de oferta de\u00a0a\u00e7o\u00a0mais barato no continente sul-americano), o [&hellip;]<\/p>\n","protected":false},"author":1,"featured_media":12450,"comment_status":"open","ping_status":"open","sticky":false,"template":"","format":"standard","meta":{"_uag_custom_page_level_css":"","footnotes":""},"categories":[33],"tags":[17360,309,17364,1574,17356,17067,3861,17363,17357,17362,17358,17359,17361],"class_list":["post-12449","post","type-post","status-publish","format-standard","has-post-thumbnail","hentry","category-mercado","tag-abertura-do-comercio-brasileiro","tag-abimaq","tag-acos-planos-linha-branca","tag-brasilia-df","tag-congresso-aco-brasil-competitividade-e-abertura-comercial","tag-congresso-aco-brasil-2019","tag-economia-brasileira","tag-gerdau-aco-para-construcao","tag-guerra-comercail-china-eua","tag-industria-brasileira-do-aco","tag-mercado-interno-do-aco","tag-producao-de-aco-excesso-de-produto-no-mercado","tag-recessao-da-economia-global"],"blocksy_meta":[],"spectra_blocks_featured_image_url":{"thumbnail":{"url":"https:\/\/construcaocivil.siriusmarketingedesign.com.br\/wp-content\/uploads\/2019\/08\/Congresso-A\u00e7o-Brasil-2019-150x150.jpg","width":150,"height":150},"medium":{"url":"https:\/\/construcaocivil.siriusmarketingedesign.com.br\/wp-content\/uploads\/2019\/08\/Congresso-A\u00e7o-Brasil-2019-300x200.jpg","width":300,"height":200},"medium_large":{"url":"https:\/\/construcaocivil.siriusmarketingedesign.com.br\/wp-content\/uploads\/2019\/08\/Congresso-A\u00e7o-Brasil-2019-768x512.jpg","width":768,"height":512},"large":{"url":"https:\/\/construcaocivil.siriusmarketingedesign.com.br\/wp-content\/uploads\/2019\/08\/Congresso-A\u00e7o-Brasil-2019-1024x683.jpg","width":1024,"height":683},"full":{"url":"https:\/\/construcaocivil.siriusmarketingedesign.com.br\/wp-content\/uploads\/2019\/08\/Congresso-A\u00e7o-Brasil-2019.jpg","width":2048,"height":1365}},"spectra_blocks_author_info":{"display_name":"Jornal da Constru\u00e7\u00e3o Civil","avatar_url":"https:\/\/secure.gravatar.com\/avatar\/973c9774fd44ddaceb026973c4962faa70fc512bc4c9da68e8ebb40fecee6540?s=96&d=mm&r=g","author_link":"https:\/\/construcaocivil.siriusmarketingedesign.com.br\/?author=1","description":"Desde de 2013, levando muitas informa\u00e7\u00f5es, lan\u00e7amentos e produtos de qualidade para toda cadeia produtiva da constru\u00e7\u00e3o. O Futuro da constru\u00e7\u00e3o passa por aqui,"},"uagb_featured_image_src":{"full":["https:\/\/construcaocivil.siriusmarketingedesign.com.br\/wp-content\/uploads\/2019\/08\/Congresso-A\u00e7o-Brasil-2019.jpg",2048,1365,false],"thumbnail":["https:\/\/construcaocivil.siriusmarketingedesign.com.br\/wp-content\/uploads\/2019\/08\/Congresso-A\u00e7o-Brasil-2019-150x150.jpg",150,150,true],"medium":["https:\/\/construcaocivil.siriusmarketingedesign.com.br\/wp-content\/uploads\/2019\/08\/Congresso-A\u00e7o-Brasil-2019-300x200.jpg",300,200,true],"medium_large":["https:\/\/construcaocivil.siriusmarketingedesign.com.br\/wp-content\/uploads\/2019\/08\/Congresso-A\u00e7o-Brasil-2019-768x512.jpg",768,512,true],"large":["https:\/\/construcaocivil.siriusmarketingedesign.com.br\/wp-content\/uploads\/2019\/08\/Congresso-A\u00e7o-Brasil-2019-1024x683.jpg",1024,683,true],"1536x1536":["https:\/\/construcaocivil.siriusmarketingedesign.com.br\/wp-content\/uploads\/2019\/08\/Congresso-A\u00e7o-Brasil-2019.jpg",1536,1024,false],"2048x2048":["https:\/\/construcaocivil.siriusmarketingedesign.com.br\/wp-content\/uploads\/2019\/08\/Congresso-A\u00e7o-Brasil-2019.jpg",2048,1365,false]},"uagb_author_info":{"display_name":"Jornal da Constru\u00e7\u00e3o Civil","author_link":"https:\/\/construcaocivil.siriusmarketingedesign.com.br\/?author=1"},"uagb_comment_info":0,"uagb_excerpt":"Do Instituto A\u00e7o Brasil\u00a0 Agosto, 2019 &#8211; Embora a demanda pelo a\u00e7o\u00a0brasileiro tenha sido severamente reduzida nos \u00faltimos cinco anos, que a guerra comercial entre EUA e China e as medidas protetivas comerciais de v\u00e1rios pa\u00edses consumidores tenham provocado concorr\u00eancia desleal para a ind\u00fastria brasileira do\u00a0a\u00e7o\u00a0(por excesso de oferta de\u00a0a\u00e7o\u00a0mais barato no continente sul-americano), o&hellip;","_links":{"self":[{"href":"https:\/\/construcaocivil.siriusmarketingedesign.com.br\/index.php?rest_route=\/wp\/v2\/posts\/12449","targetHints":{"allow":["GET"]}}],"collection":[{"href":"https:\/\/construcaocivil.siriusmarketingedesign.com.br\/index.php?rest_route=\/wp\/v2\/posts"}],"about":[{"href":"https:\/\/construcaocivil.siriusmarketingedesign.com.br\/index.php?rest_route=\/wp\/v2\/types\/post"}],"author":[{"embeddable":true,"href":"https:\/\/construcaocivil.siriusmarketingedesign.com.br\/index.php?rest_route=\/wp\/v2\/users\/1"}],"replies":[{"embeddable":true,"href":"https:\/\/construcaocivil.siriusmarketingedesign.com.br\/index.php?rest_route=%2Fwp%2Fv2%2Fcomments&post=12449"}],"version-history":[{"count":0,"href":"https:\/\/construcaocivil.siriusmarketingedesign.com.br\/index.php?rest_route=\/wp\/v2\/posts\/12449\/revisions"}],"wp:featuredmedia":[{"embeddable":true,"href":"https:\/\/construcaocivil.siriusmarketingedesign.com.br\/index.php?rest_route=\/wp\/v2\/media\/12450"}],"wp:attachment":[{"href":"https:\/\/construcaocivil.siriusmarketingedesign.com.br\/index.php?rest_route=%2Fwp%2Fv2%2Fmedia&parent=12449"}],"wp:term":[{"taxonomy":"category","embeddable":true,"href":"https:\/\/construcaocivil.siriusmarketingedesign.com.br\/index.php?rest_route=%2Fwp%2Fv2%2Fcategories&post=12449"},{"taxonomy":"post_tag","embeddable":true,"href":"https:\/\/construcaocivil.siriusmarketingedesign.com.br\/index.php?rest_route=%2Fwp%2Fv2%2Ftags&post=12449"}],"curies":[{"name":"wp","href":"https:\/\/api.w.org\/{rel}","templated":true}]}}