{"id":1245,"date":"2016-04-01T20:04:17","date_gmt":"2016-04-01T20:04:17","guid":{"rendered":"http:\/\/www.jornaldaconstrucaocivil.com.br\/?p=1245"},"modified":"2016-04-01T20:04:17","modified_gmt":"2016-04-01T20:04:17","slug":"espaco-de-negocios-da-casa-rio-reune-setor-de-logistica","status":"publish","type":"post","link":"https:\/\/construcaocivil.siriusmarketingedesign.com.br\/?p=1245","title":{"rendered":"Espa\u00e7o de Neg\u00f3cios da Casa Rio re\u00fane setor de Log\u00edstica"},"content":{"rendered":"<p><span style=\"color: #0000ff;\">O projeto do Plano Estrat\u00e9gico de Log\u00edstica e Cargas do Estado do Rio de Janeiro (PELC-RJ) e as oportunidades de investimento por meio de concess\u00f5es e parcerias p\u00fablico-privadas foram apresentados hoje em um semin\u00e1rio promovido pela Casa Rio em seu Espa\u00e7o de Neg\u00f3cios, na Associa\u00e7\u00e3o Comercial do Rio de Janeiro (ACRio). <\/span><\/p>\n<p><span style=\"color: #000000;\">O evento reuniu representantes do porto de Houston, do porto de Itagua\u00ed, do governo do Estado e investidores e executivos de empresas de infraestrutura e log\u00edstica. O objetivo do encontro foi o desenvolvimento de neg\u00f3cios voltados para a expans\u00e3o e sofistica\u00e7\u00e3o das vias de transporte rodovi\u00e1rio, ferrovi\u00e1rio e aeroportu\u00e1rio, beneficiando assim a cadeia produtiva local e nacional.<\/span><\/p>\n<p><span style=\"color: #000000;\"><em>\u201cO Rio de Janeiro possui um potencial log\u00edstico mal aproveitado. Por exemplo, o aeroporto do Gale\u00e3o possui localiza\u00e7\u00e3o privilegiada e uma capacidade enorme de transporte de cargas, mas devido \u00e0 partilha do tr\u00e1fego a\u00e9reo regional com o Santos Dumont, ainda n\u00e3o se tornou o polo que devia ser. Estamos trabalhando para mudar isso com a Anac\u201d<\/em>, disse Eduardo Duprat, superintendente de Log\u00edstica de Cargas da Secretaria Estadual de Transportes.<\/span><\/p>\n<p><span style=\"color: #000000;\">Outros projetos apresentados por Duprat estavam a qualifica\u00e7\u00e3o de rodovias no sul fluminense para criar uma conex\u00e3o log\u00edstica com os polos de produ\u00e7\u00e3o agr\u00edcola e de desenvolvimento tecnol\u00f3gico no sul de Minas Gerais; a cria\u00e7\u00e3o e consolida\u00e7\u00e3o de 15 plataformas log\u00edsticas pelo Estado para racionaliza\u00e7\u00e3o da distribui\u00e7\u00e3o de cargas; e a Zona Internacional de Servi\u00e7os Log\u00edsticos, um projeto da ACRio para desenvolver projetos de integra\u00e7\u00e3o entre os 250 munic\u00edpios que formariam a megal\u00f3pole Rio-S\u00e3o Paulo.<\/span><\/p>\n<p><span style=\"color: #000000;\">O evento ainda contou com apresenta\u00e7\u00f5es sobre as opera\u00e7\u00f5es dos portos de Itagua\u00ed e Houston, al\u00e9m das empresas Vale, CSN, e da Sepetiba Tecon.<\/span><\/p>\n<p><span style=\"color: #0000ff;\"><strong><em>Sobre a Casa Rio<\/em><\/strong><\/span><\/p>\n<p><span style=\"color: #000000;\"><em>A Casa Rio \u00e9 o mais abrangente programa de neg\u00f3cios do Brasil. De\u00a0mar\u00e7o a setembro de 2016, o programa ir\u00e1 realizar 43 eventos, reunindo 2.800 tomadores de decis\u00e3o de 800 empresas em torno de temas como infraestrutura, tecnologia, energia, ci\u00eancias da vida, neg\u00f3cios do esporte e economia criativa. \u00a0Uma iniciativa da Prefeitura do Rio e da Rio Neg\u00f3cios, a ag\u00eancia de oficial de atra\u00e7\u00e3o de investimentos da cidade, a Casa Rio realiza suas confer\u00eancias no Museu do Amanh\u00e3 e as rodadas de neg\u00f3cios e apresenta\u00e7\u00f5es de oportunidades na Associa\u00e7\u00e3o Comercial do Rio de Janeiro.<\/em><\/span><\/p>\n<p><span style=\"color: #0000ff;\"><strong><em>Sobre Rio Neg\u00f3cios<\/em><\/strong><\/span><\/p>\n<p><span style=\"color: #000000;\"><em>Ag\u00eancia oficial para atra\u00e7\u00e3o e promo\u00e7\u00e3o de investimentos do Rio de Janeiro, a Rio Neg\u00f3cios \u00e9 uma ag\u00eancia sem fins lucrativos nascida de uma parceria p\u00fablico-privada entre a Prefeitura do Rio de Janeiro e a Associa\u00e7\u00e3o Comercial do Rio de Janeiro.<\/em><\/span><\/p>\n","protected":false},"excerpt":{"rendered":"<p>O projeto do Plano Estrat\u00e9gico de Log\u00edstica e Cargas do Estado do Rio de Janeiro (PELC-RJ) e as oportunidades de investimento por meio de concess\u00f5es e parcerias p\u00fablico-privadas foram apresentados hoje em um semin\u00e1rio promovido pela Casa Rio em seu Espa\u00e7o de Neg\u00f3cios, na Associa\u00e7\u00e3o Comercial do Rio de Janeiro (ACRio). O evento reuniu representantes [&hellip;]<\/p>\n","protected":false},"author":1,"featured_media":0,"comment_status":"open","ping_status":"open","sticky":false,"template":"","format":"quote","meta":{"_uag_custom_page_level_css":"","footnotes":""},"categories":[31],"tags":[434,1952,5330,6978,9138,9139,10375,10392,11902],"class_list":["post-1245","post","type-post","status-publish","format-quote","hentry","category-infraestrutura","tag-acrio","tag-casa-rio","tag-galeao","tag-logistica","tag-porto-de-houston","tag-porto-de-itaguai","tag-rio-de-janeiro","tag-rio-negocios","tag-transportes-de-cargas","post_format-post-format-quote"],"blocksy_meta":[],"spectra_blocks_featured_image_url":null,"spectra_blocks_author_info":{"display_name":"Jornal da Constru\u00e7\u00e3o Civil","avatar_url":"https:\/\/secure.gravatar.com\/avatar\/973c9774fd44ddaceb026973c4962faa70fc512bc4c9da68e8ebb40fecee6540?s=96&d=mm&r=g","author_link":"https:\/\/construcaocivil.siriusmarketingedesign.com.br\/?author=1","description":"Desde de 2013, levando muitas informa\u00e7\u00f5es, lan\u00e7amentos e produtos de qualidade para toda cadeia produtiva da constru\u00e7\u00e3o. O Futuro da constru\u00e7\u00e3o passa por aqui,"},"uagb_featured_image_src":{"full":false,"thumbnail":false,"medium":false,"medium_large":false,"large":false,"1536x1536":false,"2048x2048":false},"uagb_author_info":{"display_name":"Jornal da Constru\u00e7\u00e3o Civil","author_link":"https:\/\/construcaocivil.siriusmarketingedesign.com.br\/?author=1"},"uagb_comment_info":0,"uagb_excerpt":"O projeto do Plano Estrat\u00e9gico de Log\u00edstica e Cargas do Estado do Rio de Janeiro (PELC-RJ) e as oportunidades de investimento por meio de concess\u00f5es e parcerias p\u00fablico-privadas foram apresentados hoje em um semin\u00e1rio promovido pela Casa Rio em seu Espa\u00e7o de Neg\u00f3cios, na Associa\u00e7\u00e3o Comercial do Rio de Janeiro (ACRio). O evento reuniu representantes&hellip;","_links":{"self":[{"href":"https:\/\/construcaocivil.siriusmarketingedesign.com.br\/index.php?rest_route=\/wp\/v2\/posts\/1245","targetHints":{"allow":["GET"]}}],"collection":[{"href":"https:\/\/construcaocivil.siriusmarketingedesign.com.br\/index.php?rest_route=\/wp\/v2\/posts"}],"about":[{"href":"https:\/\/construcaocivil.siriusmarketingedesign.com.br\/index.php?rest_route=\/wp\/v2\/types\/post"}],"author":[{"embeddable":true,"href":"https:\/\/construcaocivil.siriusmarketingedesign.com.br\/index.php?rest_route=\/wp\/v2\/users\/1"}],"replies":[{"embeddable":true,"href":"https:\/\/construcaocivil.siriusmarketingedesign.com.br\/index.php?rest_route=%2Fwp%2Fv2%2Fcomments&post=1245"}],"version-history":[{"count":0,"href":"https:\/\/construcaocivil.siriusmarketingedesign.com.br\/index.php?rest_route=\/wp\/v2\/posts\/1245\/revisions"}],"wp:attachment":[{"href":"https:\/\/construcaocivil.siriusmarketingedesign.com.br\/index.php?rest_route=%2Fwp%2Fv2%2Fmedia&parent=1245"}],"wp:term":[{"taxonomy":"category","embeddable":true,"href":"https:\/\/construcaocivil.siriusmarketingedesign.com.br\/index.php?rest_route=%2Fwp%2Fv2%2Fcategories&post=1245"},{"taxonomy":"post_tag","embeddable":true,"href":"https:\/\/construcaocivil.siriusmarketingedesign.com.br\/index.php?rest_route=%2Fwp%2Fv2%2Ftags&post=1245"}],"curies":[{"name":"wp","href":"https:\/\/api.w.org\/{rel}","templated":true}]}}