{"id":12458,"date":"2019-08-23T10:59:08","date_gmt":"2019-08-23T13:59:08","guid":{"rendered":"https:\/\/www.jornaldaconstrucaocivil.com.br\/?p=12458"},"modified":"2019-08-23T10:59:08","modified_gmt":"2019-08-23T13:59:08","slug":"seconci-rj-promove-cursos-de-seguranca-no-trabalho","status":"publish","type":"post","link":"https:\/\/construcaocivil.siriusmarketingedesign.com.br\/?p=12458","title":{"rendered":"Seconci-RJ promove cursos de Seguran\u00e7a no Trabalho"},"content":{"rendered":"<p style=\"font-weight: 400; text-align: justify;\"><span style=\"color: #993300;\">Agosto, 2019<\/span> &#8211; Os trabalhadores brasileiros est\u00e3o expostos, diariamente, a diversos riscos ocupacionais. Por isso, a seguran\u00e7a no trabalho \u00e9 imposta por lei \u00e0s empresas que t\u00eam mais de 20 funcion\u00e1rios. S\u00e3o 37 normas regulamentadoras com o objetivo de reduzir o n\u00famero de acidentes e criar uma cultura de seguran\u00e7a. A demanda por profissionais dessa \u00e1rea \u00e9 diretamente proporcional ao crescimento das empresas uma vez que, por lei, \u00e0 medida que a empresa aumenta seu quadro de funcion\u00e1rios, aumenta tamb\u00e9m o n\u00famero de t\u00e9cnicos em seguran\u00e7a do trabalho.<\/p>\n<p style=\"font-weight: 400; text-align: justify;\">Por isso, o Seconci-Rio est\u00e1 promovendo no segundo semestre v\u00e1rios cursos sobre as NRs (Normas Regulamentadoras), com o objetivo de atualizar e aperfei\u00e7oar o profissional da constru\u00e7\u00e3o civil sobre suas responsabilidades, compromissos e obriga\u00e7\u00f5es com a empresa, empregadores e com si mesmo.<\/p>\n<figure id=\"attachment_12460\" aria-describedby=\"caption-attachment-12460\" style=\"width: 300px\" class=\"wp-caption alignleft\"><img loading=\"lazy\" decoding=\"async\" class=\"size-medium wp-image-12460\" src=\"https:\/\/www.jornaldaconstrucaocivil.com.br\/wp-content\/uploads\/2019\/08\/Combate-Incendio-300x201.jpg\" alt=\"\" width=\"300\" height=\"201\" srcset=\"https:\/\/construcaocivil.siriusmarketingedesign.com.br\/wp-content\/uploads\/2019\/08\/Combate-Incendio-300x201.jpg 300w, https:\/\/construcaocivil.siriusmarketingedesign.com.br\/wp-content\/uploads\/2019\/08\/Combate-Incendio-768x514.jpg 768w, https:\/\/construcaocivil.siriusmarketingedesign.com.br\/wp-content\/uploads\/2019\/08\/Combate-Incendio-1024x685.jpg 1024w, https:\/\/construcaocivil.siriusmarketingedesign.com.br\/wp-content\/uploads\/2019\/08\/Combate-Incendio-450x300.jpg 450w\" sizes=\"auto, (max-width: 300px) 100vw, 300px\" \/><figcaption id=\"caption-attachment-12460\" class=\"wp-caption-text\">Combate Inc\u00eandio. Divulga\u00e7\u00e3o<\/figcaption><\/figure>\n<p style=\"font-weight: 400; text-align: justify;\">Os cursos ser\u00e3o ministrados no CPCC &#8211;<strong>Centro Profissional da Constru\u00e7\u00e3o Civil<\/strong>\u00a0(Estrada dos Bandeirantes, 2.443 \u2013 Curicica, pr\u00f3ximo \u00e0 Esta\u00e7\u00e3o Bandolim do BRT)<strong>\u00a0englobando aulas te\u00f3ricas e pr\u00e1ticas.\u00a0<\/strong>Tamb\u00e9m est\u00e3o abertos aos estudantes de engenharia e afins.\u00a0\u00a0<strong>Os cursos de\u00a0<\/strong><strong>NR35<\/strong><strong>,\u00a0<\/strong><strong>NR7<\/strong><strong>\u00a0e\u00a0<\/strong><strong>NR 35<\/strong><strong>\u00a0s\u00e3o\u00a0<\/strong><strong>gratuitos<\/strong><strong>\u00a0para os trabalhadores das empresas que fazem o<\/strong>\u00a0<em>PCMSO<\/em>\u00a0 (Programa de Controle M\u00e9dico de Sa\u00fade Ocupacional) no<strong>\u00a0Seconci.<\/strong><\/p>\n<p style=\"font-weight: 400; text-align: justify;\"><strong>\u00a0<\/strong><\/p>\n<p style=\"font-weight: 400; text-align: justify;\"><strong>Abaixo, o cronograma:\u00a0\u00a0<\/strong><\/p>\n<p><span style=\"color: #993300;\"><strong>NR5 \u2013\u00a0 Comiss\u00e3o Interna de Preven\u00e7\u00e3o de Acidentes \u2013 CIPA<\/strong><\/span><\/p>\n<p style=\"font-weight: 400;\">Datas: 25\/11 Turno: Manh\u00e3 e Tarde<\/p>\n<p style=\"font-weight: 400;\">Valor: R$\u00a0 55,00 estudantes e n\u00e3o contribuintes; R$ 110,00 n\u00e3o contribuintes<\/p>\n<p style=\"font-weight: 400;\">NR 7<strong>\u00a0\u2013\u00a0<\/strong>Programas de Controle M\u00e9dico de Sa\u00fade Ocupacional \u2013 PCMSO<\/p>\n<p style=\"font-weight: 400;\">Datas: 10\/09 e 05\/11 \u2013 Turno: Tarde \u2013 4 horas\/aula<\/p>\n<p style=\"font-weight: 400;\">Valor: R$ 55,00 estudantes e contribuintes; R$ 100,00 n\u00e3o contribuinte<\/p>\n<p style=\"font-weight: 400;\"><span style=\"color: #993300;\"><strong>NR10 \u2013 Eletricidade (Reciclagem)<\/strong><\/span><\/p>\n<p style=\"font-weight: 400;\">Dias 16\/09 e 11\/11\u00a0 Turno: Manh\u00e3 e Tarde \u2013 16 horas\/aula<\/p>\n<p style=\"font-weight: 400;\">Valor: R$ 170,00 estutantes e contribuintes; R$ 230,00 n\u00e3o contribuinte<\/p>\n<p style=\"font-weight: 400;\"><span style=\"color: #993300;\"><strong>NR23 &#8211; No\u00e7\u00f5es B\u00e1sicas de Combate a Inc\u00eandio<\/strong><\/span><\/p>\n<p style=\"font-weight: 400;\">Dia 16\/09 Turno: Manh\u00e3 e Tarde \u2013 14 horas\/aula<\/p>\n<p style=\"font-weight: 400;\">Valor: R$ 300,00 estudantes e contribuintes\/ R$ 450,00 n\u00e3o contribuintes<\/p>\n<p style=\"font-weight: 400;\"><span style=\"color: #993300;\"><strong>NR 33 \u2013 Espa\u00e7os Confinados<\/strong><\/span><\/p>\n<p style=\"font-weight: 400;\">Dia 02\/10 \u2013 Turno: Tarde \u2013 4 horas\/aula<\/p>\n<p style=\"font-weight: 400;\">Valor: R$ 55,00 estudantes e contribuintes; R$ 100,00 n\u00e3o contribuinte<\/p>\n<p style=\"font-weight: 400;\"><span style=\"color: #993300;\"><strong>NR 35 &#8211; Trabalho em Altura<\/strong><\/span><\/p>\n<p style=\"font-weight: 400;\">Datas: 29\/08, 10\/09, 26\/09, 8\/10, 24\/10, 05\/11, 28\/11, 10\/12 e 19\/12<\/p>\n<p style=\"font-weight: 400;\">Turno: Manh\u00e3 e Tarde<\/p>\n<p style=\"font-weight: 400;\">Valor: R$\u00a0 55,00 estudantes e n\u00e3o contribuintes; R$ 110,00 n\u00e3o contribuintes<\/p>\n<p style=\"font-weight: 400;\"><span style=\"color: #0000ff;\">Inscri\u00e7\u00f5es pelo telefone 2443-8226 \/ 2101-2565 ou pelo e-mail &#8211;<span style=\"text-decoration: underline;\">\u00a0<strong><a style=\"color: #0000ff; text-decoration: underline;\" href=\"mailto:qualificacao@cpcc.com.br\">qualificacao@cpcc.com.br<\/a><\/strong><\/span><\/span><\/p>\n<p>Fonte: Imprensa\/Seconci-Rio<\/p>\n<p style=\"font-weight: 400; text-align: justify;\"><strong>\u00a0<\/strong><\/p>\n","protected":false},"excerpt":{"rendered":"<p>Agosto, 2019 &#8211; Os trabalhadores brasileiros est\u00e3o expostos, diariamente, a diversos riscos ocupacionais. Por isso, a seguran\u00e7a no trabalho \u00e9 imposta por lei \u00e0s empresas que t\u00eam mais de 20 funcion\u00e1rios. S\u00e3o 37 normas regulamentadoras com o objetivo de reduzir o n\u00famero de acidentes e criar uma cultura de seguran\u00e7a. A demanda por profissionais dessa [&hellip;]<\/p>\n","protected":false},"author":1,"featured_media":12459,"comment_status":"open","ping_status":"open","sticky":false,"template":"","format":"standard","meta":{"_uag_custom_page_level_css":"","footnotes":""},"categories":[27],"tags":[17378,13843,2826,17379,14624,8305,17376,16423,17377,10732],"class_list":["post-12458","post","type-post","status-publish","format-standard","has-post-thumbnail","hentry","category-acontece","tag-bairro-curicica","tag-centro-profissional-da-construcao-civil-cpcc","tag-construcao-civil","tag-cursos-para-profissionais-da-construcao","tag-estrada-dos-bandeirantes","tag-nr-35-trabalho-em-altura","tag-nr10-eletricidade-reciclagem","tag-nr23-nocoes-basicas-de-combate-a-incendio","tag-nr5-comissao-interna-de-prevencao-de-acidentes-cipa","tag-seconci-rio"],"blocksy_meta":[],"spectra_blocks_featured_image_url":{"thumbnail":{"url":"https:\/\/construcaocivil.siriusmarketingedesign.com.br\/wp-content\/uploads\/2019\/08\/Primeiros-Socorros-3-150x150.jpg","width":150,"height":150},"medium":{"url":"https:\/\/construcaocivil.siriusmarketingedesign.com.br\/wp-content\/uploads\/2019\/08\/Primeiros-Socorros-3-300x200.jpg","width":300,"height":200},"medium_large":{"url":"https:\/\/construcaocivil.siriusmarketingedesign.com.br\/wp-content\/uploads\/2019\/08\/Primeiros-Socorros-3-768x512.jpg","width":768,"height":512},"large":{"url":"https:\/\/construcaocivil.siriusmarketingedesign.com.br\/wp-content\/uploads\/2019\/08\/Primeiros-Socorros-3-1024x683.jpg","width":1024,"height":683},"full":{"url":"https:\/\/construcaocivil.siriusmarketingedesign.com.br\/wp-content\/uploads\/2019\/08\/Primeiros-Socorros-3.jpg","width":2362,"height":1575}},"spectra_blocks_author_info":{"display_name":"Jornal da Constru\u00e7\u00e3o Civil","avatar_url":"https:\/\/secure.gravatar.com\/avatar\/973c9774fd44ddaceb026973c4962faa70fc512bc4c9da68e8ebb40fecee6540?s=96&d=mm&r=g","author_link":"https:\/\/construcaocivil.siriusmarketingedesign.com.br\/?author=1","description":"Desde de 2013, levando muitas informa\u00e7\u00f5es, lan\u00e7amentos e produtos de qualidade para toda cadeia produtiva da constru\u00e7\u00e3o. O Futuro da constru\u00e7\u00e3o passa por aqui,"},"uagb_featured_image_src":{"full":["https:\/\/construcaocivil.siriusmarketingedesign.com.br\/wp-content\/uploads\/2019\/08\/Primeiros-Socorros-3.jpg",2362,1575,false],"thumbnail":["https:\/\/construcaocivil.siriusmarketingedesign.com.br\/wp-content\/uploads\/2019\/08\/Primeiros-Socorros-3-150x150.jpg",150,150,true],"medium":["https:\/\/construcaocivil.siriusmarketingedesign.com.br\/wp-content\/uploads\/2019\/08\/Primeiros-Socorros-3-300x200.jpg",300,200,true],"medium_large":["https:\/\/construcaocivil.siriusmarketingedesign.com.br\/wp-content\/uploads\/2019\/08\/Primeiros-Socorros-3-768x512.jpg",768,512,true],"large":["https:\/\/construcaocivil.siriusmarketingedesign.com.br\/wp-content\/uploads\/2019\/08\/Primeiros-Socorros-3-1024x683.jpg",1024,683,true],"1536x1536":["https:\/\/construcaocivil.siriusmarketingedesign.com.br\/wp-content\/uploads\/2019\/08\/Primeiros-Socorros-3.jpg",1536,1024,false],"2048x2048":["https:\/\/construcaocivil.siriusmarketingedesign.com.br\/wp-content\/uploads\/2019\/08\/Primeiros-Socorros-3.jpg",2048,1366,false]},"uagb_author_info":{"display_name":"Jornal da Constru\u00e7\u00e3o Civil","author_link":"https:\/\/construcaocivil.siriusmarketingedesign.com.br\/?author=1"},"uagb_comment_info":0,"uagb_excerpt":"Agosto, 2019 &#8211; Os trabalhadores brasileiros est\u00e3o expostos, diariamente, a diversos riscos ocupacionais. Por isso, a seguran\u00e7a no trabalho \u00e9 imposta por lei \u00e0s empresas que t\u00eam mais de 20 funcion\u00e1rios. S\u00e3o 37 normas regulamentadoras com o objetivo de reduzir o n\u00famero de acidentes e criar uma cultura de seguran\u00e7a. A demanda por profissionais dessa&hellip;","_links":{"self":[{"href":"https:\/\/construcaocivil.siriusmarketingedesign.com.br\/index.php?rest_route=\/wp\/v2\/posts\/12458","targetHints":{"allow":["GET"]}}],"collection":[{"href":"https:\/\/construcaocivil.siriusmarketingedesign.com.br\/index.php?rest_route=\/wp\/v2\/posts"}],"about":[{"href":"https:\/\/construcaocivil.siriusmarketingedesign.com.br\/index.php?rest_route=\/wp\/v2\/types\/post"}],"author":[{"embeddable":true,"href":"https:\/\/construcaocivil.siriusmarketingedesign.com.br\/index.php?rest_route=\/wp\/v2\/users\/1"}],"replies":[{"embeddable":true,"href":"https:\/\/construcaocivil.siriusmarketingedesign.com.br\/index.php?rest_route=%2Fwp%2Fv2%2Fcomments&post=12458"}],"version-history":[{"count":0,"href":"https:\/\/construcaocivil.siriusmarketingedesign.com.br\/index.php?rest_route=\/wp\/v2\/posts\/12458\/revisions"}],"wp:featuredmedia":[{"embeddable":true,"href":"https:\/\/construcaocivil.siriusmarketingedesign.com.br\/index.php?rest_route=\/wp\/v2\/media\/12459"}],"wp:attachment":[{"href":"https:\/\/construcaocivil.siriusmarketingedesign.com.br\/index.php?rest_route=%2Fwp%2Fv2%2Fmedia&parent=12458"}],"wp:term":[{"taxonomy":"category","embeddable":true,"href":"https:\/\/construcaocivil.siriusmarketingedesign.com.br\/index.php?rest_route=%2Fwp%2Fv2%2Fcategories&post=12458"},{"taxonomy":"post_tag","embeddable":true,"href":"https:\/\/construcaocivil.siriusmarketingedesign.com.br\/index.php?rest_route=%2Fwp%2Fv2%2Ftags&post=12458"}],"curies":[{"name":"wp","href":"https:\/\/api.w.org\/{rel}","templated":true}]}}