{"id":12485,"date":"2019-08-27T12:33:37","date_gmt":"2019-08-27T15:33:37","guid":{"rendered":"https:\/\/www.jornaldaconstrucaocivil.com.br\/?p=12485"},"modified":"2019-08-27T12:33:37","modified_gmt":"2019-08-27T15:33:37","slug":"telhados-solares-eternit-apresenta-a-1a-telha-fotovoltaica-do-pais-aprovada-pelo-inmetro","status":"publish","type":"post","link":"https:\/\/construcaocivil.siriusmarketingedesign.com.br\/?p=12485","title":{"rendered":"Telhados solares: Eternit apresenta a 1\u00aa telha fotovoltaica do pa\u00eds aprovada pelo Inmetro"},"content":{"rendered":"<p style=\"text-align: justify;\"><span style=\"color: #993300;\">Agosto, 2019<\/span> &#8211; A Eternit \u2013 companhia especializada no fornecimento de mat\u00e9rias-primas, produtos e solu\u00e7\u00f5es para o setor de constru\u00e7\u00e3o civil, e l\u00edder de mercado no segmento de coberturas \u2013 apresenta a primeira telha fotovoltaica com tecnologia desenvolvida no Brasil e aprovada pelo Inmetro, que capta energia solar para a produ\u00e7\u00e3o de energia el\u00e9trica. A novidade, chamada de Eternit Solar, ser\u00e1 revelada pela primeira vez ao p\u00fablico durante a Intersolar South Am\u00e9rica, a maior feira da Am\u00e9rica Latina voltada \u00e0 \u00e1rea de energia solar, realizada entre 27 e 29 de agosto, no Expo Center Norte, em S\u00e3o Paulo.<\/p>\n<p>Acompanhando as tend\u00eancias mundiais de lan\u00e7amentos de produtos aliados \u00e0 tecnologia e \u00e0 sustentabilidade, a empresa, fundada h\u00e1 quase 80 anos, investiu em sua \u00e1rea interna de inova\u00e7\u00e3o para projetar e desenvolver o modelo in\u00e9dito no pa\u00eds. A marca Eternit Solar tamb\u00e9m dar\u00e1 nome \u00e0 empresa que est\u00e1 sendo aberta pelo Grupo Eternit para produzir e futuramente comercializar as linhas fotovoltaicas.<\/p>\n<figure id=\"attachment_12487\" aria-describedby=\"caption-attachment-12487\" style=\"width: 200px\" class=\"wp-caption alignleft\"><img loading=\"lazy\" decoding=\"async\" class=\"size-medium wp-image-12487\" src=\"https:\/\/www.jornaldaconstrucaocivil.com.br\/wp-content\/uploads\/2019\/08\/TELHAS-II-200x300.jpg\" alt=\"\" width=\"200\" height=\"300\" srcset=\"https:\/\/construcaocivil.siriusmarketingedesign.com.br\/wp-content\/uploads\/2019\/08\/TELHAS-II-200x300.jpg 200w, https:\/\/construcaocivil.siriusmarketingedesign.com.br\/wp-content\/uploads\/2019\/08\/TELHAS-II-768x1151.jpg 768w, https:\/\/construcaocivil.siriusmarketingedesign.com.br\/wp-content\/uploads\/2019\/08\/TELHAS-II-683x1024.jpg 683w, https:\/\/construcaocivil.siriusmarketingedesign.com.br\/wp-content\/uploads\/2019\/08\/TELHAS-II.jpg 800w\" sizes=\"auto, (max-width: 200px) 100vw, 200px\" \/><figcaption id=\"caption-attachment-12487\" class=\"wp-caption-text\">Divulga\u00e7\u00e3o<\/figcaption><\/figure>\n<p style=\"text-align: justify;\">&#8220;Estamos desenvolvendo o processo industrial para fabrica\u00e7\u00e3o em larga escala desta que \u00e9 a primeira gera\u00e7\u00e3o de telhas fotovoltaicas a passar nos testes de certifica\u00e7\u00e3o do Inmetro, o que representa um momento importante para a companhia. Trabalhamos nesse projeto ao longo de um ano e agora estamos apresentando ao mercado de constru\u00e7\u00e3o civil o primeiro modelo aprovado feito em concreto, com v\u00e1rias op\u00e7\u00f5es de cores e de acabamentos, e c\u00e9lulas fotovoltaicas integradas no material. Temos tamb\u00e9m outra linha, essa em fase final de desenvolvimento para futura homologa\u00e7\u00e3o, utilizando telhas de fibrocimento. Em breve, os produtos estar\u00e3o dispon\u00edveis para os consumidores&#8221;, afirma Lu\u00eds Augusto Barbosa, presidente do Grupo Eternit.<\/p>\n<p style=\"text-align: justify;\">O respons\u00e1vel pela \u00e1rea de Desenvolvimento de Novos Neg\u00f3cios, Luiz Antonio Lopes, explica que as c\u00e9lulas e os inversores j\u00e1 s\u00e3o componentes dispon\u00edveis no mercado e que o ineditismo do produto \u00e9 a aplica\u00e7\u00e3o do conjunto de c\u00e9lulas fotovoltaicas de sil\u00edcio diretamente no cimento, o que exigiu diversos testes e pesquisas. &#8220;O que existe hoje em larga escala s\u00e3o placas fotovoltaicas cujos modelos precisam ser instalados em cima dos telhados. A nova telha fotovoltaica tem enorme potencial para se tornar um dos grandes neg\u00f3cios do Grupo Eternit por ser um produto disruptivo, de alto valor agregado, de f\u00e1cil instala\u00e7\u00e3o, seguro e mais barato do que as solu\u00e7\u00f5es atuais. Al\u00e9m disso, capaz de gerar a energia el\u00e9trica necess\u00e1ria para resid\u00eancias e outros locais comerciais e industriais de maneira competitiva em performance e efici\u00eancia, a partir de um modelo esteticamente avan\u00e7ado&#8221;, diz.<\/p>\n<p><strong>Economia na instala\u00e7\u00e3o e na conta de luz<\/p>\n<p><\/strong>Cada telha da Eternit Solar produz 9,16 watts e tem dimens\u00e3o de 365 x 475 mm. A capacidade de produ\u00e7\u00e3o m\u00e9dia mensal de uma \u00fanica telha \u00e9 de 1,15 Kilowatts hora por m\u00eas (kwh\/m\u00eas). Segundo o diretor Comercial do Grupo Eternit, Rodrigo In\u00e1cio, a estimativa \u00e9 que essa tecnologia seja vantajosa para o consumidor ao permitir entre 10% e 20% de economia no valor total da compra e da instala\u00e7\u00e3o das telhas fotovoltaicas, em rela\u00e7\u00e3o aos paineis solares montados em cima de telhados comuns. O retorno sobre o investimento ocorre dentro de um per\u00edodo relativamente curto, de 3 a 5 anos, dependendo do sistema.<\/p>\n<p>De acordo com a Eternit, o n\u00famero de telhas fotovoltaicas necess\u00e1rio para uma resid\u00eancia vai depender da quantidade de energia que se deseja produzir, da localiza\u00e7\u00e3o do im\u00f3vel, inclina\u00e7\u00e3o e orienta\u00e7\u00e3o com rela\u00e7\u00e3o ao sol, entre outros fatores. Uma resid\u00eancia pequena pode ter em torno de 100 a 150 telhas fotovoltaicas de concreto. Casas de m\u00e9dio e alto padr\u00e3o, de 300 a 600 unidades ou mais. O restante do telhado \u00e9 feito com telhas comuns, complementadas com acabamentos como cumeeiras, laterais, espig\u00e3o do mesmo modelo, com mesmo material e encaixes perfeitos, garantindo a melhor est\u00e9tica do telhado.<\/p>\n<p>&#8220;A Eternit entende que, ao integrar a gera\u00e7\u00e3o fotovoltaica a suas telhas, alia inova\u00e7\u00e3o e sustentabilidade em um novo produto, e d\u00e1 um passo importante em um mercado de consumo cada vez mais consciente. O potencial de mercado se traduz nos n\u00fameros&#8221;, afirma o diretor Comercial, Rodrigo In\u00e1cio, referindo-se aos dados da Associa\u00e7\u00e3o Brasileira de Energia Solar Fotovoltaica (Absolar) e da Ag\u00eancia Nacional de Energia El\u00e9trica (Aneel). De acordo com a Aneel, em 2018, foram instalados em domic\u00edlios brasileiros e conectados \u00e0 rede 35 mil sistemas fotovoltaicos. Nesse ano, o n\u00famero j\u00e1 chegou a 32 mil apenas no primeiro semestre. Segundo a Absolar, o segmento de energia solar est\u00e1 em plena expans\u00e3o em todo o mundo e \u00e9 uma das matrizes energ\u00e9ticas que mais recebe investimentos no Brasil \u2013 cerca de R$ 9 bilh\u00f5es em 2018.<\/p>\n<p><strong>Produ\u00e7\u00e3o e comercializa\u00e7\u00e3o<\/p>\n<p><\/strong>Nessa fase de pr\u00e9-lan\u00e7amento, a Eternit est\u00e1 em negocia\u00e7\u00e3o com potenciais parceiros, clientes, investidores e distribuidores. As primeiras telhas fotovoltaicas, fabricadas na unidade da empresa em Atibaia-SP, ser\u00e3o disponibilizadas nos pr\u00f3ximos meses para instala\u00e7\u00e3o de projetos-piloto com clientes selecionados. Posteriormente, a escala de produ\u00e7\u00e3o ser\u00e1 ampliada para que o produto seja comercializado em todo o pa\u00eds.<\/p>\n<p style=\"text-align: justify;\"><strong>Estande da Eternit na Intersolar<\/p>\n<p><\/strong>A Eternit Solar pode ser conhecida no estande J155 da feira Intersolar South Am\u00e9rica. Os modelos em concreto t\u00eam duas op\u00e7\u00f5es de acabamento e cinco cores: cinza grafite, cinza p\u00e9rola, marfim palha, bege colonial e vermelha. O primeiro modelo em fibrocimento tamb\u00e9m \u00e9 apresentado no evento.<\/p>\n<p>&#8220;Escolhemos a telha de concreto como produto inicial por quest\u00f5es t\u00e9cnicas. Em paralelo, estamos na fase final de desenvolvimento da vers\u00e3o fotovoltaica do produto tradicional da Eternit, a telha de fibrocimento. Por ser o tipo de telha de maior utiliza\u00e7\u00e3o nos domic\u00edlios do pa\u00eds e com o custo mais acess\u00edvel, poderemos oferecer a possibilidade de ades\u00e3o \u00e0 energia solar a uma grande parcela da popula\u00e7\u00e3o brasileira, popularizando esse acesso&#8221;, explica o presidente do Grupo Eternit, Lu\u00eds Augusto Barbosa. Segundo ele, outra vantagem \u00e9 para o consumidor que j\u00e1 possui o telhado com o produto Eternit. A telha solar ser\u00e1 intercambi\u00e1vel com a telha tradicional da marca, podendo ser substitu\u00edda nos pontos necess\u00e1rios sem precisar mudar a estrutura inteira da cobertura. &#8220;Feito isso, a liga\u00e7\u00e3o el\u00e9trica e a conex\u00e3o com a rede de transmiss\u00e3o seguem os mesmos padr\u00f5es e exig\u00eancias dos sistemas tradicionais de placas fotovoltaicas&#8221;, diz.<\/p>\n<p>Fonte: Imprensa\/Eternit<\/p>\n","protected":false},"excerpt":{"rendered":"<p>Agosto, 2019 &#8211; A Eternit \u2013 companhia especializada no fornecimento de mat\u00e9rias-primas, produtos e solu\u00e7\u00f5es para o setor de constru\u00e7\u00e3o civil, e l\u00edder de mercado no segmento de coberturas \u2013 apresenta a primeira telha fotovoltaica com tecnologia desenvolvida no Brasil e aprovada pelo Inmetro, que capta energia solar para a produ\u00e7\u00e3o de energia el\u00e9trica. A [&hellip;]<\/p>\n","protected":false},"author":1,"featured_media":12486,"comment_status":"open","ping_status":"open","sticky":false,"template":"","format":"standard","meta":{"_uag_custom_page_level_css":"","footnotes":""},"categories":[12591],"tags":[17405,17407,1984,4316,17298,17406,17084,10668,10679,12213],"class_list":["post-12485","post","type-post","status-publish","format-standard","has-post-thumbnail","hentry","category-produtos","tag-casas-com-telhas-solares","tag-casas-solares","tag-casas-verdes","tag-energia-solar-fotovoltaica","tag-intersolar-2019","tag-novos-produtos-para-casa","tag-predios-verdes","tag-sao-paulo","tag-sao-paulo-sp","tag-varejo-da-construcao-civil"],"blocksy_meta":[],"spectra_blocks_featured_image_url":{"thumbnail":{"url":"https:\/\/construcaocivil.siriusmarketingedesign.com.br\/wp-content\/uploads\/2019\/08\/TELHA-SOLAR-150x150.jpg","width":150,"height":150},"medium":{"url":"https:\/\/construcaocivil.siriusmarketingedesign.com.br\/wp-content\/uploads\/2019\/08\/TELHA-SOLAR-300x200.jpg","width":300,"height":200},"medium_large":{"url":"https:\/\/construcaocivil.siriusmarketingedesign.com.br\/wp-content\/uploads\/2019\/08\/TELHA-SOLAR-768x512.jpg","width":768,"height":512},"large":{"url":"https:\/\/construcaocivil.siriusmarketingedesign.com.br\/wp-content\/uploads\/2019\/08\/TELHA-SOLAR.jpg","width":800,"height":533},"full":{"url":"https:\/\/construcaocivil.siriusmarketingedesign.com.br\/wp-content\/uploads\/2019\/08\/TELHA-SOLAR.jpg","width":800,"height":533}},"spectra_blocks_author_info":{"display_name":"Jornal da Constru\u00e7\u00e3o Civil","avatar_url":"https:\/\/secure.gravatar.com\/avatar\/973c9774fd44ddaceb026973c4962faa70fc512bc4c9da68e8ebb40fecee6540?s=96&d=mm&r=g","author_link":"https:\/\/construcaocivil.siriusmarketingedesign.com.br\/?author=1","description":"Desde de 2013, levando muitas informa\u00e7\u00f5es, lan\u00e7amentos e produtos de qualidade para toda cadeia produtiva da constru\u00e7\u00e3o. O Futuro da constru\u00e7\u00e3o passa por aqui,"},"uagb_featured_image_src":{"full":["https:\/\/construcaocivil.siriusmarketingedesign.com.br\/wp-content\/uploads\/2019\/08\/TELHA-SOLAR.jpg",800,533,false],"thumbnail":["https:\/\/construcaocivil.siriusmarketingedesign.com.br\/wp-content\/uploads\/2019\/08\/TELHA-SOLAR-150x150.jpg",150,150,true],"medium":["https:\/\/construcaocivil.siriusmarketingedesign.com.br\/wp-content\/uploads\/2019\/08\/TELHA-SOLAR-300x200.jpg",300,200,true],"medium_large":["https:\/\/construcaocivil.siriusmarketingedesign.com.br\/wp-content\/uploads\/2019\/08\/TELHA-SOLAR-768x512.jpg",768,512,true],"large":["https:\/\/construcaocivil.siriusmarketingedesign.com.br\/wp-content\/uploads\/2019\/08\/TELHA-SOLAR.jpg",800,533,false],"1536x1536":["https:\/\/construcaocivil.siriusmarketingedesign.com.br\/wp-content\/uploads\/2019\/08\/TELHA-SOLAR.jpg",800,533,false],"2048x2048":["https:\/\/construcaocivil.siriusmarketingedesign.com.br\/wp-content\/uploads\/2019\/08\/TELHA-SOLAR.jpg",800,533,false]},"uagb_author_info":{"display_name":"Jornal da Constru\u00e7\u00e3o Civil","author_link":"https:\/\/construcaocivil.siriusmarketingedesign.com.br\/?author=1"},"uagb_comment_info":0,"uagb_excerpt":"Agosto, 2019 &#8211; A Eternit \u2013 companhia especializada no fornecimento de mat\u00e9rias-primas, produtos e solu\u00e7\u00f5es para o setor de constru\u00e7\u00e3o civil, e l\u00edder de mercado no segmento de coberturas \u2013 apresenta a primeira telha fotovoltaica com tecnologia desenvolvida no Brasil e aprovada pelo Inmetro, que capta energia solar para a produ\u00e7\u00e3o de energia el\u00e9trica. A&hellip;","_links":{"self":[{"href":"https:\/\/construcaocivil.siriusmarketingedesign.com.br\/index.php?rest_route=\/wp\/v2\/posts\/12485","targetHints":{"allow":["GET"]}}],"collection":[{"href":"https:\/\/construcaocivil.siriusmarketingedesign.com.br\/index.php?rest_route=\/wp\/v2\/posts"}],"about":[{"href":"https:\/\/construcaocivil.siriusmarketingedesign.com.br\/index.php?rest_route=\/wp\/v2\/types\/post"}],"author":[{"embeddable":true,"href":"https:\/\/construcaocivil.siriusmarketingedesign.com.br\/index.php?rest_route=\/wp\/v2\/users\/1"}],"replies":[{"embeddable":true,"href":"https:\/\/construcaocivil.siriusmarketingedesign.com.br\/index.php?rest_route=%2Fwp%2Fv2%2Fcomments&post=12485"}],"version-history":[{"count":0,"href":"https:\/\/construcaocivil.siriusmarketingedesign.com.br\/index.php?rest_route=\/wp\/v2\/posts\/12485\/revisions"}],"wp:featuredmedia":[{"embeddable":true,"href":"https:\/\/construcaocivil.siriusmarketingedesign.com.br\/index.php?rest_route=\/wp\/v2\/media\/12486"}],"wp:attachment":[{"href":"https:\/\/construcaocivil.siriusmarketingedesign.com.br\/index.php?rest_route=%2Fwp%2Fv2%2Fmedia&parent=12485"}],"wp:term":[{"taxonomy":"category","embeddable":true,"href":"https:\/\/construcaocivil.siriusmarketingedesign.com.br\/index.php?rest_route=%2Fwp%2Fv2%2Fcategories&post=12485"},{"taxonomy":"post_tag","embeddable":true,"href":"https:\/\/construcaocivil.siriusmarketingedesign.com.br\/index.php?rest_route=%2Fwp%2Fv2%2Ftags&post=12485"}],"curies":[{"name":"wp","href":"https:\/\/api.w.org\/{rel}","templated":true}]}}