{"id":12506,"date":"2019-09-03T10:29:39","date_gmt":"2019-09-03T13:29:39","guid":{"rendered":"https:\/\/www.jornaldaconstrucaocivil.com.br\/?p=12506"},"modified":"2019-09-03T10:29:39","modified_gmt":"2019-09-03T13:29:39","slug":"vendas-do-varejo-de-material-de-construcao-caem-8-em-agosto-afirma-anamaco","status":"publish","type":"post","link":"https:\/\/construcaocivil.siriusmarketingedesign.com.br\/?p=12506","title":{"rendered":"Vendas do varejo de material de constru\u00e7\u00e3o caem 8%  em agosto, afirma ANAMACO"},"content":{"rendered":"<p style=\"text-align: justify;\"><span style=\"color: #993300;\">Setembro, 2019<\/span> &#8211; A pesquisa mensal do Instituto Anamaco mostra que o com\u00e9rcio de material no m\u00eas de Agosto vendeu 8% menos que o m\u00eas de Julho- comparando com o mesmo per\u00edodo no ano passado, as vendas representam uma queda de 6%. O desempenho abaixo do esperado, por\u00e9m, n\u00e3o abalou a confian\u00e7a dos lojistas: 71% est\u00e3o otimistas com as vendas no m\u00eas de Setembro. O estudo abrange as cinco regi\u00f5es do pa\u00eds- foram ouvidos 530 lojistas entre os dias 26 e 30 de Agosto.<\/p>\n<p><span style=\"color: #0000ff;\"><em>&#8220;O otimismo \u00e9 explicado por conta da Semana do Brasil, iniciativa do Governo Federal que ir\u00e1 fomentar a economia agora&#8221;<\/em><\/span>, explica Cl\u00e1udio Conz, presidente da Anamaco. Ele ressalta que o \u00faltimo trimestre do ano \u00e9 melhor para o setor, pois come\u00e7am as obras e reformas para a temporada de festas: &#8220;O Natal j\u00e1 est\u00e1 a\u00ed. Este \u00e9 o momento em que as pessoas come\u00e7am a planejar e executar as melhorias em suas casas&#8221;.<\/p>\n<p>As regi\u00f5es Centro-Oeste e Sul apresentaram os melhores resultados este m\u00eas: enquanto na primeira as vendas ca\u00edram 8%, na segunda foram 9%. Em regi\u00f5es como Norte (10%) e Nordeste (12%), h\u00e1 uma outra explica\u00e7\u00e3o para a queda no consumo: a temporada de chuvas.<span style=\"color: #0000ff;\"><em> &#8220;O inverno foi tardio e nestas localidades \u00e9 uma \u00e9poca chuvosa&#8221;, afirma Conz. &#8220;Com estes resultados, tivemos que rever a estimativa de crescimento do ano para 5%.<\/em><\/span><br \/>\n<span style=\"color: #0000ff;\"><em>No acumulado, o resultado \u00e9 de 3% e, nos \u00faltimos 12 meses, 4%&#8221;,<\/em><\/span> finaliza.<\/p>\n<p style=\"text-align: justify;\"><strong>Boas expectativas<\/strong><\/p>\n<p>Os lojistas de todo o pa\u00eds acreditam que as vendas de Setembro ser\u00e3o bem melhores que Agosto. Com exce\u00e7\u00e3o dos comerciantes da regi\u00e3o Nordeste, onde 75% deles pensam em melhores vendas, os demais das outras regi\u00f5es tamb\u00e9m t\u00eam boas expectativas: 71% se mostram confiantes com a economia.Destes, cerca de 44% t\u00eam a inten\u00e7\u00e3o de fazer investimentos nos pr\u00f3ximos 12 meses. <span style=\"color: #0000ff;\"><em>&#8220;A contrata\u00e7\u00e3o de funcion\u00e1rios \u00e9 um outro indicador importante: o crescimento desta inten\u00e7\u00e3o cresce gradualmente a cada m\u00eas: em Agosto, 20% devem empregar mais funcion\u00e1rios em suas lojas&#8221;,<\/em><\/span> diz o presidente da Anamaco.<\/p>\n<p>Em lojas especializadas como as de tinta, por exemplo, a expectativa de crescimento das vendas de Setembro representam 60% com destaque para as regi\u00f5es Nordeste (71%) e Sul (73%).<\/p>\n<p>Realizada pelo Instituto de Pesquisas da Anamaco, a Pesquisa Tracking Anamaco tem o apoio da Anfacer, Abrafati e Instituto Crisotila Brasil.deste, por exemplo, o crescimento representa 17%.<\/p>\n<p style=\"text-align: justify;\">Fonte: Imprensa\/ANAMACO<\/p>\n","protected":false},"excerpt":{"rendered":"<p>Setembro, 2019 &#8211; A pesquisa mensal do Instituto Anamaco mostra que o com\u00e9rcio de material no m\u00eas de Agosto vendeu 8% menos que o m\u00eas de Julho- comparando com o mesmo per\u00edodo no ano passado, as vendas representam uma queda de 6%. O desempenho abaixo do esperado, por\u00e9m, n\u00e3o abalou a confian\u00e7a dos lojistas: 71% [&hellip;]<\/p>\n","protected":false},"author":1,"featured_media":12507,"comment_status":"open","ping_status":"open","sticky":false,"template":"","format":"standard","meta":{"_uag_custom_page_level_css":"","footnotes":""},"categories":[33],"tags":[705,4979,5303,17441,7357,7370,8951,10679,17440,17438,17439],"class_list":["post-12506","post","type-post","status-publish","format-standard","has-post-thumbnail","hentry","category-mercado","tag-anamaco","tag-ferramentas-eletricas","tag-furadeiras","tag-lojas-de-material-de-construcao-rio-de-janeiro","tag-material-de-acabamento","tag-material-eletrico","tag-pisos-e-revestimentos","tag-sao-paulo-sp","tag-varejo-lojas-de-todo-o-brasil","tag-varejo-material-de-construcao-centro-oeste-e-sul","tag-vendas-de-tintas"],"blocksy_meta":[],"spectra_blocks_featured_image_url":{"thumbnail":{"url":"https:\/\/construcaocivil.siriusmarketingedesign.com.br\/wp-content\/uploads\/2019\/09\/MATERIAL-DE-CONSTRU\u00c7\u00c3O-OK-150x150.jpg","width":150,"height":150},"medium":{"url":"https:\/\/construcaocivil.siriusmarketingedesign.com.br\/wp-content\/uploads\/2019\/09\/MATERIAL-DE-CONSTRU\u00c7\u00c3O-OK-300x234.jpg","width":300,"height":234},"medium_large":{"url":"https:\/\/construcaocivil.siriusmarketingedesign.com.br\/wp-content\/uploads\/2019\/09\/MATERIAL-DE-CONSTRU\u00c7\u00c3O-OK-768x599.jpg","width":768,"height":599},"large":{"url":"https:\/\/construcaocivil.siriusmarketingedesign.com.br\/wp-content\/uploads\/2019\/09\/MATERIAL-DE-CONSTRU\u00c7\u00c3O-OK.jpg","width":826,"height":644},"full":{"url":"https:\/\/construcaocivil.siriusmarketingedesign.com.br\/wp-content\/uploads\/2019\/09\/MATERIAL-DE-CONSTRU\u00c7\u00c3O-OK.jpg","width":826,"height":644}},"spectra_blocks_author_info":{"display_name":"Jornal da Constru\u00e7\u00e3o Civil","avatar_url":"https:\/\/secure.gravatar.com\/avatar\/973c9774fd44ddaceb026973c4962faa70fc512bc4c9da68e8ebb40fecee6540?s=96&d=mm&r=g","author_link":"https:\/\/construcaocivil.siriusmarketingedesign.com.br\/?author=1","description":"Desde de 2013, levando muitas informa\u00e7\u00f5es, lan\u00e7amentos e produtos de qualidade para toda cadeia produtiva da constru\u00e7\u00e3o. O Futuro da constru\u00e7\u00e3o passa por aqui,"},"uagb_featured_image_src":{"full":["https:\/\/construcaocivil.siriusmarketingedesign.com.br\/wp-content\/uploads\/2019\/09\/MATERIAL-DE-CONSTRU\u00c7\u00c3O-OK.jpg",826,644,false],"thumbnail":["https:\/\/construcaocivil.siriusmarketingedesign.com.br\/wp-content\/uploads\/2019\/09\/MATERIAL-DE-CONSTRU\u00c7\u00c3O-OK-150x150.jpg",150,150,true],"medium":["https:\/\/construcaocivil.siriusmarketingedesign.com.br\/wp-content\/uploads\/2019\/09\/MATERIAL-DE-CONSTRU\u00c7\u00c3O-OK-300x234.jpg",300,234,true],"medium_large":["https:\/\/construcaocivil.siriusmarketingedesign.com.br\/wp-content\/uploads\/2019\/09\/MATERIAL-DE-CONSTRU\u00c7\u00c3O-OK-768x599.jpg",768,599,true],"large":["https:\/\/construcaocivil.siriusmarketingedesign.com.br\/wp-content\/uploads\/2019\/09\/MATERIAL-DE-CONSTRU\u00c7\u00c3O-OK.jpg",826,644,false],"1536x1536":["https:\/\/construcaocivil.siriusmarketingedesign.com.br\/wp-content\/uploads\/2019\/09\/MATERIAL-DE-CONSTRU\u00c7\u00c3O-OK.jpg",826,644,false],"2048x2048":["https:\/\/construcaocivil.siriusmarketingedesign.com.br\/wp-content\/uploads\/2019\/09\/MATERIAL-DE-CONSTRU\u00c7\u00c3O-OK.jpg",826,644,false]},"uagb_author_info":{"display_name":"Jornal da Constru\u00e7\u00e3o Civil","author_link":"https:\/\/construcaocivil.siriusmarketingedesign.com.br\/?author=1"},"uagb_comment_info":0,"uagb_excerpt":"Setembro, 2019 &#8211; A pesquisa mensal do Instituto Anamaco mostra que o com\u00e9rcio de material no m\u00eas de Agosto vendeu 8% menos que o m\u00eas de Julho- comparando com o mesmo per\u00edodo no ano passado, as vendas representam uma queda de 6%. O desempenho abaixo do esperado, por\u00e9m, n\u00e3o abalou a confian\u00e7a dos lojistas: 71%&hellip;","_links":{"self":[{"href":"https:\/\/construcaocivil.siriusmarketingedesign.com.br\/index.php?rest_route=\/wp\/v2\/posts\/12506","targetHints":{"allow":["GET"]}}],"collection":[{"href":"https:\/\/construcaocivil.siriusmarketingedesign.com.br\/index.php?rest_route=\/wp\/v2\/posts"}],"about":[{"href":"https:\/\/construcaocivil.siriusmarketingedesign.com.br\/index.php?rest_route=\/wp\/v2\/types\/post"}],"author":[{"embeddable":true,"href":"https:\/\/construcaocivil.siriusmarketingedesign.com.br\/index.php?rest_route=\/wp\/v2\/users\/1"}],"replies":[{"embeddable":true,"href":"https:\/\/construcaocivil.siriusmarketingedesign.com.br\/index.php?rest_route=%2Fwp%2Fv2%2Fcomments&post=12506"}],"version-history":[{"count":0,"href":"https:\/\/construcaocivil.siriusmarketingedesign.com.br\/index.php?rest_route=\/wp\/v2\/posts\/12506\/revisions"}],"wp:featuredmedia":[{"embeddable":true,"href":"https:\/\/construcaocivil.siriusmarketingedesign.com.br\/index.php?rest_route=\/wp\/v2\/media\/12507"}],"wp:attachment":[{"href":"https:\/\/construcaocivil.siriusmarketingedesign.com.br\/index.php?rest_route=%2Fwp%2Fv2%2Fmedia&parent=12506"}],"wp:term":[{"taxonomy":"category","embeddable":true,"href":"https:\/\/construcaocivil.siriusmarketingedesign.com.br\/index.php?rest_route=%2Fwp%2Fv2%2Fcategories&post=12506"},{"taxonomy":"post_tag","embeddable":true,"href":"https:\/\/construcaocivil.siriusmarketingedesign.com.br\/index.php?rest_route=%2Fwp%2Fv2%2Ftags&post=12506"}],"curies":[{"name":"wp","href":"https:\/\/api.w.org\/{rel}","templated":true}]}}