{"id":12533,"date":"2019-09-05T11:16:56","date_gmt":"2019-09-05T14:16:56","guid":{"rendered":"https:\/\/www.jornaldaconstrucaocivil.com.br\/?p=12533"},"modified":"2019-09-05T11:16:56","modified_gmt":"2019-09-05T14:16:56","slug":"conecta-2019-evento-reune-grandes-nomes-do-varejo-no-rio-de-janeiro","status":"publish","type":"post","link":"https:\/\/construcaocivil.siriusmarketingedesign.com.br\/?p=12533","title":{"rendered":"CONECTA 2019: evento re\u00fane grandes nomes do varejo no Rio de Janeiro"},"content":{"rendered":"<p style=\"text-align: justify;\"><span style=\"color: #993300;\">Setembro, 2019<\/span> &#8211; A cerim\u00f4nia de abertura do Conecta 2019 reuniu representantes do varejo nacional no Rio de Janeiro na manh\u00e3 de ontem(quarta-feira), dia 04, no Vivo Rio. Ao lado do presidente da Associa\u00e7\u00e3o de Supermercados do Rio de Janeiro (ASSERJ), F\u00e1bio Queir\u00f3z, idealizador do Conecta, estiveram Ant\u00f4nio Queiroz, presidente da Fecom\u00e9rcio-RJ; Alexandre Sampaio, presidente da Federa\u00e7\u00e3o Brasileira de Hospedagem e Alimenta\u00e7\u00e3o (FBHA); Luiz Seco da AZOV; o presidente da Agerio Alexandre Rodrigues; e Ricardo Valdetaro, VP da Associa\u00e7\u00e3o do Com\u00e9rcio Farmac\u00eautico do Estado do Rio de Janeiro (Ascoferj).<\/p>\n<p style=\"text-align: justify;\">&#8220;A tecnologia n\u00e3o \u00e9 t\u00e3o cara e complexa quanto se imagina. Tentamos trazer para esse evento muita experimenta\u00e7\u00e3o. Imaginamos com muito carinho para colocar aqui tudo que modificar\u00e1 o varejo em muito pouco tempo. Daqui 5 anos, o varejo n\u00e3o ser\u00e1 mais o que \u00e9 hoje&#8221;, disse F\u00e1bio Queir\u00f3z, durante o evento de abertura.<\/p>\n<figure id=\"attachment_12535\" aria-describedby=\"caption-attachment-12535\" style=\"width: 300px\" class=\"wp-caption alignleft\"><img loading=\"lazy\" decoding=\"async\" class=\"size-medium wp-image-12535\" src=\"https:\/\/www.jornaldaconstrucaocivil.com.br\/wp-content\/uploads\/2019\/09\/5-_-cr\u00e9dito-Urbano-Erbiste-300x200.jpeg\" alt=\"\" width=\"300\" height=\"200\" srcset=\"https:\/\/construcaocivil.siriusmarketingedesign.com.br\/wp-content\/uploads\/2019\/09\/5-_-cr\u00e9dito-Urbano-Erbiste-300x200.jpeg 300w, https:\/\/construcaocivil.siriusmarketingedesign.com.br\/wp-content\/uploads\/2019\/09\/5-_-cr\u00e9dito-Urbano-Erbiste-768x512.jpeg 768w, https:\/\/construcaocivil.siriusmarketingedesign.com.br\/wp-content\/uploads\/2019\/09\/5-_-cr\u00e9dito-Urbano-Erbiste-1024x682.jpeg 1024w, https:\/\/construcaocivil.siriusmarketingedesign.com.br\/wp-content\/uploads\/2019\/09\/5-_-cr\u00e9dito-Urbano-Erbiste-450x300.jpeg 450w, https:\/\/construcaocivil.siriusmarketingedesign.com.br\/wp-content\/uploads\/2019\/09\/5-_-cr\u00e9dito-Urbano-Erbiste.jpeg 1280w\" sizes=\"auto, (max-width: 300px) 100vw, 300px\" \/><figcaption id=\"caption-attachment-12535\" class=\"wp-caption-text\">Cr\u00e9dito: Urbano Erbiste<\/figcaption><\/figure>\n<p style=\"text-align: justify;\">Para ele, modificar a experi\u00eancia do consumidor nas lojas \u00e9 um diferencial, assim como come\u00e7ar a falar mais de valor do que pre\u00e7o levando o consumidor para as lojas como ponto de encontro, de absor\u00e7\u00e3o de conte\u00fado, transforma\u00e7\u00e3o dos consumidores e conex\u00e3o com a marca. &#8220;Eu, como l\u00edder de mercado, tenho a miss\u00e3o e prop\u00f3sito de desenvolver e transformar o setor ao m\u00e1ximo em um trabalho conjunto de lideran\u00e7a compartilhada. Esse evento \u00e9 uma gota, dentro de um oceano de necessidades do setor varejista no Rio de Janeiro&#8221;, contou o presidente da ASSERJ.<\/p>\n<p style=\"text-align: justify;\">A primeira palestra do palco principal foi de Pedro Doria. O jornalista e escritor falou sobre &#8220;O impacto da transforma\u00e7\u00e3o digital&#8221; a partir de 10 insights diferentes sobre o futuro. Ele tra\u00e7ou um panorama hist\u00f3rico de como o surgimento de tecnologias mudou e muda toda a sociedade, como ocorreu na Revolu\u00e7\u00e3o Industrial. &#8220;Estamos no meio de uma revolu\u00e7\u00e3o industrial. Pesquisas apontam que as formas de trabalho e muitas profiss\u00f5es j\u00e1 deixaram de existir ou est\u00e3o em extin\u00e7\u00e3o. Com o 5G e a internet das coisas, o mundo f\u00edsico e o virtual est\u00e3o totalmente integrados&#8221;, disse o palestrante que n\u00e3o tem ideia do que vai acontecer no futuro, mas que garante que \u00e9 preciso estar preparado. &#8220;O mundo vai mudar muito e muito r\u00e1pido nos pr\u00f3ximos 30 anos&#8221;, falou Pedro.<\/p>\n<p style=\"text-align: justify;\"><b><span style=\"color: #993300;\">O Conecta<\/span>\u00a0<\/b>&#8211; Nos dias 4 e 5 de setembro o Rio de Janeiro recebe mais uma edi\u00e7\u00e3o do primeiro evento de tecnologia para o varejo. Realizado pela Associa\u00e7\u00e3o de Supermercados do Estado do Rio de Janeiro (ASSERJ) e Escala Eventos, o Conecta apresenta as principais tend\u00eancias em tecnologia n\u00e3o s\u00f3 para o setor supermercadista, mas tamb\u00e9m para os segmentos de supermercados, food service, farm\u00e1cias, shoppings e moda. Outra novidade \u00e9 que, diante de mais conte\u00fado e expositores, os visitantes ter\u00e3o dois dias para se aprimorar e conhecer as novidades que norteiam o setor e contratar as melhores solu\u00e7\u00f5es para o seu neg\u00f3cio.<\/p>\n<figure id=\"attachment_12536\" aria-describedby=\"caption-attachment-12536\" style=\"width: 262px\" class=\"wp-caption alignright\"><img loading=\"lazy\" decoding=\"async\" class=\"size-medium wp-image-12536\" src=\"https:\/\/www.jornaldaconstrucaocivil.com.br\/wp-content\/uploads\/2019\/09\/Presidente-da-ASSERJ-F\u00e1bio-Queiroz-_-2-_-cr\u00e9dito-Urbano-Erbiste-262x300.jpeg\" alt=\"\" width=\"262\" height=\"300\" srcset=\"https:\/\/construcaocivil.siriusmarketingedesign.com.br\/wp-content\/uploads\/2019\/09\/Presidente-da-ASSERJ-F\u00e1bio-Queiroz-_-2-_-cr\u00e9dito-Urbano-Erbiste-262x300.jpeg 262w, https:\/\/construcaocivil.siriusmarketingedesign.com.br\/wp-content\/uploads\/2019\/09\/Presidente-da-ASSERJ-F\u00e1bio-Queiroz-_-2-_-cr\u00e9dito-Urbano-Erbiste-768x879.jpeg 768w, https:\/\/construcaocivil.siriusmarketingedesign.com.br\/wp-content\/uploads\/2019\/09\/Presidente-da-ASSERJ-F\u00e1bio-Queiroz-_-2-_-cr\u00e9dito-Urbano-Erbiste-894x1024.jpeg 894w, https:\/\/construcaocivil.siriusmarketingedesign.com.br\/wp-content\/uploads\/2019\/09\/Presidente-da-ASSERJ-F\u00e1bio-Queiroz-_-2-_-cr\u00e9dito-Urbano-Erbiste.jpeg 1118w\" sizes=\"auto, (max-width: 262px) 100vw, 262px\" \/><figcaption id=\"caption-attachment-12536\" class=\"wp-caption-text\">Presidente da ASSERJ F\u00e1bio Queiroz. Cr\u00e9dito: Urbano Erbiste<\/figcaption><\/figure>\n<p style=\"text-align: justify;\">O Conecta ocorre no Vivo Rio, principal casa de espet\u00e1culos da cidade, situada no Aterro do Flamengo, Zona Sul. S\u00e3o mais de 50 stands de exposi\u00e7\u00e3o, lounge, tr\u00eas audit\u00f3rio, e experi\u00eancias tecnol\u00f3gicas para os visitantes.<\/p>\n<p><b>Conhe\u00e7a alguns dos palestrantes confirmados nesta edi\u00e7\u00e3o:<\/b><\/p>\n<p style=\"text-align: justify;\"><span style=\"color: #0000ff;\"><strong>Simone Sancho, Digital Marketing &amp; CRM Executive Latam da Sephora,<\/strong><\/span> \u00e9 respons\u00e1vel pela estrat\u00e9gia de neg\u00f3cios digitais e vendas de com\u00e9rcio eletr\u00f4nico da maior empresa de dermocosm\u00e9ticos do mundo, supervisionando \u00e1reas como Trade Marketing, Social Media, UX e gest\u00e3o de relacionamento com o cliente. Ela trar\u00e1 para o Conecta muitos insights e inova\u00e7\u00f5es do mundo do varejo.<\/p>\n<p style=\"text-align: justify;\"><span style=\"color: #0000ff;\"><strong>Ruy Shiozawa<\/strong><\/span> \u00e9 presidente do Great Place to Work, palestrante em v\u00e1rios pa\u00edses e colunista em diversas publica\u00e7\u00f5es, autor de dois livros e com mais de seis pr\u00eamios nacionais e internacionais, ele vai falar no Conecta sobre neg\u00f3cios, gest\u00e3o, recursos humanos, tecnologia e muito mais.<\/p>\n<p style=\"text-align: justify;\"><span style=\"color: #0000ff;\"><strong>Pedro Salom\u00e3o<\/strong> <\/span>\u00e9 fundador &amp; CEO da Radio Ibiza Sensorial, autor e um dos maiores palestrantes do pa\u00eds, realizando mais de 1.000 palestras pelo Brasil para mais de 100 mil pessoas. No Conecta, ele vai falar sobre comportamento do consumidor, lideran\u00e7a, import\u00e2ncia do ser humano, felicidade e carreira.<\/p>\n<p style=\"text-align: justify;\"><span style=\"color: #0000ff;\"><strong>Gustavo Coelho<\/strong> <\/span>\u00e9 especialista em Google Ads para empres\u00e1rios. Com in\u00fameros cases de sucesso, ele vai falar sobre o assunto e tudo que os profissionais da \u00e1rea precisam fazer para suas campanhas voarem!<\/p>\n<p style=\"text-align: justify;\"><span style=\"color: #0000ff;\"><strong>Edmour Saiani<\/strong><\/span> \u00e9 a mente vision\u00e1ria por tr\u00e1s da Ponto de Refer\u00eancia, a \u00fanica empresa brasileira especializada na constru\u00e7\u00e3o da cultura de servir e implantar atendimento como estrat\u00e9gia de marca. Com foco em inova\u00e7\u00e3o, sua trajet\u00f3ria \u00e9 marcada pelo desafio de ajudar empresas como L&#8217;Or\u00e9al, Whirpool, P\u00e3o de A\u00e7\u00facar e Oi a olhar as necessidades de cada consumidor com foco no cliente. Ele vai trazer para o Conecta o que \u00e9 Varejo PHD: Physical, Human e Digital e como construir novas experi\u00eancias para clientes nesse cen\u00e1rio.<\/p>\n<p style=\"text-align: justify;\"><span style=\"color: #0000ff;\"><strong>Ana Luiza e Pedro Vidal, da Seu Vidal Sanduicheria<\/strong> <\/span>&#8211; Formado como administrador, Pedro sempre teve o sonho de criar um nego\u0301cio pro\u0301prio e hoje, fundador do Seu Vidal Sanduicheria, sempre impulsiona a empresa a embarcar em novas experi\u00eancias e a estar sempre a\u0300 frente de novidades. Ana Luiza que come\u00e7ou ajudando o irm\u00e3o e hoje s\u00f3cio, Pedro, \u00e9 a respons\u00e1vel pela identidade visual, administra\u00e7\u00e3o e gesta\u0303o da marca. Eles v\u00e3o estar presentes no Food Stage do Conecta, falando sobre a autonomia do cliente atrav\u00e9s do mobile e muito mais<\/p>\n<p style=\"text-align: justify;\"><span style=\"color: #0000ff;\"><strong>Thiago Falanga \u00e9 Head of Mobile na Fulllab<\/strong><\/span>, respons\u00e1vel pelas \u00e1reas de Opera\u00e7\u00e3o, Atendimento, Marketing e Comercial, com 16 anos de mercado, atuou na \u00e1rea de Supply Chain e em toda cadeia comercial na Whirlpool SA, e na \u00e1rea de Advertising como Head of Industry na Microsoft e AOL. Com mais de 16 anos de mercado, ele estar\u00e1 presente no Food Stage do Conecta falando sobre a autonomia do cliente atrav\u00e9s do mobile, o poder de compra atrav\u00e9s dos aplicativos no mundo do Varejo e muito mais.<\/p>\n<p style=\"text-align: justify;\"><span style=\"color: #0000ff;\"><strong>Rafael Oliveira \u00e9 gerente comercial da Concilbr<\/strong><\/span>, ele vai apresentar o novo comportamento do consumidor e quais meios de tecnologias v\u00e3o ajudar na gest\u00e3o e evolu\u00e7\u00e3o do seu neg\u00f3cio. Rafael j\u00e1 criou algumas metodologias de palestras e cursos, utilizados no desenvolvimento de canais de revenda e vai contar tudo no Conecta.<\/p>\n<p style=\"text-align: justify;\"><span style=\"color: #0000ff;\"><strong>Dr. Carlos Camargo \u00e9 CEO da Brasil Telemedicina<\/strong><\/span>. Ele estar\u00e1 presente no Pharma Stage do Conecta falando sobre como a Brasil Telemedicina integrou M\u00e9dico e Paciente atrav\u00e9s de um Aplicativo, trazendo conforto e comodidade, com atendimento personalizado 24h nos 365 dias no ano de m\u00e9dicos especializados, solu\u00e7\u00f5es online e muito mais.<\/p>\n<p style=\"text-align: justify;\">\u00a0<strong><span style=\"color: #0000ff;\">Luiz Secco \u00e9 s\u00f3cio-fundador da Azov<\/span><\/strong>, com mais de 250 marcas no curr\u00edculo, ele vai estar no Fashion Stage da 2\u00aa Edi\u00e7\u00e3o do Conecta falando sobre tudo que h\u00e1 de relevante em tecnologia para o Varejo: O que \u00e9 obrigat\u00f3rio ter hoje, e o que ser\u00e1 obrigat\u00f3rio amanh\u00e3.<\/p>\n<p><b>SERVI\u00c7O<\/b><\/p>\n<p><b>Conecta 2019<\/b><\/p>\n<p>4 e 5 de setembro de 2019<\/p>\n<p>Vivo Rio \u2013 Rio de Janeiro | RJ<\/p>\n<p>Informa\u00e7\u00f5es e programa\u00e7\u00e3o completa:\u00a0<span style=\"text-decoration: underline;\"><span style=\"color: #0000ff;\"><a style=\"color: #0000ff; text-decoration: underline;\" href=\"https:\/\/www.conectavarejo.com\/\" target=\"_blank\" rel=\"noopener noreferrer\">https:\/\/www.conectavarejo.com\/<\/a><\/span><\/span><\/p>\n<p><span style=\"text-decoration: underline;\"><span style=\"color: #0000ff;\"><a style=\"color: #0000ff; text-decoration: underline;\" href=\"https:\/\/www.instagram.com\/conectavarejo\/\" target=\"_blank\" rel=\"noopener noreferrer\">https:\/\/www.instagram.com\/conectavarejo\/<\/a><\/span><\/span><\/p>\n<p>Fonte: Imprensa\/CONECTA 2019<\/p>\n<p>&nbsp;<\/p>\n","protected":false},"excerpt":{"rendered":"<p>Setembro, 2019 &#8211; A cerim\u00f4nia de abertura do Conecta 2019 reuniu representantes do varejo nacional no Rio de Janeiro na manh\u00e3 de ontem(quarta-feira), dia 04, no Vivo Rio. Ao lado do presidente da Associa\u00e7\u00e3o de Supermercados do Rio de Janeiro (ASSERJ), F\u00e1bio Queir\u00f3z, idealizador do Conecta, estiveram Ant\u00f4nio Queiroz, presidente da Fecom\u00e9rcio-RJ; Alexandre Sampaio, presidente [&hellip;]<\/p>\n","protected":false},"author":1,"featured_media":12534,"comment_status":"open","ping_status":"open","sticky":false,"template":"","format":"standard","meta":{"_uag_custom_page_level_css":"","footnotes":""},"categories":[33],"tags":[17475,17477,17473,17471,5788,7005,17470,10375,10951,17474,17469,17476,17472],"class_list":["post-12533","post","type-post","status-publish","format-standard","has-post-thumbnail","hentry","category-mercado","tag-agricultura-e-vendas-de-alimentos","tag-agronegocios-tecnologia-a-servico-do-varejo","tag-associacao-de-supermercados-do-rio-de-janeiro-asserj","tag-conecta-2019","tag-home-centers","tag-lojas-de-material-de-construcao","tag-lojistas-varejo-e-vendas","tag-rio-de-janeiro","tag-servicos-de-tecnologia","tag-supermercados-adotam-tecnologia","tag-tecnologia-de-servicos-para-o-varejo","tag-vestuario","tag-vivo-rio"],"blocksy_meta":[],"spectra_blocks_featured_image_url":{"thumbnail":{"url":"https:\/\/construcaocivil.siriusmarketingedesign.com.br\/wp-content\/uploads\/2019\/09\/cr\u00e9dito-Urbano-Erbiste-150x150.jpeg","width":150,"height":150},"medium":{"url":"https:\/\/construcaocivil.siriusmarketingedesign.com.br\/wp-content\/uploads\/2019\/09\/cr\u00e9dito-Urbano-Erbiste-300x209.jpeg","width":300,"height":209},"medium_large":{"url":"https:\/\/construcaocivil.siriusmarketingedesign.com.br\/wp-content\/uploads\/2019\/09\/cr\u00e9dito-Urbano-Erbiste-768x536.jpeg","width":768,"height":536},"large":{"url":"https:\/\/construcaocivil.siriusmarketingedesign.com.br\/wp-content\/uploads\/2019\/09\/cr\u00e9dito-Urbano-Erbiste-1024x714.jpeg","width":1024,"height":714},"full":{"url":"https:\/\/construcaocivil.siriusmarketingedesign.com.br\/wp-content\/uploads\/2019\/09\/cr\u00e9dito-Urbano-Erbiste.jpeg","width":1280,"height":893}},"spectra_blocks_author_info":{"display_name":"Jornal da Constru\u00e7\u00e3o Civil","avatar_url":"https:\/\/secure.gravatar.com\/avatar\/973c9774fd44ddaceb026973c4962faa70fc512bc4c9da68e8ebb40fecee6540?s=96&d=mm&r=g","author_link":"https:\/\/construcaocivil.siriusmarketingedesign.com.br\/?author=1","description":"Desde de 2013, levando muitas informa\u00e7\u00f5es, lan\u00e7amentos e produtos de qualidade para toda cadeia produtiva da constru\u00e7\u00e3o. O Futuro da constru\u00e7\u00e3o passa por aqui,"},"uagb_featured_image_src":{"full":["https:\/\/construcaocivil.siriusmarketingedesign.com.br\/wp-content\/uploads\/2019\/09\/cr\u00e9dito-Urbano-Erbiste.jpeg",1280,893,false],"thumbnail":["https:\/\/construcaocivil.siriusmarketingedesign.com.br\/wp-content\/uploads\/2019\/09\/cr\u00e9dito-Urbano-Erbiste-150x150.jpeg",150,150,true],"medium":["https:\/\/construcaocivil.siriusmarketingedesign.com.br\/wp-content\/uploads\/2019\/09\/cr\u00e9dito-Urbano-Erbiste-300x209.jpeg",300,209,true],"medium_large":["https:\/\/construcaocivil.siriusmarketingedesign.com.br\/wp-content\/uploads\/2019\/09\/cr\u00e9dito-Urbano-Erbiste-768x536.jpeg",768,536,true],"large":["https:\/\/construcaocivil.siriusmarketingedesign.com.br\/wp-content\/uploads\/2019\/09\/cr\u00e9dito-Urbano-Erbiste-1024x714.jpeg",1024,714,true],"1536x1536":["https:\/\/construcaocivil.siriusmarketingedesign.com.br\/wp-content\/uploads\/2019\/09\/cr\u00e9dito-Urbano-Erbiste.jpeg",1280,893,false],"2048x2048":["https:\/\/construcaocivil.siriusmarketingedesign.com.br\/wp-content\/uploads\/2019\/09\/cr\u00e9dito-Urbano-Erbiste.jpeg",1280,893,false]},"uagb_author_info":{"display_name":"Jornal da Constru\u00e7\u00e3o Civil","author_link":"https:\/\/construcaocivil.siriusmarketingedesign.com.br\/?author=1"},"uagb_comment_info":0,"uagb_excerpt":"Setembro, 2019 &#8211; A cerim\u00f4nia de abertura do Conecta 2019 reuniu representantes do varejo nacional no Rio de Janeiro na manh\u00e3 de ontem(quarta-feira), dia 04, no Vivo Rio. Ao lado do presidente da Associa\u00e7\u00e3o de Supermercados do Rio de Janeiro (ASSERJ), F\u00e1bio Queir\u00f3z, idealizador do Conecta, estiveram Ant\u00f4nio Queiroz, presidente da Fecom\u00e9rcio-RJ; Alexandre Sampaio, presidente&hellip;","_links":{"self":[{"href":"https:\/\/construcaocivil.siriusmarketingedesign.com.br\/index.php?rest_route=\/wp\/v2\/posts\/12533","targetHints":{"allow":["GET"]}}],"collection":[{"href":"https:\/\/construcaocivil.siriusmarketingedesign.com.br\/index.php?rest_route=\/wp\/v2\/posts"}],"about":[{"href":"https:\/\/construcaocivil.siriusmarketingedesign.com.br\/index.php?rest_route=\/wp\/v2\/types\/post"}],"author":[{"embeddable":true,"href":"https:\/\/construcaocivil.siriusmarketingedesign.com.br\/index.php?rest_route=\/wp\/v2\/users\/1"}],"replies":[{"embeddable":true,"href":"https:\/\/construcaocivil.siriusmarketingedesign.com.br\/index.php?rest_route=%2Fwp%2Fv2%2Fcomments&post=12533"}],"version-history":[{"count":0,"href":"https:\/\/construcaocivil.siriusmarketingedesign.com.br\/index.php?rest_route=\/wp\/v2\/posts\/12533\/revisions"}],"wp:featuredmedia":[{"embeddable":true,"href":"https:\/\/construcaocivil.siriusmarketingedesign.com.br\/index.php?rest_route=\/wp\/v2\/media\/12534"}],"wp:attachment":[{"href":"https:\/\/construcaocivil.siriusmarketingedesign.com.br\/index.php?rest_route=%2Fwp%2Fv2%2Fmedia&parent=12533"}],"wp:term":[{"taxonomy":"category","embeddable":true,"href":"https:\/\/construcaocivil.siriusmarketingedesign.com.br\/index.php?rest_route=%2Fwp%2Fv2%2Fcategories&post=12533"},{"taxonomy":"post_tag","embeddable":true,"href":"https:\/\/construcaocivil.siriusmarketingedesign.com.br\/index.php?rest_route=%2Fwp%2Fv2%2Ftags&post=12533"}],"curies":[{"name":"wp","href":"https:\/\/api.w.org\/{rel}","templated":true}]}}