{"id":12538,"date":"2019-09-05T11:33:40","date_gmt":"2019-09-05T14:33:40","guid":{"rendered":"https:\/\/www.jornaldaconstrucaocivil.com.br\/?p=12538"},"modified":"2019-09-05T11:33:40","modified_gmt":"2019-09-05T14:33:40","slug":"brasil-precisa-qualificar-mais-de-10-milhoes-de-trabalhadores-para-a-industria-ate-2023","status":"publish","type":"post","link":"https:\/\/construcaocivil.siriusmarketingedesign.com.br\/?p=12538","title":{"rendered":"Brasil precisa qualificar mais de 10 milh\u00f5es de trabalhadores para a ind\u00fastria at\u00e9 2023"},"content":{"rendered":"<p style=\"text-align: justify;\"><span style=\"color: #993300;\">Setembro, 2019<\/span> &#8211; Dez milh\u00f5es e meio. Esse \u00e9 o n\u00famero de profissionais ligados \u00e0 tecnologia que precisam ser qualificados para trabalhar na ind\u00fastria brasileira at\u00e9 2023. Os dados do Mapa Industrial do Trabalho, publicado pelo Servi\u00e7o Nacional de Aprendizagem Industrial (Senai), apontam que a maior demanda ser\u00e1 por qualifica\u00e7\u00e3o de trabalhadores que j\u00e1 est\u00e3o empregados e, em menor parcela (22%), capacita\u00e7\u00e3o para quem ainda vai ingressar no mercado de trabalho. O estudo tamb\u00e9m prev\u00ea que as vagas dispon\u00edveis aumentar\u00e3o em 22,4% no mesmo per\u00edodo.<\/p>\n<p style=\"text-align: justify;\">\u201cN\u00f3s percebemos as mudan\u00e7as no mercado de trabalho quase em tempo real, e elas impactam diretamente o meio acad\u00eamico. Usamos a experi\u00eancia dos estudantes que est\u00e3o fazendo segunda gradua\u00e7\u00e3o e de nossos professores \u2018rec\u00e9m-chegados\u2019 para avaliar o que est\u00e1 sendo exigido dos profissionais. Assim podemos repensar constantemente nosso perfil formativo\u201d, diz o coordenador de Engenharia da Computa\u00e7\u00e3o do Centro Universit\u00e1rio Internacional Uninter, Frank Alcantara.<\/p>\n<p style=\"text-align: justify;\">Como exemplo, o professor assinala duas disciplinas que s\u00e3o oferecidas na institui\u00e7\u00e3o: Computa\u00e7\u00e3o Qu\u00e2ntica e Intelig\u00eancia Artificial, al\u00e9m de conte\u00fados sobre internet das coisas e ind\u00fastria 4.0. \u201cEm especial na disciplina de Computa\u00e7\u00e3o Qu\u00e2ntica, estamos antecipando uma necessidade que o mercado ter\u00e1 em quatro ou cinco anos. \u00c9 preciso ficar de olho no futuro\u201d, defende.<\/p>\n<p style=\"text-align: justify;\">As tecnologias tamb\u00e9m podem ser usadas para modernizar a pr\u00f3pria educa\u00e7\u00e3o. Com a populariza\u00e7\u00e3o do ensino a dist\u00e2ncia, a tecnologia de realidade virtual, por exemplo, leva experi\u00eancias imersivas aos estudantes que est\u00e3o longe. \u201cN\u00f3s j\u00e1 estamos desenvolvendo um laborat\u00f3rio em realidade virtual, no qual os estudantes poder\u00e3o realizar experimentos. Tamb\u00e9m estamos planejando um tutor inteligente, usando intelig\u00eancia artificial, que vai guiar os estudantes, adaptando a rota de aprendizagem de cada um\u201d, conta.<\/p>\n<p>Acesse o site <span style=\"text-decoration: underline;\"><span style=\"color: #0000ff; text-decoration: underline;\">www.uninter.com\/<\/span><\/span><\/p>\n<p>Fonte: Imprensa\/Grupo Uninter<\/p>\n","protected":false},"excerpt":{"rendered":"<p>Setembro, 2019 &#8211; Dez milh\u00f5es e meio. Esse \u00e9 o n\u00famero de profissionais ligados \u00e0 tecnologia que precisam ser qualificados para trabalhar na ind\u00fastria brasileira at\u00e9 2023. Os dados do Mapa Industrial do Trabalho, publicado pelo Servi\u00e7o Nacional de Aprendizagem Industrial (Senai), apontam que a maior demanda ser\u00e1 por qualifica\u00e7\u00e3o de trabalhadores que j\u00e1 est\u00e3o [&hellip;]<\/p>\n","protected":false},"author":1,"featured_media":12539,"comment_status":"open","ping_status":"open","sticky":false,"template":"","format":"standard","meta":{"_uag_custom_page_level_css":"","footnotes":""},"categories":[27],"tags":[16742,651,2046,3269,3971,17481,17479,9846,10679,17478,17480],"class_list":["post-12538","post","type-post","status-publish","format-standard","has-post-thumbnail","hentry","category-acontece","tag-13-milhoes-de-desempregados","tag-amazonas","tag-ceara","tag-curitiba-pr","tag-educacao-profissional","tag-educacao-x-crise-economica","tag-grupo-uninter-centro-universitario","tag-qualificacao-profissional","tag-sao-paulo-sp","tag-servico-nacional-de-aprendizagem-industrial-senai","tag-trabalhadores-x-industria-4-0"],"blocksy_meta":[],"spectra_blocks_featured_image_url":{"thumbnail":{"url":"https:\/\/construcaocivil.siriusmarketingedesign.com.br\/wp-content\/uploads\/2019\/09\/industria_uninter-150x150.jpg","width":150,"height":150},"medium":{"url":"https:\/\/construcaocivil.siriusmarketingedesign.com.br\/wp-content\/uploads\/2019\/09\/industria_uninter-300x200.jpg","width":300,"height":200},"medium_large":{"url":"https:\/\/construcaocivil.siriusmarketingedesign.com.br\/wp-content\/uploads\/2019\/09\/industria_uninter-768x512.jpg","width":768,"height":512},"large":{"url":"https:\/\/construcaocivil.siriusmarketingedesign.com.br\/wp-content\/uploads\/2019\/09\/industria_uninter-1024x682.jpg","width":1024,"height":682},"full":{"url":"https:\/\/construcaocivil.siriusmarketingedesign.com.br\/wp-content\/uploads\/2019\/09\/industria_uninter.jpg","width":1280,"height":853}},"spectra_blocks_author_info":{"display_name":"Jornal da Constru\u00e7\u00e3o Civil","avatar_url":"https:\/\/secure.gravatar.com\/avatar\/973c9774fd44ddaceb026973c4962faa70fc512bc4c9da68e8ebb40fecee6540?s=96&d=mm&r=g","author_link":"https:\/\/construcaocivil.siriusmarketingedesign.com.br\/?author=1","description":"Desde de 2013, levando muitas informa\u00e7\u00f5es, lan\u00e7amentos e produtos de qualidade para toda cadeia produtiva da constru\u00e7\u00e3o. O Futuro da constru\u00e7\u00e3o passa por aqui,"},"uagb_featured_image_src":{"full":["https:\/\/construcaocivil.siriusmarketingedesign.com.br\/wp-content\/uploads\/2019\/09\/industria_uninter.jpg",1280,853,false],"thumbnail":["https:\/\/construcaocivil.siriusmarketingedesign.com.br\/wp-content\/uploads\/2019\/09\/industria_uninter-150x150.jpg",150,150,true],"medium":["https:\/\/construcaocivil.siriusmarketingedesign.com.br\/wp-content\/uploads\/2019\/09\/industria_uninter-300x200.jpg",300,200,true],"medium_large":["https:\/\/construcaocivil.siriusmarketingedesign.com.br\/wp-content\/uploads\/2019\/09\/industria_uninter-768x512.jpg",768,512,true],"large":["https:\/\/construcaocivil.siriusmarketingedesign.com.br\/wp-content\/uploads\/2019\/09\/industria_uninter-1024x682.jpg",1024,682,true],"1536x1536":["https:\/\/construcaocivil.siriusmarketingedesign.com.br\/wp-content\/uploads\/2019\/09\/industria_uninter.jpg",1280,853,false],"2048x2048":["https:\/\/construcaocivil.siriusmarketingedesign.com.br\/wp-content\/uploads\/2019\/09\/industria_uninter.jpg",1280,853,false]},"uagb_author_info":{"display_name":"Jornal da Constru\u00e7\u00e3o Civil","author_link":"https:\/\/construcaocivil.siriusmarketingedesign.com.br\/?author=1"},"uagb_comment_info":0,"uagb_excerpt":"Setembro, 2019 &#8211; Dez milh\u00f5es e meio. Esse \u00e9 o n\u00famero de profissionais ligados \u00e0 tecnologia que precisam ser qualificados para trabalhar na ind\u00fastria brasileira at\u00e9 2023. Os dados do Mapa Industrial do Trabalho, publicado pelo Servi\u00e7o Nacional de Aprendizagem Industrial (Senai), apontam que a maior demanda ser\u00e1 por qualifica\u00e7\u00e3o de trabalhadores que j\u00e1 est\u00e3o&hellip;","_links":{"self":[{"href":"https:\/\/construcaocivil.siriusmarketingedesign.com.br\/index.php?rest_route=\/wp\/v2\/posts\/12538","targetHints":{"allow":["GET"]}}],"collection":[{"href":"https:\/\/construcaocivil.siriusmarketingedesign.com.br\/index.php?rest_route=\/wp\/v2\/posts"}],"about":[{"href":"https:\/\/construcaocivil.siriusmarketingedesign.com.br\/index.php?rest_route=\/wp\/v2\/types\/post"}],"author":[{"embeddable":true,"href":"https:\/\/construcaocivil.siriusmarketingedesign.com.br\/index.php?rest_route=\/wp\/v2\/users\/1"}],"replies":[{"embeddable":true,"href":"https:\/\/construcaocivil.siriusmarketingedesign.com.br\/index.php?rest_route=%2Fwp%2Fv2%2Fcomments&post=12538"}],"version-history":[{"count":0,"href":"https:\/\/construcaocivil.siriusmarketingedesign.com.br\/index.php?rest_route=\/wp\/v2\/posts\/12538\/revisions"}],"wp:featuredmedia":[{"embeddable":true,"href":"https:\/\/construcaocivil.siriusmarketingedesign.com.br\/index.php?rest_route=\/wp\/v2\/media\/12539"}],"wp:attachment":[{"href":"https:\/\/construcaocivil.siriusmarketingedesign.com.br\/index.php?rest_route=%2Fwp%2Fv2%2Fmedia&parent=12538"}],"wp:term":[{"taxonomy":"category","embeddable":true,"href":"https:\/\/construcaocivil.siriusmarketingedesign.com.br\/index.php?rest_route=%2Fwp%2Fv2%2Fcategories&post=12538"},{"taxonomy":"post_tag","embeddable":true,"href":"https:\/\/construcaocivil.siriusmarketingedesign.com.br\/index.php?rest_route=%2Fwp%2Fv2%2Ftags&post=12538"}],"curies":[{"name":"wp","href":"https:\/\/api.w.org\/{rel}","templated":true}]}}