{"id":1254,"date":"2016-04-04T17:06:46","date_gmt":"2016-04-04T17:06:46","guid":{"rendered":"http:\/\/www.jornaldaconstrucaocivil.com.br\/?p=1254"},"modified":"2016-04-04T17:06:46","modified_gmt":"2016-04-04T17:06:46","slug":"sindmoveis-bento-goncalves-estreia-no-isaloni-com-projeto-de-exportacao-do-design-nacional","status":"publish","type":"post","link":"https:\/\/construcaocivil.siriusmarketingedesign.com.br\/?p=1254","title":{"rendered":"Sindm\u00f3veis Bento Gon\u00e7alves estreia no ISaloni com projeto de exporta\u00e7\u00e3o do design nacional"},"content":{"rendered":"<p><strong><span style=\"color: #0000ff;\"><em>Resultado de uma parceira com a Apex-Brasil, mostra do Projeto Raiz ter\u00e1 produtos assinados por nove est\u00fadios brasileiros<\/em><\/span><\/strong><\/p>\n<p><span style=\"color: #000000;\">O Sindm\u00f3veis Bento Gon\u00e7alves far\u00e1 neste ano sua estreia no Sal\u00e3o Internacional do M\u00f3vel de Mil\u00e3o (ISaloni), que acontece entre os dias 12 e 17 de abril, na It\u00e1lia. A entidade ter\u00e1 um espa\u00e7o de 100 metros quadrados para a mostra do Projeto Raiz, iniciativa desenvolvida em parceria com a Apex-Brasil para promover a exporta\u00e7\u00e3o do design brasileiro. Ser\u00e3o apresentados, neste local, produtos de nove est\u00fadios nacionais: Bruno Faucz, estudiobola, Guto Indio da Costa, Jader Almeida, Juliana Lluss\u00e1, Marta Manente, Paulo Alves, Ronald Scliar Sasson e S\u00e9rgio Fahrer;<\/span><\/p>\n<p><span style=\"color: #000000;\">Al\u00e9m disso, o Projeto Raiz ter\u00e1 um espa\u00e7o de relacionamento na mostra Brazil S\/A. Neste ambiente, tamb\u00e9m estar\u00e3o presentes o DW! S\u00e3o Paulo Design Weekend e a High Design \u2013 Home &amp; Office Expo, feira de tend\u00eancias, inova\u00e7\u00f5es e lan\u00e7amentos em mobili\u00e1rio de alto padr\u00e3o, que estreia em agosto deste ano como \u00e2ncora do festival brasileiro. S\u00e3o esperados para os seis dias de evento mais de 300 mil visitantes profissionais de 160 pa\u00edses.<\/span><\/p>\n<p><span style=\"color: #0000ff;\">Mais sobre o Projeto Raiz<\/span><\/p>\n<p><span style=\"color: #000000;\">O Projeto Raiz \u00e9 uma iniciativa do Sindm\u00f3veis Bento Gon\u00e7alves e da Ag\u00eancia Brasileira de Promo\u00e7\u00e3o de Exporta\u00e7\u00f5es e Investimentos (Apex-Brasil) para impulsionar as exporta\u00e7\u00f5es do design nacional. O Projeto representa o bra\u00e7o do design dentro do Projeto Orchestra Brasil, desenvolvido desde 2006 pela Apex-Brasil e pelo Sindm\u00f3veis.<\/span><\/p>\n<p><span style=\"color: #0000ff;\">Bruno Faucz<\/span><\/p>\n<figure id=\"attachment_1263\" aria-describedby=\"caption-attachment-1263\" style=\"width: 300px\" class=\"wp-caption alignleft\"><a href=\"http:\/\/www.jornaldaconstrucaocivil.com.br\/wp-content\/uploads\/2016\/04\/Bruno-Faucz-Poltrona-Trentini-OK.jpg\"><img loading=\"lazy\" decoding=\"async\" class=\"wp-image-1263 size-medium\" src=\"http:\/\/www.jornaldaconstrucaocivil.com.br\/wp-content\/uploads\/2016\/04\/Bruno-Faucz-Poltrona-Trentini-OK-300x298.jpg\" alt=\"Bruno Faucz Poltrona Trentini OK\" width=\"300\" height=\"298\" \/><\/a><figcaption id=\"caption-attachment-1263\" class=\"wp-caption-text\"><span style=\"color: #ff0000;\">Poltrona Trentini. Imagem: Divulga\u00e7\u00e3o<\/span><\/figcaption><\/figure>\n<p><span style=\"color: #000000;\">O designer Bruno Faucz percorreu todo o Brasil para pesquisar aspectos ligados ao \u201cmomento de compra\u201d. Em 2013, iniciou seu pr\u00f3prio est\u00fadio, que \u00e9 baseado em tr\u00eas pilares: mercado, ind\u00fastria e design. Para Mil\u00e3o, ele leva a poltrona Trentini, fruto de um estudo de propor\u00e7\u00f5es que tem como ideia principal um desenho com poucas linhas. A vis\u00e3o lateral da pe\u00e7a mostra, basicamente, um ret\u00e2ngulo de metal cortado por uma estrutura em L que formam o encosto e o assento. Os materiais foram usados em volumes e propor\u00e7\u00f5es, com intuito de tornar o produto harmonioso \u2013 desde a espessura do metal ao estofamento, madeira e cintas de couro nas costas, assim como as fivelas das cintas.<\/span><\/p>\n<p>&nbsp;<\/p>\n<p>&nbsp;<\/p>\n<p><span style=\"color: #0000ff;\">Estudiobola<\/span><\/p>\n<figure id=\"attachment_1264\" aria-describedby=\"caption-attachment-1264\" style=\"width: 200px\" class=\"wp-caption alignright\"><a href=\"http:\/\/www.jornaldaconstrucaocivil.com.br\/wp-content\/uploads\/2016\/04\/estudiobola-Mesa-lateral-Balloon-OK.jpg\"><img loading=\"lazy\" decoding=\"async\" class=\"wp-image-1264 size-medium\" src=\"http:\/\/www.jornaldaconstrucaocivil.com.br\/wp-content\/uploads\/2016\/04\/estudiobola-Mesa-lateral-Balloon-OK-200x300.jpg\" alt=\"estudiobola Mesa lateral Balloon OK\" width=\"200\" height=\"300\" \/><\/a><figcaption id=\"caption-attachment-1264\" class=\"wp-caption-text\"><span style=\"color: #ff0000;\"> Mesa lateral Balloon. Imagem: Divulga\u00e7\u00e3o<\/span><\/figcaption><\/figure>\n<p><span style=\"color: #000000;\">O estudiobola est\u00e1 prestes a abrir uma unidade em Mil\u00e3o, e a participa\u00e7\u00e3o no iSaloni com designers convidados \u00e9 o pontap\u00e9 inicial dessa atua\u00e7\u00e3o, que tamb\u00e9m vai representar profissionais brasileiros parceiros. Fundado em 2000 pelos arquitetos Flavio Borsato e Maur\u00edcio Lamosa, o est\u00fadio tem mais de 700 itens em seu portf\u00f3lio. Mas as cadeiras s\u00e3o as paix\u00f5es do estudiobola, o que poder\u00e1 ser visto no iSaloni. Ser\u00e3o apresentadas na feira tr\u00eas novidades na linha de mobili\u00e1rio e pe\u00e7as de decora\u00e7\u00e3o em madeira: as linhas Balloon e Viki e a cadeira Bia. Na linha de estofados, os lan\u00e7amentos s\u00e3o o Sof\u00e1 Drops, o Sof\u00e1 Play e a Poltrona Fat.<\/span><\/p>\n<p>&nbsp;<\/p>\n<p>&nbsp;<\/p>\n<p><span style=\"color: #0000ff;\">Guto Indio da Costa<\/span><\/p>\n<figure id=\"attachment_1265\" aria-describedby=\"caption-attachment-1265\" style=\"width: 300px\" class=\"wp-caption alignleft\"><a href=\"http:\/\/www.jornaldaconstrucaocivil.com.br\/wp-content\/uploads\/2016\/04\/indio-da-costa-desgin-collection.jpg\"><img loading=\"lazy\" decoding=\"async\" class=\"wp-image-1265 size-medium\" src=\"http:\/\/www.jornaldaconstrucaocivil.com.br\/wp-content\/uploads\/2016\/04\/indio-da-costa-desgin-collection-300x200.jpg\" alt=\"indio da costa desgin collection\" width=\"300\" height=\"200\" \/><\/a><figcaption id=\"caption-attachment-1265\" class=\"wp-caption-text\"><span style=\"color: #ff0000;\"> Desgin collection. Imagem: Divulga\u00e7\u00e3o<\/span><\/figcaption><\/figure>\n<p><span style=\"color: #000000;\">Com uma proposta inovadora para o segmento de estofados, o designer Guto Indio da Costa apresenta em Mil\u00e3o sua primeira linha de sof\u00e1s, com estrutura modular de metal e tra\u00e7os contempor\u00e2neos, leves e arrojados. A nova s\u00e9rie de Guto inclui poltrona e sof\u00e1s de dois e tr\u00eas m\u00f3dulos, em vers\u00f5es sim\u00e9tricas ou assim\u00e9tricas, o que permite diferentes combina\u00e7\u00f5es. A estrutura met\u00e1lica parece flutuar e possibilita novos par\u00e2metros na percep\u00e7\u00e3o de leveza, na redu\u00e7\u00e3o de volume e na forma de construir os estofados. Forradas de couro, com corte a laser de alta precis\u00e3o, as chapas de metal t\u00eam bordas aparentes, finalizadas com cadar\u00e7os de couro. Os sof\u00e1s marcam a estreia da assinatura Indio da Costa Design Collection, linha de produtos mais exclusivos e sofisticados do designer, produzidos em menor escala.<\/span><\/p>\n<p><span style=\"color: #0000ff;\">Jader Almeida<\/span><\/p>\n<figure id=\"attachment_1266\" aria-describedby=\"caption-attachment-1266\" style=\"width: 200px\" class=\"wp-caption alignright\"><a href=\"http:\/\/www.jornaldaconstrucaocivil.com.br\/wp-content\/uploads\/2016\/04\/jader-almeida-cadeira-clad-OK.jpg\"><img loading=\"lazy\" decoding=\"async\" class=\"wp-image-1266 size-medium\" src=\"http:\/\/www.jornaldaconstrucaocivil.com.br\/wp-content\/uploads\/2016\/04\/jader-almeida-cadeira-clad-OK-200x300.jpg\" alt=\"jader almeida cadeira clad OK\" width=\"200\" height=\"300\" \/><\/a><figcaption id=\"caption-attachment-1266\" class=\"wp-caption-text\"><span style=\"color: #ff0000;\"> Cadeira clad. Imagem: Divulga\u00e7\u00e3o<\/span><\/figcaption><\/figure>\n<p><span style=\"color: #000000;\">Os produtos de Jader Almeida selecionados para o iSaloni demonstram o design nacional em um posicionamento global. Dentre as pe\u00e7as apresentadas, est\u00e3o os lan\u00e7amentos Clad e Twist, onde \u00e9 poss\u00edvel perceber o tra\u00e7o fluido, a ess\u00eancia das formas, os cheios e vazios, as tor\u00e7\u00f5es e curvaturas al\u00e9m de arestas afinadas no limite da resist\u00eancia da madeira. A forma da cadeira Clad e da mesa de centro Twist desmascara a obsess\u00e3o de Jader Almeida sobre os detalhes. Seu processo de manufatura faz parte de um sistema h\u00edbrido de produ\u00e7\u00e3o, em que m\u00e1quinas de comando num\u00e9rico computadorizado (CNC) fazem a usinagem dos componentes, enquanto um minucioso acabamento \u00e9 executado manualmente. Os produtos s\u00e3o um convite ao toque das m\u00e3os e do corpo, com detalhes construtivos apurados que chegam aos limites da madeira, como a lapida\u00e7\u00e3o de uma gema.<\/span><\/p>\n<p>&nbsp;<\/p>\n<p><span style=\"color: #0000ff;\">Juliana Lluss\u00e1<\/span><\/p>\n<figure id=\"attachment_1267\" aria-describedby=\"caption-attachment-1267\" style=\"width: 300px\" class=\"wp-caption alignleft\"><a href=\"http:\/\/www.jornaldaconstrucaocivil.com.br\/wp-content\/uploads\/2016\/04\/juliana-llussa-Penteadeira-vanitat-OK.jpg\"><img loading=\"lazy\" decoding=\"async\" class=\"wp-image-1267 size-medium\" src=\"http:\/\/www.jornaldaconstrucaocivil.com.br\/wp-content\/uploads\/2016\/04\/juliana-llussa-Penteadeira-vanitat-OK-300x200.jpg\" alt=\"juliana llussa Penteadeira vanitat OK\" width=\"300\" height=\"200\" \/><\/a><figcaption id=\"caption-attachment-1267\" class=\"wp-caption-text\"><span style=\"color: #ff0000;\"> Penteadeira vanitat. Imagem: Divulga\u00e7\u00e3o<\/span><\/figcaption><\/figure>\n<p><span style=\"color: #000000;\">Explorando as possibilidades que a madeira maci\u00e7a oferece, a designer Juliana Lluss\u00e1 utiliza t\u00e9cnicas tradicionais de encaixe na elabora\u00e7\u00e3o de sua linha de m\u00f3veis contempor\u00e2nea. Os nomes das pe\u00e7as s\u00e3o sempre uma homenagem \u00e0 origem catal\u00e3 do lado paterno, como as escolhidas para o iSaloni: o cabideiro Clau e a penteadeira Vanitat. Seu desenho n\u00e3o tem excessos e a ess\u00eancia funcional e ergon\u00f4mica \u00e9 o ponto de partida para a cria\u00e7\u00e3o dos m\u00f3veis. Todas as pe\u00e7as partem de um mesmo m\u00e9todo construtivo: o encaixe, dispensando o uso de parafusos e pregos. O processo de produ\u00e7\u00e3o e acabamento s\u00e3o dois importantes diferenciais. Toda a produ\u00e7\u00e3o \u00e9 acompanhada pessoalmente pela designer e feita quase artesanalmente, com m\u00e3o-de-obra formada na marcenaria, resultando em m\u00f3veis com acabamento cuidadoso e refinado: as pe\u00e7as s\u00e3o feitas para durar gera\u00e7\u00f5es.<\/span><\/p>\n<p><span style=\"color: #0000ff;\">Marta Manente<\/span><\/p>\n<figure id=\"attachment_1268\" aria-describedby=\"caption-attachment-1268\" style=\"width: 300px\" class=\"wp-caption alignright\"><a href=\"http:\/\/www.jornaldaconstrucaocivil.com.br\/wp-content\/uploads\/2016\/04\/marta-manente-poltrona-Donaire-Plus-OK.jpg\"><img loading=\"lazy\" decoding=\"async\" class=\"wp-image-1268 size-medium\" src=\"http:\/\/www.jornaldaconstrucaocivil.com.br\/wp-content\/uploads\/2016\/04\/marta-manente-poltrona-Donaire-Plus-OK-300x300.jpg\" alt=\"marta manente poltrona Donaire Plus OK\" width=\"300\" height=\"300\" \/><\/a><figcaption id=\"caption-attachment-1268\" class=\"wp-caption-text\"><span style=\"color: #ff0000;\"> Poltrona Donaire Plus. Imagem: Divulga\u00e7\u00e3o<\/span><\/figcaption><\/figure>\n<p><span style=\"color: #000000;\">Com 17 anos de experi\u00eancia no mercado moveleiro, Marta Manente \u00e9 a \u00fanica ga\u00facha na mostra do Projeto Raiz no iSaloni. Sua participa\u00e7\u00e3o ser\u00e1 com a poltrona Donaire, que revela tra\u00e7os elegantes e tem em si a valoriza\u00e7\u00e3o de pequenos detalhes na personaliza\u00e7\u00e3o da forma org\u00e2nica. P\u00e9s girat\u00f3rios de madeira, encosto em multilaminado curvo, cordas de fibra natural tran\u00e7adas manualmente e assento estofado em linho s\u00e3o alguns dos detalhes exclusivos da pe\u00e7a.<\/span><\/p>\n<p><span style=\"color: #0000ff;\">Paulo Alves<\/span><\/p>\n<p><span style=\"color: #000000;\">A inf\u00e2ncia no interior e o legado de Lina Bo Bardi, os fundamentos da marcenaria artesanal e a inspira\u00e7\u00e3o na arte concretista se misturam na obra do designer Paulo Alves, que completa 20 anos. Os m\u00f3veis de sua autoria desvendam uma l\u00f3gica criativa em que a madeira \u2013 e suas caracter\u00edsticas naturais e simb\u00f3licas \u2013 \u00e9 a protagonista. As formas inspiradas na natureza, sobretudo em estruturas de galhos de \u00e1rvores, s\u00e3o tamb\u00e9m uma fonte importante na investiga\u00e7\u00e3o est\u00e9tica de Paulo, e tamb\u00e9m um jeito de falar de sustentabilidade atrav\u00e9s de elementos do afeto coletivo. Na cadeira Atibaia, vencedora dos pr\u00eamios de design mais importantes do Brasil, Paulo leva ao extremo o esfor\u00e7o de decodifica\u00e7\u00e3o dos desenhos org\u00e2nicos, li\u00e7\u00f5es de engenharia da natureza, buscando apoios m\u00ednimos para estruturar o m\u00f3vel. O resultado \u00e9 uma linha de pe\u00e7as delgadas, leves, com uma est\u00e9tica marcante.<\/span><\/p>\n<p><span style=\"color: #0000ff;\">Ronald Scliar Sasson<\/span><\/p>\n<p><span style=\"color: #000000;\">As tr\u00eas pe\u00e7as escolhidas por Ronald Scliar Sasson para o iSaloni sintetizam sua obra, marcada pela correla\u00e7\u00e3o entre o industrial, com as possibilidades t\u00e9cnicas aliadas \u00e0 tecnologia de replica\u00e7\u00e3o e o apelo contempor\u00e2neo de forte impacto visual, apesar do uso de m\u00ednimos elementos. O Banco Doop \u00e9 um banco de al\u00e7as inspirado no mobili\u00e1rio de impacto visual dos anos 1970, feito em chapas multilaminadas coladas manualmente. A pe\u00e7a n\u00e3o tem estrutura met\u00e1lica, nem usa parafusos. A Poltrona Madonna se apoia na vertente minimalista no tra\u00e7o, com p\u00e9s muito finos e distantes do apoio central. J\u00e1 a Poltrona De Beers \u00e9 um projeto com foco no luxo e na simplicidade de encaixes e detalhes. S\u00e3o dois movimentos org\u00e2nicos encaixados em um resultado pleno de conceito para uma pe\u00e7a feita em couro natural gelo e placas de lat\u00e3o maci\u00e7o polido.<\/span><\/p>\n<p><span style=\"color: #0000ff;\">S\u00e9rgio Fahrer<\/span><\/p>\n<p><span style=\"color: #000000;\">Os irm\u00e3os S\u00e9rgio Fahrer e Jack Fahrer apresentam no iSaloni pe\u00e7as inspiradas na organicidade, ess\u00eancia das cria\u00e7\u00f5es da dupla. Eles trazem \u00e0 tona a madeira maci\u00e7a e a madeira curvada para criar algo aut\u00eantico e que traduz sua hist\u00f3ria e trajet\u00f3ria no design brasileiro. A mesa Pi\u00e3o, feita de Tauari torneado que lembra o brinquedo popular brasileiro, causa curiosidade ao olhar do observador por estar em equil\u00edbrio inst\u00e1vel, assim como a mesa de centro Tapaj\u00f3s, que tem inspira\u00e7\u00e3o nas canoas e parece flutuar na sala de estar. J\u00e1 a cadeira To\u00e1 recebeu o pr\u00eamio de ergonomia em Londres pela IDFX.<\/span><\/p>\n<p><span style=\"color: #800000;\">Servi\u00e7o:<\/span><\/p>\n<p><span style=\"color: #0000ff;\">Mostra Projeto Raiz<\/span><\/p>\n<p><span style=\"color: #ff0000;\">O qu\u00ea: mostra de produtos assinados por designers brasileiros<\/span><\/p>\n<p><span style=\"color: #ff0000;\">Quando: 12 a 17 de abril, Mil\u00e3o, It\u00e1lia<\/span><\/p>\n<p><span style=\"color: #ff0000;\">Onde: Estande F16, pavilh\u00e3o 12<\/span><\/p>\n<p><span style=\"color: #0000ff;\">\u00a0Projeto Raiz no Brazil S\/A<\/span><\/p>\n<p><span style=\"color: #ff0000;\">O qu\u00ea: espa\u00e7o de relacionamento em parceria com DW! e High Design Expo<\/span><\/p>\n<p><span style=\"color: #ff0000;\">Quando: 12 a 17 de abril, Mil\u00e3o, It\u00e1lia<\/span><\/p>\n<p><span style=\"color: #ff0000;\">Onde: Universit\u00e0 Degli Studi di Milano \u2013 Brazil S\/A Pavilion<\/span><\/p>\n<p><span style=\"color: #000080;\">Fonte: Assessoria de Imprensa Sindm\u00f3veis Bento Gon\u00e7alves\u00a0<\/span><\/p>\n<p>&nbsp;<\/p>\n","protected":false},"excerpt":{"rendered":"<p>Resultado de uma parceira com a Apex-Brasil, mostra do Projeto Raiz ter\u00e1 produtos assinados por nove est\u00fadios brasileiros O Sindm\u00f3veis Bento Gon\u00e7alves far\u00e1 neste ano sua estreia no Sal\u00e3o Internacional do M\u00f3vel de Mil\u00e3o (ISaloni), que acontece entre os dias 12 e 17 de abril, na It\u00e1lia. A entidade ter\u00e1 um espa\u00e7o de 100 metros [&hellip;]<\/p>\n","protected":false},"author":1,"featured_media":1265,"comment_status":"open","ping_status":"open","sticky":false,"template":"","format":"quote","meta":{"_uag_custom_page_level_css":"","footnotes":""},"categories":[28],"tags":[777,6409,7887,9721,10566,11147,12111],"class_list":["post-1254","post","type-post","status-publish","format-quote","has-post-thumbnail","hentry","category-arquitetura","tag-apex-brasil","tag-isaloni-2016","tag-mostra-projeto-raiz","tag-projeto-raiz-no-brasil-sa","tag-salao-internacional-do-movel-de-milao","tag-sindmoveis-bento-goncalves","tag-universita-degli-studi-di-milano","post_format-post-format-quote"],"blocksy_meta":[],"spectra_blocks_featured_image_url":[],"spectra_blocks_author_info":{"display_name":"Jornal da Constru\u00e7\u00e3o Civil","avatar_url":"https:\/\/secure.gravatar.com\/avatar\/973c9774fd44ddaceb026973c4962faa70fc512bc4c9da68e8ebb40fecee6540?s=96&d=mm&r=g","author_link":"https:\/\/construcaocivil.siriusmarketingedesign.com.br\/?author=1","description":"Desde de 2013, levando muitas informa\u00e7\u00f5es, lan\u00e7amentos e produtos de qualidade para toda cadeia produtiva da constru\u00e7\u00e3o. O Futuro da constru\u00e7\u00e3o passa por aqui,"},"uagb_featured_image_src":{"full":false,"thumbnail":false,"medium":false,"medium_large":false,"large":false,"1536x1536":false,"2048x2048":false},"uagb_author_info":{"display_name":"Jornal da Constru\u00e7\u00e3o Civil","author_link":"https:\/\/construcaocivil.siriusmarketingedesign.com.br\/?author=1"},"uagb_comment_info":0,"uagb_excerpt":"Resultado de uma parceira com a Apex-Brasil, mostra do Projeto Raiz ter\u00e1 produtos assinados por nove est\u00fadios brasileiros O Sindm\u00f3veis Bento Gon\u00e7alves far\u00e1 neste ano sua estreia no Sal\u00e3o Internacional do M\u00f3vel de Mil\u00e3o (ISaloni), que acontece entre os dias 12 e 17 de abril, na It\u00e1lia. A entidade ter\u00e1 um espa\u00e7o de 100 metros&hellip;","_links":{"self":[{"href":"https:\/\/construcaocivil.siriusmarketingedesign.com.br\/index.php?rest_route=\/wp\/v2\/posts\/1254","targetHints":{"allow":["GET"]}}],"collection":[{"href":"https:\/\/construcaocivil.siriusmarketingedesign.com.br\/index.php?rest_route=\/wp\/v2\/posts"}],"about":[{"href":"https:\/\/construcaocivil.siriusmarketingedesign.com.br\/index.php?rest_route=\/wp\/v2\/types\/post"}],"author":[{"embeddable":true,"href":"https:\/\/construcaocivil.siriusmarketingedesign.com.br\/index.php?rest_route=\/wp\/v2\/users\/1"}],"replies":[{"embeddable":true,"href":"https:\/\/construcaocivil.siriusmarketingedesign.com.br\/index.php?rest_route=%2Fwp%2Fv2%2Fcomments&post=1254"}],"version-history":[{"count":0,"href":"https:\/\/construcaocivil.siriusmarketingedesign.com.br\/index.php?rest_route=\/wp\/v2\/posts\/1254\/revisions"}],"wp:attachment":[{"href":"https:\/\/construcaocivil.siriusmarketingedesign.com.br\/index.php?rest_route=%2Fwp%2Fv2%2Fmedia&parent=1254"}],"wp:term":[{"taxonomy":"category","embeddable":true,"href":"https:\/\/construcaocivil.siriusmarketingedesign.com.br\/index.php?rest_route=%2Fwp%2Fv2%2Fcategories&post=1254"},{"taxonomy":"post_tag","embeddable":true,"href":"https:\/\/construcaocivil.siriusmarketingedesign.com.br\/index.php?rest_route=%2Fwp%2Fv2%2Ftags&post=1254"}],"curies":[{"name":"wp","href":"https:\/\/api.w.org\/{rel}","templated":true}]}}