{"id":12545,"date":"2019-09-09T11:53:52","date_gmt":"2019-09-09T14:53:52","guid":{"rendered":"https:\/\/www.jornaldaconstrucaocivil.com.br\/?p=12545"},"modified":"2019-09-09T11:55:12","modified_gmt":"2019-09-09T14:55:12","slug":"sem-censura-bienal-do-livro-rio-tem-recorde-de-publico-aumento-nas-vendas-dos-livros-e-muita-polemica-provocado-pelo-prefeito-marcelo-crivella","status":"publish","type":"post","link":"https:\/\/construcaocivil.siriusmarketingedesign.com.br\/?p=12545","title":{"rendered":"Sem censura: Bienal do Livro Rio tem recorde de p\u00fablico, aumento nas vendas dos livros e muita pol\u00eamica provocado pelo prefeito Marcelo Crivella"},"content":{"rendered":"<p><span style=\"color: #993300;\"><em>Da Reda\u00e7\u00e3o\u00a0<\/em><\/span><\/p>\n<p style=\"text-align: justify;\"><span style=\"color: #993300;\">Setembro, 2019<\/span> &#8211; Os pavilh\u00f5es do Riocentro, na Barra da Tijuca, receberam p\u00fablico recorde \u00e0s v\u00e9speras do encerramento da XIX Bienal do Livro Rio. Neste s\u00e1bado, o maior festival liter\u00e1rio do pa\u00eds tratou de assuntos relevantes e atuais, como democracia, empoderamento, literatura negra, cinema, luto e literatura arco-\u00edris. Neste domingo, a organiza\u00e7\u00e3o espera novamente um grande p\u00fablico. Al\u00e9m das atividades para as crian\u00e7as em um pavilh\u00e3o inteiro dedicado aos pequenos leitores, haver\u00e1 discuss\u00f5es sobre ci\u00eancias, corrup\u00e7\u00e3o, teatro, m\u00fasica, maternidade, privacidade e narrativas de mist\u00e9rio e terror.<\/p>\n<p style=\"text-align: justify;\">Em uma das mesas mais aguardadas do s\u00e1bado, o cientista pol\u00edtico americano e professor de Harvard Steven Levitsky, autor do best-seller\u00a0<em>Como as democracias morrem<\/em>, e antrop\u00f3loga Lilia Shwarcz, que acaba de lan\u00e7ar\u00a0<em>Sobre o autoritarismo brasileiro<\/em>, tiveram falas contundentes sobre a fiscaliza\u00e7\u00e3o da Prefeitura para recolher o HQ Cruzada das Crian\u00e7as, da Marvel, que dois jovens do mesmo sexo aparecem se beijando.<\/p>\n<p>\u00a0PROTESTO CONTA CENSURA DO PREFEITO MARCELO CRIVELLA<br \/>\n<iframe loading=\"lazy\" title=\"Protesto Bienal 2019 - Crivella tenta censurar livro com conte\u00fado LGBTQ+ e Felipe Neto distribui\" width=\"1290\" height=\"726\" src=\"https:\/\/www.youtube.com\/embed\/_-fh7-N5mt4?feature=oembed\" frameborder=\"0\" allow=\"accelerometer; autoplay; clipboard-write; encrypted-media; gyroscope; picture-in-picture; web-share\" referrerpolicy=\"strict-origin-when-cross-origin\" allowfullscreen><\/iframe><\/p>\n<p style=\"text-align: justify;\">Lilia abriu a conversa dizendo: &#8220;\u00c9 um prazer estar aqui depois de um dia como ontem, quando tivemos um exemplo de como os governantes podem ser autorit\u00e1rios&#8221;. O convidado americano manteve o mesmo tom. &#8220;Primeiro \u00e9 preciso falar em termos fortes no que aconteceu ontem aqui com a tentativa de censura de Crivella. J\u00e1 participei de eventos liter\u00e1rios em todo o mundo e nunca vi nada parecido com o que aconteceu ontem aqui. \u00c9 assim que as democracias morrem. Gostaria de aplaudir voc\u00eas que lutaram contra isso&#8221;, elogiou.<\/p>\n<p style=\"text-align: justify;\">Na Arena #SemFiltro, mais de 400 pessoas passaram por ela para conferir a &#8220;Literatura Arco-\u00edris&#8221;, um bate papo formado por jovens e ativistas da democracia e da diversidade. Mediados pelo ator e roteirista Felipe Cabral, seis escritores conversaram com um p\u00fablico \u00e1vido por descobrir o que os inspira na arte da escrita e suas estrat\u00e9gias na defesa da pluralidade cultural e sexual neste momento social. Autor de &#8220;Textos cru\u00e9is demais para serem lidos rapidamente&#8221;, Igor Pires esclareceu que come\u00e7ou a escrever para acalmar o cora\u00e7\u00e3o. &#8220;Eu usei a literatura como um meio de sobreviv\u00eancia, mas hoje eu vejo a escrita como um lugar de resist\u00eancia&#8221;, definiu.<\/p>\n<p style=\"text-align: justify;\">Thati Machado, de &#8220;Poder Extra G&#8221;, contou que tinha uma sensa\u00e7\u00e3o de n\u00e3o pertencimento. &#8220;Eu n\u00e3o via as gordas homossexuais na literatura, n\u00e3o via as pessoas que, como eu, sentiam-se diferentes. Ent\u00e3o eu senti que precisaria mudar o que estava posto. E acabou acontecendo como um processo natural, porque vi na internet um caminho para fazer isso&#8221;, destacou.<\/p>\n<p style=\"text-align: justify;\">Sobre Machado de Assis e a literatura negra, no ano que marca o 180\u00ba anivers\u00e1rio de nascimento do Bruxo do Cosme Velho, durante duas horas os convidados trouxeram ao debate sua vida e obra, questionando antigas cren\u00e7as em rela\u00e7\u00e3o ao autor, como sua identidade racial, cada vez mais reivindicada pelo movimento negro na campanha &#8220;Machado de Assis Real&#8221; da Universidade Zumbi dos Palmares (SP), e o mito de sua passividade em rela\u00e7\u00e3o \u00e0 elite branca da \u00e9poca. Participaram desta mesa a multipremiada e consagrada Concei\u00e7\u00e3o Evaristo e o professor doutor Eduardo de Assis Duarte, coordenador do grupo de pesquisa Afrodescend\u00eancias na Literatura Brasileira e do portal Literafro; al\u00e9m do rec\u00e9m-revelado autor Jos\u00e9 de Almeida Jr., finalista do Jabuti 2018 com o romance &#8220;\u00daltima hora&#8221;.<\/p>\n<figure id=\"attachment_12549\" aria-describedby=\"caption-attachment-12549\" style=\"width: 300px\" class=\"wp-caption alignleft\"><img loading=\"lazy\" decoding=\"async\" class=\"size-medium wp-image-12549\" src=\"https:\/\/www.jornaldaconstrucaocivil.com.br\/wp-content\/uploads\/2019\/09\/CONCEICAO-300x200.jpg\" alt=\"\" width=\"300\" height=\"200\" srcset=\"https:\/\/construcaocivil.siriusmarketingedesign.com.br\/wp-content\/uploads\/2019\/09\/CONCEICAO-300x200.jpg 300w, https:\/\/construcaocivil.siriusmarketingedesign.com.br\/wp-content\/uploads\/2019\/09\/CONCEICAO-768x512.jpg 768w, https:\/\/construcaocivil.siriusmarketingedesign.com.br\/wp-content\/uploads\/2019\/09\/CONCEICAO-450x300.jpg 450w, https:\/\/construcaocivil.siriusmarketingedesign.com.br\/wp-content\/uploads\/2019\/09\/CONCEICAO.jpg 960w\" sizes=\"auto, (max-width: 300px) 100vw, 300px\" \/><figcaption id=\"caption-attachment-12549\" class=\"wp-caption-text\">Concei\u00e7\u00e3o Evaristo. Cr\u00e9ditos: Bienal do Livro 2019\/Facebook<\/figcaption><\/figure>\n<p style=\"text-align: justify;\">Aguardad\u00edssima, Concei\u00e7\u00e3o Evaristo iniciou sua fala abordando o inc\u00f4modo que os negros letrados causavam aos brancos:<span style=\"color: #993300;\"><em> &#8220;Vou usar o termo\u00a0mulato, mas para voc\u00eas entenderem como era na \u00e9poca. O sujeito mulato sempre causava inc\u00f4modo aos brancos, pois tinha mais possibilidade de ascens\u00e3o. Um dos estere\u00f3tipos era esse: o mulato articulado queria imitar o branco \u2013 principalmente na linguagem, sendo &#8216;pern\u00f3stico&#8217;. A facilidade de lidar com a l\u00edngua incomodava&#8221;,<\/em><\/span> explicou. Para a vencedora do Pr\u00eamio Jabuti de 2015, a disputa pela identidade racial de Machado n\u00e3o diz respeito somente a ele: &#8220;N\u00e3o se trata de reivindicar s\u00f3 a negritude\u00a0<em>do<\/em>\u00a0Machado. Trazer esses grandes nomes para nossa identidade \u00e9 mostrar que o negro tem uma fun\u00e7\u00e3o intelectual, n\u00e3o s\u00f3 o branco&#8221;, analisou.<\/p>\n<p style=\"text-align: justify;\">Para os jovens, em um bate-papo descontra\u00eddo para um audit\u00f3rio lotado, os escritores Carina Rissi, Luc\u00e3o e Patr\u00edcia Barbosa falaram dos desafios de escrever para esse p\u00fablico. Na Arena #SemFiltro, os autores falaram sobre algumas de suas publica\u00e7\u00f5es, sobre o processo de cria\u00e7\u00e3o de hist\u00f3rias e personagens e deram conselhos \u00e0queles que sonham ser escritores, entre outros temas.<\/p>\n<p style=\"text-align: justify;\">Neste domingo, o Pavilh\u00e3o das Artes j\u00e1 estava movimentado mesmo antes de o festival come\u00e7ar. Muitos visitantes com malas \u2013 para aproveitar os sald\u00f5es \u2013 e fam\u00edlias inteiras aguardavam a abertura dos port\u00f5es. A psic\u00f3loga Lidiane Rodrigues Machado, de 36 anos, e sua sobrinha Paula Eduarda, 17, vieram de Goi\u00e1s s\u00f3 para participar da Bienal. Imersas nessa experi\u00eancia cultural \u00fanica, cheia de novidades liter\u00e1rias e programa\u00e7\u00e3o para todos os p\u00fablicos, as duas, que vestem roupas e sapatos confort\u00e1veis e com duas malas vazias t\u00eam um \u00fanico objetivo: &#8220;Chegamos cedo em busca de promo\u00e7\u00f5es. Queremos sair daqui e desembarcar na nossa cidade com as malas cheias de livros&#8221;, contou Lidiane.<\/p>\n<p>Fonte: Imprensa\/ Bienal Rio 2019<\/p>\n","protected":false},"excerpt":{"rendered":"<p>Da Reda\u00e7\u00e3o\u00a0 Setembro, 2019 &#8211; Os pavilh\u00f5es do Riocentro, na Barra da Tijuca, receberam p\u00fablico recorde \u00e0s v\u00e9speras do encerramento da XIX Bienal do Livro Rio. Neste s\u00e1bado, o maior festival liter\u00e1rio do pa\u00eds tratou de assuntos relevantes e atuais, como democracia, empoderamento, literatura negra, cinema, luto e literatura arco-\u00edris. Neste domingo, a organiza\u00e7\u00e3o espera [&hellip;]<\/p>\n","protected":false},"author":1,"featured_media":12548,"comment_status":"open","ping_status":"open","sticky":false,"template":"","format":"standard","meta":{"_uag_custom_page_level_css":"","footnotes":""},"categories":[27],"tags":[17492,17488,3183,17493,6576,17494,17489,17490,17495,17491,10372,11414,17487,17496],"class_list":["post-12545","post","type-post","status-publish","format-standard","has-post-thumbnail","hentry","category-acontece","tag-amor","tag-bienal-rio-2019-polemica-e-sucesso-de-publico","tag-criancas","tag-etnico","tag-jovens-e-adultos","tag-literatura-infantil","tag-livros-tecnicos","tag-marcelo-crivella-pessima-administracao","tag-marvel-hqs","tag-publico-lgbts","tag-rio-centro","tag-stf","tag-vendas-de-livros","tag-xix-bienal-do-livro-rio"],"blocksy_meta":[],"spectra_blocks_featured_image_url":{"thumbnail":{"url":"https:\/\/construcaocivil.siriusmarketingedesign.com.br\/wp-content\/uploads\/2019\/09\/BIENAL-DO-LIVRO-150x150.jpg","width":150,"height":150},"medium":{"url":"https:\/\/construcaocivil.siriusmarketingedesign.com.br\/wp-content\/uploads\/2019\/09\/BIENAL-DO-LIVRO-300x200.jpg","width":300,"height":200},"medium_large":{"url":"https:\/\/construcaocivil.siriusmarketingedesign.com.br\/wp-content\/uploads\/2019\/09\/BIENAL-DO-LIVRO-768x512.jpg","width":768,"height":512},"large":{"url":"https:\/\/construcaocivil.siriusmarketingedesign.com.br\/wp-content\/uploads\/2019\/09\/BIENAL-DO-LIVRO.jpg","width":960,"height":640},"full":{"url":"https:\/\/construcaocivil.siriusmarketingedesign.com.br\/wp-content\/uploads\/2019\/09\/BIENAL-DO-LIVRO.jpg","width":960,"height":640}},"spectra_blocks_author_info":{"display_name":"Jornal da Constru\u00e7\u00e3o Civil","avatar_url":"https:\/\/secure.gravatar.com\/avatar\/973c9774fd44ddaceb026973c4962faa70fc512bc4c9da68e8ebb40fecee6540?s=96&d=mm&r=g","author_link":"https:\/\/construcaocivil.siriusmarketingedesign.com.br\/?author=1","description":"Desde de 2013, levando muitas informa\u00e7\u00f5es, lan\u00e7amentos e produtos de qualidade para toda cadeia produtiva da constru\u00e7\u00e3o. O Futuro da constru\u00e7\u00e3o passa por aqui,"},"uagb_featured_image_src":{"full":["https:\/\/construcaocivil.siriusmarketingedesign.com.br\/wp-content\/uploads\/2019\/09\/BIENAL-DO-LIVRO.jpg",960,640,false],"thumbnail":["https:\/\/construcaocivil.siriusmarketingedesign.com.br\/wp-content\/uploads\/2019\/09\/BIENAL-DO-LIVRO-150x150.jpg",150,150,true],"medium":["https:\/\/construcaocivil.siriusmarketingedesign.com.br\/wp-content\/uploads\/2019\/09\/BIENAL-DO-LIVRO-300x200.jpg",300,200,true],"medium_large":["https:\/\/construcaocivil.siriusmarketingedesign.com.br\/wp-content\/uploads\/2019\/09\/BIENAL-DO-LIVRO-768x512.jpg",768,512,true],"large":["https:\/\/construcaocivil.siriusmarketingedesign.com.br\/wp-content\/uploads\/2019\/09\/BIENAL-DO-LIVRO.jpg",960,640,false],"1536x1536":["https:\/\/construcaocivil.siriusmarketingedesign.com.br\/wp-content\/uploads\/2019\/09\/BIENAL-DO-LIVRO.jpg",960,640,false],"2048x2048":["https:\/\/construcaocivil.siriusmarketingedesign.com.br\/wp-content\/uploads\/2019\/09\/BIENAL-DO-LIVRO.jpg",960,640,false]},"uagb_author_info":{"display_name":"Jornal da Constru\u00e7\u00e3o Civil","author_link":"https:\/\/construcaocivil.siriusmarketingedesign.com.br\/?author=1"},"uagb_comment_info":0,"uagb_excerpt":"Da Reda\u00e7\u00e3o\u00a0 Setembro, 2019 &#8211; Os pavilh\u00f5es do Riocentro, na Barra da Tijuca, receberam p\u00fablico recorde \u00e0s v\u00e9speras do encerramento da XIX Bienal do Livro Rio. Neste s\u00e1bado, o maior festival liter\u00e1rio do pa\u00eds tratou de assuntos relevantes e atuais, como democracia, empoderamento, literatura negra, cinema, luto e literatura arco-\u00edris. Neste domingo, a organiza\u00e7\u00e3o espera&hellip;","_links":{"self":[{"href":"https:\/\/construcaocivil.siriusmarketingedesign.com.br\/index.php?rest_route=\/wp\/v2\/posts\/12545","targetHints":{"allow":["GET"]}}],"collection":[{"href":"https:\/\/construcaocivil.siriusmarketingedesign.com.br\/index.php?rest_route=\/wp\/v2\/posts"}],"about":[{"href":"https:\/\/construcaocivil.siriusmarketingedesign.com.br\/index.php?rest_route=\/wp\/v2\/types\/post"}],"author":[{"embeddable":true,"href":"https:\/\/construcaocivil.siriusmarketingedesign.com.br\/index.php?rest_route=\/wp\/v2\/users\/1"}],"replies":[{"embeddable":true,"href":"https:\/\/construcaocivil.siriusmarketingedesign.com.br\/index.php?rest_route=%2Fwp%2Fv2%2Fcomments&post=12545"}],"version-history":[{"count":0,"href":"https:\/\/construcaocivil.siriusmarketingedesign.com.br\/index.php?rest_route=\/wp\/v2\/posts\/12545\/revisions"}],"wp:featuredmedia":[{"embeddable":true,"href":"https:\/\/construcaocivil.siriusmarketingedesign.com.br\/index.php?rest_route=\/wp\/v2\/media\/12548"}],"wp:attachment":[{"href":"https:\/\/construcaocivil.siriusmarketingedesign.com.br\/index.php?rest_route=%2Fwp%2Fv2%2Fmedia&parent=12545"}],"wp:term":[{"taxonomy":"category","embeddable":true,"href":"https:\/\/construcaocivil.siriusmarketingedesign.com.br\/index.php?rest_route=%2Fwp%2Fv2%2Fcategories&post=12545"},{"taxonomy":"post_tag","embeddable":true,"href":"https:\/\/construcaocivil.siriusmarketingedesign.com.br\/index.php?rest_route=%2Fwp%2Fv2%2Ftags&post=12545"}],"curies":[{"name":"wp","href":"https:\/\/api.w.org\/{rel}","templated":true}]}}