{"id":12579,"date":"2019-09-12T12:26:20","date_gmt":"2019-09-12T15:26:20","guid":{"rendered":"https:\/\/www.jornaldaconstrucaocivil.com.br\/?p=12579"},"modified":"2019-09-12T12:26:20","modified_gmt":"2019-09-12T15:26:20","slug":"construcao-e-congresso-discutem-caminhos-para-geracao-de-900-mil-empregos","status":"publish","type":"post","link":"https:\/\/construcaocivil.siriusmarketingedesign.com.br\/?p=12579","title":{"rendered":"Constru\u00e7\u00e3o e Congresso discutem caminhos para gera\u00e7\u00e3o de 900 mil empregos"},"content":{"rendered":"<p><em>Da Ag\u00eancia CBIC\u00a0<\/em><\/p>\n<p style=\"text-align: justify;\"><span style=\"color: #993300;\">Setembro, 2019<\/span> &#8211; Para mostrar que a ind\u00fastria da constru\u00e7\u00e3o pode ser protagonista na retomada do crescimento econ\u00f4mico nacional, na gera\u00e7\u00e3o de empregos e no crescimento do Produto Interno Bruto (PIB), a C\u00e2mara Brasileira da Ind\u00fastria da Constru\u00e7\u00e3o (CBIC) reuniu nesta quarta-feira (11\/09), durante o encontro<span style=\"color: #0000ff;\"> <strong>\u2018A constru\u00e7\u00e3o na condu\u00e7\u00e3o da retomada do emprego\u2019<\/strong>,<\/span> cerca de 40 parlamentares de todas as regi\u00f5es do Pa\u00eds para um amplo debate sobre o futuro do setor. Entre os destaques, caminhos para estimular a cria\u00e7\u00e3o de 936 mil empregos no mercado imobili\u00e1rio, em concess\u00f5es municipais, saneamento e retomada de obras paralisadas.<\/p>\n<p style=\"text-align: justify;\">Tamb\u00e9m participaram do debate o presidente da Caixa, Pedro Guimar\u00e3es, o presidente da Confedera\u00e7\u00e3o Nacional da Ind\u00fastria (CNI), Robson Andrade, e mais de 100 representantes do setor da constru\u00e7\u00e3o.<\/p>\n<div class=\"g g-7\">\n<div class=\"g-single a-9\">\n<div class=\"relative ads--320\">\n<p style=\"text-align: justify;\">Ao mencionar a import\u00e2ncia da constru\u00e7\u00e3o civil para essa retomada, o presidente da CBIC, Jos\u00e9 Carlos Martins, destacou que o simples fato de o setor ter crescido 1.9%, j\u00e1 fez o Brasil ter um resultado positivo, puxando o PIB Nacional (0,4%) para cima. \u201cEsse aumento foi gerado apenas pelo mercado imobili\u00e1rio da Regi\u00e3o Sudeste, via Sistema Financeiro da Habita\u00e7\u00e3o (SFH). Imagine se todos os segmentos estivessem funcionando \u2013 mercado imobili\u00e1rio (FGTS, SFI), obras p\u00fablicas e de infraestrutura, obras industriais e corporativas setor\u201d.<\/p>\n<p style=\"text-align: justify;\">Martins apontou dados da Funda\u00e7\u00e3o Get\u00falio Vargas (FGV) que revelam que a cada R$ 1 milh\u00e3o de investimentos na constru\u00e7\u00e3o s\u00e3o gerados diretamente 7,64 empregos e uma renda de R$ 492 mil e direta e indiretamente 11,40 empregos e renda de R$ 772 mil.<\/p>\n<p style=\"text-align: justify;\">\u201cInvestimentos de R$ 8,5 bilh\u00f5es no Mercado Imobili\u00e1rio [dentro do SFH, Sistema Financeiro da Habita\u00e7\u00e3o] gerariam rapidamente mais de 96 mil empregos, ampliando em 0,13% o PIB\u201d, exemplificou, chamando aten\u00e7\u00e3o para os dados seguintes:<\/p>\n<p><img decoding=\"async\" class=\"aligncenter\" src=\"https:\/\/cbic.org.br\/wp-content\/uploads\/2019\/09\/F2842E10-C5AC-4A96-92E4-E79EF7F975B2-1024x576.png\" \/><\/p>\n<h2><strong>Atrasos no Minha Casa, Minha Vida impactam 200 mil empregos<\/strong><\/h2>\n<p><img decoding=\"async\" src=\"https:\/\/cbic.org.br\/wp-content\/uploads\/2019\/09\/38147A2B-FDEF-43FB-B12A-B1F5023C5936-1024x576.png\" \/><\/p>\n<p style=\"text-align: justify;\">Martins ressaltou ainda que, com o atraso do programa Minha Casa, Minha Vida (MCMV), 200 mil empregos est\u00e3o sendo impactados. Em seguida questionou se o saque do Fundo de Garantia do Tempo de Servi\u00e7o (FGTS), de R$ 500, \u00e9 uma op\u00e7\u00e3o de dar emprego no Brasil ou na China. \u201cAqui, seriam produzidas 400 mil casas, gerando empregos com um efeito indireto fant\u00e1stico na compra, por exemplo de m\u00f3veis, fazendo a economia girar\u201d.<\/p>\n<p style=\"text-align: justify;\">\u201cPrecisamos motivar a constru\u00e7\u00e3o civil, porque ela \u00e9 o setor que pode gerar emprego de forma mais r\u00e1pida e efetiva\u201d, defendeu o presidente da CNI, Robson Andrade, destacando o seu preparo, por meio das suas pequenas, m\u00e9dias e grandes empresas, para atender \u00e0s necessidades do pa\u00eds.<\/p>\n<p style=\"text-align: justify;\">Al\u00e9m disso, Robson Andrade refor\u00e7ou com o presidente da Caixa, Pedro Guimar\u00e3es, a necessidade de buscar alternativas de financiar a constru\u00e7\u00e3o civil, sugerindo a cria\u00e7\u00e3o e um fundo para a constru\u00e7\u00e3o civil. \u201cTemos muitos recursos no Brasil que n\u00e3o est\u00e3o sendo usados para gerar empregos e que poderiam ser usados em investimentos em privatiza\u00e7\u00f5es, em concess\u00f5es e na constru\u00e7\u00e3o civil.<\/p>\n<h2><strong>Pagamentos do \u2018Minha Casa, Minha Vida\u2019 ser\u00e3o normalizados<\/strong><\/h2>\n<p style=\"text-align: justify;\">Not\u00edcia muito aguardada pelo setor da constru\u00e7\u00e3o, o presidente da Caixa, Pedro Guimar\u00e3es, afirmou que os repasses do programa Minha Casa, Minha Vida come\u00e7am a ser normalizados ainda nesta quarta-feira (11\/09).<\/p>\n<p style=\"text-align: justify;\">Ao refor\u00e7ar o sentimento dos parlamentares presentes de que o setor da constru\u00e7\u00e3o \u00e9 essencial na retomada do pa\u00eds, o deputado Domingos Gomes de Aguiar Neto (PSD-CE) informou que h\u00e1 uma tentativa dos parlamentares de incluir na previs\u00e3o or\u00e7ament\u00e1ria de 2020 recursos para o MCMV, para evitar os preju\u00edzos financeiros para o setor e o pa\u00eds tanto em obras paradas quanto no desemprego.<\/p>\n<p style=\"text-align: justify;\">\u201cSe n\u00e3o for o que precisamos, em raz\u00e3o das despesas discricion\u00e1rias, mas que o Minha Casa, Minha Vida seja percebido como vetor de desenvolvimento nacional que tem na sua ponta a maior condi\u00e7\u00e3o de gera\u00e7\u00e3o de empregos diretos e indiretos no pa\u00eds\u201d, defendeu.<\/p>\n<p>O encontro\u00a0<span style=\"color: #0000ff;\"><strong>\u2018A constru\u00e7\u00e3o na condu\u00e7\u00e3o da retomada do emprego\u2019\u00a0<\/strong><\/span>ocorreu paralelamente \u00e0 reuni\u00e3o do Conselho de Administra\u00e7\u00e3o da CBIC.<\/p>\n<p>Confira mais not\u00edcias sobre o evento na\u00a0<span style=\"color: #0000ff;\"><a style=\"color: #0000ff;\" href=\"https:\/\/cbic.org.br\/\">Ag\u00eancia CBIC.<\/a><\/span><\/p>\n<p>Fonte: Boletim CBIC<\/p>\n<\/div>\n<\/div>\n<\/div>\n","protected":false},"excerpt":{"rendered":"<p>Da Ag\u00eancia CBIC\u00a0 Setembro, 2019 &#8211; Para mostrar que a ind\u00fastria da constru\u00e7\u00e3o pode ser protagonista na retomada do crescimento econ\u00f4mico nacional, na gera\u00e7\u00e3o de empregos e no crescimento do Produto Interno Bruto (PIB), a C\u00e2mara Brasileira da Ind\u00fastria da Constru\u00e7\u00e3o (CBIC) reuniu nesta quarta-feira (11\/09), durante o encontro \u2018A constru\u00e7\u00e3o na condu\u00e7\u00e3o da retomada [&hellip;]<\/p>\n","protected":false},"author":1,"featured_media":12580,"comment_status":"open","ping_status":"open","sticky":false,"template":"","format":"standard","meta":{"_uag_custom_page_level_css":"","footnotes":""},"categories":[27],"tags":[17538,1574,1717,17536,17539,7563,17537,17540,10867],"class_list":["post-12579","post","type-post","status-publish","format-standard","has-post-thumbnail","hentry","category-acontece","tag-a-construcao-na-conducao-da-retomada-do-emprego","tag-brasilia-df","tag-camara-dos-deputados","tag-construcao-900-mil-empregos-com-acoes-no-setor","tag-investimentos-no-setor-de-saneamento","tag-mercado-imobiliario","tag-pagamento-do-minha-casa-minha-vida","tag-pavimentcao-e-construcao-de-rodovias","tag-senado-federal"],"blocksy_meta":[],"spectra_blocks_featured_image_url":{"thumbnail":{"url":"https:\/\/construcaocivil.siriusmarketingedesign.com.br\/wp-content\/uploads\/2019\/09\/Empregos-constru\u00e7\u00e3o-150x150.jpg","width":150,"height":150},"medium":{"url":"https:\/\/construcaocivil.siriusmarketingedesign.com.br\/wp-content\/uploads\/2019\/09\/Empregos-constru\u00e7\u00e3o-300x200.jpg","width":300,"height":200},"medium_large":{"url":"https:\/\/construcaocivil.siriusmarketingedesign.com.br\/wp-content\/uploads\/2019\/09\/Empregos-constru\u00e7\u00e3o-768x512.jpg","width":768,"height":512},"large":{"url":"https:\/\/construcaocivil.siriusmarketingedesign.com.br\/wp-content\/uploads\/2019\/09\/Empregos-constru\u00e7\u00e3o-1024x682.jpg","width":1024,"height":682},"full":{"url":"https:\/\/construcaocivil.siriusmarketingedesign.com.br\/wp-content\/uploads\/2019\/09\/Empregos-constru\u00e7\u00e3o.jpg","width":1280,"height":853}},"spectra_blocks_author_info":{"display_name":"Jornal da Constru\u00e7\u00e3o Civil","avatar_url":"https:\/\/secure.gravatar.com\/avatar\/973c9774fd44ddaceb026973c4962faa70fc512bc4c9da68e8ebb40fecee6540?s=96&d=mm&r=g","author_link":"https:\/\/construcaocivil.siriusmarketingedesign.com.br\/?author=1","description":"Desde de 2013, levando muitas informa\u00e7\u00f5es, lan\u00e7amentos e produtos de qualidade para toda cadeia produtiva da constru\u00e7\u00e3o. O Futuro da constru\u00e7\u00e3o passa por aqui,"},"uagb_featured_image_src":{"full":["https:\/\/construcaocivil.siriusmarketingedesign.com.br\/wp-content\/uploads\/2019\/09\/Empregos-constru\u00e7\u00e3o.jpg",1280,853,false],"thumbnail":["https:\/\/construcaocivil.siriusmarketingedesign.com.br\/wp-content\/uploads\/2019\/09\/Empregos-constru\u00e7\u00e3o-150x150.jpg",150,150,true],"medium":["https:\/\/construcaocivil.siriusmarketingedesign.com.br\/wp-content\/uploads\/2019\/09\/Empregos-constru\u00e7\u00e3o-300x200.jpg",300,200,true],"medium_large":["https:\/\/construcaocivil.siriusmarketingedesign.com.br\/wp-content\/uploads\/2019\/09\/Empregos-constru\u00e7\u00e3o-768x512.jpg",768,512,true],"large":["https:\/\/construcaocivil.siriusmarketingedesign.com.br\/wp-content\/uploads\/2019\/09\/Empregos-constru\u00e7\u00e3o-1024x682.jpg",1024,682,true],"1536x1536":["https:\/\/construcaocivil.siriusmarketingedesign.com.br\/wp-content\/uploads\/2019\/09\/Empregos-constru\u00e7\u00e3o.jpg",1280,853,false],"2048x2048":["https:\/\/construcaocivil.siriusmarketingedesign.com.br\/wp-content\/uploads\/2019\/09\/Empregos-constru\u00e7\u00e3o.jpg",1280,853,false]},"uagb_author_info":{"display_name":"Jornal da Constru\u00e7\u00e3o Civil","author_link":"https:\/\/construcaocivil.siriusmarketingedesign.com.br\/?author=1"},"uagb_comment_info":0,"uagb_excerpt":"Da Ag\u00eancia CBIC\u00a0 Setembro, 2019 &#8211; Para mostrar que a ind\u00fastria da constru\u00e7\u00e3o pode ser protagonista na retomada do crescimento econ\u00f4mico nacional, na gera\u00e7\u00e3o de empregos e no crescimento do Produto Interno Bruto (PIB), a C\u00e2mara Brasileira da Ind\u00fastria da Constru\u00e7\u00e3o (CBIC) reuniu nesta quarta-feira (11\/09), durante o encontro \u2018A constru\u00e7\u00e3o na condu\u00e7\u00e3o da retomada&hellip;","_links":{"self":[{"href":"https:\/\/construcaocivil.siriusmarketingedesign.com.br\/index.php?rest_route=\/wp\/v2\/posts\/12579","targetHints":{"allow":["GET"]}}],"collection":[{"href":"https:\/\/construcaocivil.siriusmarketingedesign.com.br\/index.php?rest_route=\/wp\/v2\/posts"}],"about":[{"href":"https:\/\/construcaocivil.siriusmarketingedesign.com.br\/index.php?rest_route=\/wp\/v2\/types\/post"}],"author":[{"embeddable":true,"href":"https:\/\/construcaocivil.siriusmarketingedesign.com.br\/index.php?rest_route=\/wp\/v2\/users\/1"}],"replies":[{"embeddable":true,"href":"https:\/\/construcaocivil.siriusmarketingedesign.com.br\/index.php?rest_route=%2Fwp%2Fv2%2Fcomments&post=12579"}],"version-history":[{"count":0,"href":"https:\/\/construcaocivil.siriusmarketingedesign.com.br\/index.php?rest_route=\/wp\/v2\/posts\/12579\/revisions"}],"wp:featuredmedia":[{"embeddable":true,"href":"https:\/\/construcaocivil.siriusmarketingedesign.com.br\/index.php?rest_route=\/wp\/v2\/media\/12580"}],"wp:attachment":[{"href":"https:\/\/construcaocivil.siriusmarketingedesign.com.br\/index.php?rest_route=%2Fwp%2Fv2%2Fmedia&parent=12579"}],"wp:term":[{"taxonomy":"category","embeddable":true,"href":"https:\/\/construcaocivil.siriusmarketingedesign.com.br\/index.php?rest_route=%2Fwp%2Fv2%2Fcategories&post=12579"},{"taxonomy":"post_tag","embeddable":true,"href":"https:\/\/construcaocivil.siriusmarketingedesign.com.br\/index.php?rest_route=%2Fwp%2Fv2%2Ftags&post=12579"}],"curies":[{"name":"wp","href":"https:\/\/api.w.org\/{rel}","templated":true}]}}