{"id":12592,"date":"2019-09-14T12:04:30","date_gmt":"2019-09-14T15:04:30","guid":{"rendered":"https:\/\/www.jornaldaconstrucaocivil.com.br\/?p=12592"},"modified":"2019-09-14T12:04:30","modified_gmt":"2019-09-14T15:04:30","slug":"vendas-de-cimento-mantem-recuperacao-diz-snic","status":"publish","type":"post","link":"https:\/\/construcaocivil.siriusmarketingedesign.com.br\/?p=12592","title":{"rendered":"Vendas de cimento mant\u00e9m recupera\u00e7\u00e3o, diz SNIC."},"content":{"rendered":"<div>\n<p style=\"text-align: justify;\"><span style=\"color: #993300;\">Setembro, 2019<\/span> &#8211; As vendas acumuladas de cimento em 2019 (janeiro a agosto) chegaram ao montante de 35,9 milh\u00f5es de toneladas, um aumento de 2,9% sobre igual per\u00edodo do ano passado, de acordo com o Sindicato Nacional da Ind\u00fastria de Cimento (SNIC).<\/p>\n<p style=\"text-align: justify;\">No m\u00eas de agosto as vendas de cimento no Brasil somaram 5,1 milh\u00f5es de toneladas, um crescimento de 3,0% em rela\u00e7\u00e3o ao mesmo m\u00eas de 2018.<\/p>\n<p style=\"text-align: justify;\">As vendas internas por dia \u00fatil em agosto &#8211; que considera o n\u00famero de dias trabalhados e tem forte influ\u00eancia no consumo de cimento &#8211; apresentaram alta de 4,1% em rela\u00e7\u00e3o a julho, de 5,1% sobre agosto de 2018 e de 2,9% no acumulado do ano.<\/p>\n<p style=\"text-align: justify;\">J\u00e1 nos \u00faltimos 12 meses (setembro de 2018 a agosto de 2019), as vendas acumuladas atingiram 53,6 milh\u00f5es de toneladas de cimento, um aumento de 1,8% em compara\u00e7\u00e3o com o mesmo per\u00edodo anterior (setembro de 2017 a agosto de 2018).<\/p>\n<p style=\"text-align: justify;\">&#8220;Os indicadores est\u00e3o se recuperando. O PIB da constru\u00e7\u00e3o civil come\u00e7ou a reagir no segundo trimestre, assim como as vendas de materiais da constru\u00e7\u00e3o civil, como vergalh\u00f5es, pedras britadas entre outros&#8221;, afirma Paulo Camillo Penna, presidente do SNIC.<\/p>\n<p style=\"text-align: justify;\">Ainda segundo o executivo, os indicadores de confian\u00e7a tamb\u00e9m voltaram a subir. &#8220;A sondagem da constru\u00e7\u00e3o civil feita pela FGV e o \u00edndice de confian\u00e7a do empres\u00e1rio industrial elaborado pela CNI subiram pelo terceiro m\u00eas consecutivo. O indicador da FGV est\u00e1 no maior ponto desde fevereiro de 2015. O ambiente de neg\u00f3cios est\u00e1 mais favor\u00e1vel, mostrando uma maior consist\u00eancia do movimento de retomada&#8221;, completa o executivo.<\/p>\n<p style=\"text-align: justify;\"><strong>Consumo aparente e importa\u00e7\u00e3o<\/strong><\/p>\n<p style=\"text-align: justify;\">O consumo aparente de cimento em agosto, que compreende as vendas internas mais as importa\u00e7\u00f5es, totalizaram 5,1 milh\u00f5es de toneladas, uma alta de 2,9% em rela\u00e7\u00e3o ao mesmo m\u00eas do ano anterior. O acumulado do ano cresceu 2,8%.<\/p>\n<p style=\"text-align: justify;\">Ao comparar os \u00faltimos 12 meses (setembro de 2018 a agosto de 2019), a alta no consumo atingiu 1,6% em rela\u00e7\u00e3o ao mesmo per\u00edodo anterior (setembro de 2017 a agosto de 2018).<\/p>\n<p style=\"text-align: justify;\">&#8220;O setor imobili\u00e1rio continua sendo o indutor da demanda de cimento. O n\u00famero de lan\u00e7amentos acumulado at\u00e9 junho foi 15% maior do que o mesmo per\u00edodo do ano anterior, enquanto que as vendas aumentaram 12% no mesmo per\u00edodo. O ambiente externo aparece como a maior inc\u00f3gnita do cen\u00e1rio, neste momento,<\/p>\n<p>impactado pelo conflito comercial entre EUA e China que pode ter efeitos sobre o n\u00edvel de atividade&#8221;, finaliza o executivo.<\/p>\n<h1>Venda de Cimento &#8211; Dados Preliminares*<\/h1>\n<p><strong>Agosto 2019<\/strong><\/p>\n<table border=\"0\" cellspacing=\"0\" cellpadding=\"0\">\n<tbody>\n<tr>\n<td valign=\"top\" width=\"153\">\n<p align=\"left\"><strong>Norte<\/strong><\/p>\n<\/td>\n<td valign=\"top\" width=\"76\"><strong>(3)<\/strong><\/td>\n<td valign=\"top\" width=\"73\"><strong>219<\/strong><\/td>\n<td valign=\"top\" width=\"72\"><strong>218<\/strong><\/td>\n<td valign=\"top\" width=\"73\"><strong>-0,5%<\/strong><\/td>\n<td valign=\"top\" width=\"72\"><strong>1.547<\/strong><\/td>\n<td valign=\"top\" width=\"72\"><strong>1.551<\/strong><\/td>\n<td valign=\"top\" width=\"73\"><strong>0,3%<\/strong><\/td>\n<\/tr>\n<tr>\n<td valign=\"top\" width=\"153\">\n<p align=\"left\"><strong>Nordeste<\/strong><\/p>\n<\/td>\n<td valign=\"top\" width=\"76\"><strong>(15)<\/strong><\/td>\n<td valign=\"top\" width=\"73\"><strong>1.025<\/strong><\/td>\n<td valign=\"top\" width=\"72\"><strong>968<\/strong><\/td>\n<td valign=\"top\" width=\"73\"><strong>-5,6%<\/strong><\/td>\n<td valign=\"top\" width=\"72\"><strong>6.996<\/strong><\/td>\n<td valign=\"top\" width=\"72\"><strong>7.028<\/strong><\/td>\n<td valign=\"top\" width=\"73\"><strong>0,5%<\/strong><\/td>\n<\/tr>\n<tr>\n<td valign=\"top\" width=\"153\">\n<p align=\"left\"><strong>Centro-Oeste<\/strong><\/p>\n<\/td>\n<td valign=\"top\" width=\"76\"><strong>(4)<\/strong><\/td>\n<td valign=\"top\" width=\"73\"><strong>579<\/strong><\/td>\n<td valign=\"top\" width=\"72\"><strong>579<\/strong><\/td>\n<td valign=\"top\" width=\"73\"><strong>0,0%<\/strong><\/td>\n<td valign=\"top\" width=\"72\"><strong>3.740<\/strong><\/td>\n<td valign=\"top\" width=\"72\"><strong>3.965<\/strong><\/td>\n<td valign=\"top\" width=\"73\"><strong>6,0%<\/strong><\/td>\n<\/tr>\n<tr>\n<td valign=\"top\" width=\"153\">\n<p align=\"left\"><strong>Sudeste<\/strong><\/p>\n<\/td>\n<td valign=\"top\" width=\"76\"><strong>(11)<\/strong><\/td>\n<td valign=\"top\" width=\"73\"><strong>2.281<\/strong><\/td>\n<td valign=\"top\" width=\"72\"><strong>2.444<\/strong><\/td>\n<td valign=\"top\" width=\"73\"><strong>7,1%<\/strong><\/td>\n<td valign=\"top\" width=\"72\"><strong>16.777<\/strong><\/td>\n<td valign=\"top\" width=\"72\"><strong>17.312<\/strong><\/td>\n<td valign=\"top\" width=\"73\"><strong>3,2%<\/strong><\/td>\n<\/tr>\n<tr>\n<td valign=\"top\" width=\"153\">\n<p align=\"left\"><strong>Sul<\/strong><\/p>\n<\/td>\n<td valign=\"top\" width=\"76\"><strong>(5)<\/strong><\/td>\n<td valign=\"top\" width=\"73\"><strong>801<\/strong><\/td>\n<td valign=\"top\" width=\"72\"><strong>844<\/strong><\/td>\n<td valign=\"top\" width=\"73\"><strong>5,4%<\/strong><\/td>\n<td valign=\"top\" width=\"72\"><strong>5.819<\/strong><\/td>\n<td valign=\"top\" width=\"72\"><strong>6.027<\/strong><\/td>\n<td valign=\"top\" width=\"73\"><strong>3,6%<\/strong><\/td>\n<\/tr>\n<tr>\n<td valign=\"top\" width=\"153\">\n<p align=\"left\"><strong>Venda Mercado Interno**<\/strong><\/p>\n<\/td>\n<td valign=\"top\" width=\"76\"><\/td>\n<td valign=\"top\" width=\"73\"><strong>4.905<\/strong><\/td>\n<td valign=\"top\" width=\"72\"><strong>5.053<\/strong><\/td>\n<td valign=\"top\" width=\"73\"><strong>3,0%<\/strong><\/td>\n<td valign=\"top\" width=\"72\"><strong>34.879<\/strong><\/td>\n<td valign=\"top\" width=\"72\"><strong>35.883<\/strong><\/td>\n<td valign=\"top\" width=\"73\"><strong>2,9%<\/strong><\/td>\n<\/tr>\n<tr>\n<td valign=\"top\" width=\"153\">\n<p align=\"left\"><strong>Exporta\u00e7\u00e3o<\/strong><\/p>\n<\/td>\n<td valign=\"top\" width=\"76\"><\/td>\n<td valign=\"top\" width=\"73\"><strong>5<\/strong><\/td>\n<td valign=\"top\" width=\"72\"><strong>13<\/strong><\/td>\n<td valign=\"top\" width=\"73\"><strong>160,0%<\/strong><\/td>\n<td valign=\"top\" width=\"72\"><strong>66<\/strong><\/td>\n<td valign=\"top\" width=\"72\"><strong>75<\/strong><\/td>\n<td valign=\"top\" width=\"73\"><strong>13,6%<\/strong><\/td>\n<\/tr>\n<tr>\n<td valign=\"top\" width=\"153\">\n<p align=\"left\"><strong>Venda Total<\/strong><\/p>\n<\/td>\n<td valign=\"top\" width=\"76\"><\/td>\n<td valign=\"top\" width=\"73\"><strong>4.910<\/strong><\/td>\n<td valign=\"top\" width=\"72\"><strong>5.066<\/strong><\/td>\n<td valign=\"top\" width=\"73\"><strong>3,2%<\/strong><\/td>\n<td valign=\"top\" width=\"72\"><strong>34.945<\/strong><\/td>\n<td valign=\"top\" width=\"72\"><strong>35.958<\/strong><\/td>\n<td valign=\"top\" width=\"73\"><strong>2,9%<\/strong><\/td>\n<\/tr>\n<tr>\n<td valign=\"top\" width=\"153\">\n<p align=\"left\"><strong>* Inclui as estimativas de oferta de assaciados e<\/strong><\/p>\n<p align=\"left\"><strong>** N\u00e3o inclui a venda do cimento importado<\/strong><\/p>\n<\/td>\n<td valign=\"top\" width=\"76\"><strong>n\u00e3o-associados<\/strong><\/td>\n<td valign=\"top\" width=\"73\"><\/td>\n<td valign=\"top\" width=\"72\"><\/td>\n<td valign=\"top\" width=\"73\"><\/td>\n<td valign=\"top\" width=\"72\"><\/td>\n<td valign=\"top\" width=\"72\"><\/td>\n<td valign=\"top\" width=\"73\"><\/td>\n<\/tr>\n<\/tbody>\n<\/table>\n<table border=\"1\" cellspacing=\"0\" cellpadding=\"0\">\n<tbody>\n<tr>\n<td colspan=\"3\" valign=\"top\" width=\"218\">\n<p align=\"left\"><strong>Despacho 1.000 ton.\/dia \u00fatil<\/strong><\/p>\n<\/td>\n<td rowspan=\"2\" valign=\"top\" width=\"72\">\n<p align=\"left\"><strong>a<\/strong><strong>\u00a0<\/strong><strong>go\/19<\/strong><strong>\u00a0jul\/19<\/strong><\/p>\n<\/td>\n<td rowspan=\"2\" valign=\"top\" width=\"72\">\n<p align=\"left\"><strong>a<\/strong><strong>\u00a0<\/strong><strong>go\/19<\/strong><strong>\u00a0ago\/18<\/strong><\/p>\n<\/td>\n<td rowspan=\"2\" valign=\"top\" width=\"72\">\n<p align=\"left\"><strong>J<\/strong><strong>\u00a0<\/strong><strong>an.-Ago.\/19<\/strong><strong>\u00a0Jan.-Ago.\/18<\/strong><\/p>\n<\/td>\n<\/tr>\n<tr>\n<td valign=\"top\" width=\"73\">\n<p align=\"left\"><strong>ago\/18<\/strong><\/p>\n<\/td>\n<td valign=\"top\" width=\"72\">\n<p align=\"left\"><strong>jul\/19<\/strong><\/p>\n<\/td>\n<td valign=\"top\" width=\"73\">\n<p align=\"left\"><strong>ago\/19<\/strong><\/p>\n<\/td>\n<\/tr>\n<tr>\n<td valign=\"top\" width=\"73\"><strong>196,2<\/strong><\/td>\n<td valign=\"top\" width=\"72\"><strong>198,1<\/strong><\/td>\n<td valign=\"top\" width=\"73\"><strong>206,2<\/strong><\/td>\n<td valign=\"top\" width=\"72\"><strong>4,1%<\/strong><\/td>\n<td valign=\"top\" width=\"72\"><strong>5,1%<\/strong><\/td>\n<td valign=\"top\" width=\"72\"><strong>2,9%<\/strong><\/td>\n<\/tr>\n<tr>\n<td valign=\"top\" width=\"73\"><strong>25,0<\/strong><\/td>\n<td valign=\"top\" width=\"72\"><strong>25,0<\/strong><\/td>\n<td valign=\"top\" width=\"73\"><strong>24,5<\/strong><\/td>\n<td valign=\"top\" width=\"72\"><strong>-2,0%<\/strong><\/td>\n<td valign=\"top\" width=\"72\"><strong>-2,0%<\/strong><\/td>\n<td valign=\"top\" width=\"72\"><strong>0,0%<\/strong><\/td>\n<\/tr>\n<\/tbody>\n<\/table>\n<p><strong>Venda Acumulada 12 meses &#8211; Mercado Interno<\/strong><br \/>\n<strong>(vendas preliminares da ind\u00fastria e estimativas de mercado)<\/strong><\/p>\n<p><img loading=\"lazy\" decoding=\"async\" class=\"CToWUd a6T aligncenter\" tabindex=\"0\" src=\"https:\/\/ci5.googleusercontent.com\/proxy\/3v7qwAAEjUjvoX7XEiUFZo2hqJ_po3gktPhgZmeIi6SuuabYFwuJKZb-P6VnKwpKKtOq7TrUWuvEjV6lrb3VzH5nvlz3Qv_JfM40XmFrIqke24Pz5UktZzeN_aWFMx1xptWpow_gdPhAsTrlkCQMgUxlHQ1k8nZPYjmaNJFL9A3O5bxv_KaRPUssfocfLsitTd8rKtMIit3LAKNj46lDX3q4dwy9y90S3wx3xn9AS87DyIhxac8wCYpzLi3_QeU4GxLLEno6NcKkbC1x-COi0J8K-6GJq7iBcgSYqY9U1Zd_3vE5XbqL2jUGng=s0-d-e1-ft#https:\/\/yvegeenenonveistiatedxe.i-mpr.com\/5==AZ1UTZmZjOt92YuwWah12ZANXYyJ2biV2d6MDM5kTOzEzN5IjOnBnauQTMwMDNx8VOwkDM5EzQJ50Uf1WZnFWbJZkMlInYu02bj5iYzZGM0USZu9Gdu9Wbu8GZyFWdkVmRyUSaGJTJt92YuIHct1SaGJTJGJTJBNTJwRHdopTM\" alt=\"\" width=\"550\" height=\"311\" \/><\/p>\n<p>Fonte; Imprensa\/SNIC<\/p>\n<\/div>\n<p>&nbsp;<\/p>\n","protected":false},"excerpt":{"rendered":"<p>Setembro, 2019 &#8211; As vendas acumuladas de cimento em 2019 (janeiro a agosto) chegaram ao montante de 35,9 milh\u00f5es de toneladas, um aumento de 2,9% sobre igual per\u00edodo do ano passado, de acordo com o Sindicato Nacional da Ind\u00fastria de Cimento (SNIC). No m\u00eas de agosto as vendas de cimento no Brasil somaram 5,1 milh\u00f5es [&hellip;]<\/p>\n","protected":false},"author":1,"featured_media":12593,"comment_status":"open","ping_status":"open","sticky":false,"template":"","format":"standard","meta":{"_uag_custom_page_level_css":"","footnotes":""},"categories":[12591],"tags":[2079,17551,7005,17552,10114,10375,17549,17550,14596],"class_list":["post-12592","post","type-post","status-publish","format-standard","has-post-thumbnail","hentry","category-produtos","tag-centro-oeste","tag-cimento-lojas-com-promocao","tag-lojas-de-material-de-construcao","tag-rede-de-material-de-construcao","tag-regiao-norte","tag-rio-de-janeiro","tag-sindicato-nacional-da-industria-de-cimento-snic","tag-varejo-e-material-de-construcao","tag-vendas-de-cimento"],"blocksy_meta":[],"spectra_blocks_featured_image_url":{"thumbnail":{"url":"https:\/\/construcaocivil.siriusmarketingedesign.com.br\/wp-content\/uploads\/2019\/09\/CIMENTO-II-150x150.jpg","width":150,"height":150},"medium":{"url":"https:\/\/construcaocivil.siriusmarketingedesign.com.br\/wp-content\/uploads\/2019\/09\/CIMENTO-II-300x161.jpg","width":300,"height":161},"medium_large":{"url":"https:\/\/construcaocivil.siriusmarketingedesign.com.br\/wp-content\/uploads\/2019\/09\/CIMENTO-II-768x411.jpg","width":768,"height":411},"large":{"url":"https:\/\/construcaocivil.siriusmarketingedesign.com.br\/wp-content\/uploads\/2019\/09\/CIMENTO-II-1024x548.jpg","width":1024,"height":548},"full":{"url":"https:\/\/construcaocivil.siriusmarketingedesign.com.br\/wp-content\/uploads\/2019\/09\/CIMENTO-II.jpg","width":2502,"height":1340}},"spectra_blocks_author_info":{"display_name":"Jornal da Constru\u00e7\u00e3o Civil","avatar_url":"https:\/\/secure.gravatar.com\/avatar\/973c9774fd44ddaceb026973c4962faa70fc512bc4c9da68e8ebb40fecee6540?s=96&d=mm&r=g","author_link":"https:\/\/construcaocivil.siriusmarketingedesign.com.br\/?author=1","description":"Desde de 2013, levando muitas informa\u00e7\u00f5es, lan\u00e7amentos e produtos de qualidade para toda cadeia produtiva da constru\u00e7\u00e3o. O Futuro da constru\u00e7\u00e3o passa por aqui,"},"uagb_featured_image_src":{"full":["https:\/\/construcaocivil.siriusmarketingedesign.com.br\/wp-content\/uploads\/2019\/09\/CIMENTO-II.jpg",2502,1340,false],"thumbnail":["https:\/\/construcaocivil.siriusmarketingedesign.com.br\/wp-content\/uploads\/2019\/09\/CIMENTO-II-150x150.jpg",150,150,true],"medium":["https:\/\/construcaocivil.siriusmarketingedesign.com.br\/wp-content\/uploads\/2019\/09\/CIMENTO-II-300x161.jpg",300,161,true],"medium_large":["https:\/\/construcaocivil.siriusmarketingedesign.com.br\/wp-content\/uploads\/2019\/09\/CIMENTO-II-768x411.jpg",768,411,true],"large":["https:\/\/construcaocivil.siriusmarketingedesign.com.br\/wp-content\/uploads\/2019\/09\/CIMENTO-II-1024x548.jpg",1024,548,true],"1536x1536":["https:\/\/construcaocivil.siriusmarketingedesign.com.br\/wp-content\/uploads\/2019\/09\/CIMENTO-II.jpg",1536,823,false],"2048x2048":["https:\/\/construcaocivil.siriusmarketingedesign.com.br\/wp-content\/uploads\/2019\/09\/CIMENTO-II.jpg",2048,1097,false]},"uagb_author_info":{"display_name":"Jornal da Constru\u00e7\u00e3o Civil","author_link":"https:\/\/construcaocivil.siriusmarketingedesign.com.br\/?author=1"},"uagb_comment_info":0,"uagb_excerpt":"Setembro, 2019 &#8211; As vendas acumuladas de cimento em 2019 (janeiro a agosto) chegaram ao montante de 35,9 milh\u00f5es de toneladas, um aumento de 2,9% sobre igual per\u00edodo do ano passado, de acordo com o Sindicato Nacional da Ind\u00fastria de Cimento (SNIC). No m\u00eas de agosto as vendas de cimento no Brasil somaram 5,1 milh\u00f5es&hellip;","_links":{"self":[{"href":"https:\/\/construcaocivil.siriusmarketingedesign.com.br\/index.php?rest_route=\/wp\/v2\/posts\/12592","targetHints":{"allow":["GET"]}}],"collection":[{"href":"https:\/\/construcaocivil.siriusmarketingedesign.com.br\/index.php?rest_route=\/wp\/v2\/posts"}],"about":[{"href":"https:\/\/construcaocivil.siriusmarketingedesign.com.br\/index.php?rest_route=\/wp\/v2\/types\/post"}],"author":[{"embeddable":true,"href":"https:\/\/construcaocivil.siriusmarketingedesign.com.br\/index.php?rest_route=\/wp\/v2\/users\/1"}],"replies":[{"embeddable":true,"href":"https:\/\/construcaocivil.siriusmarketingedesign.com.br\/index.php?rest_route=%2Fwp%2Fv2%2Fcomments&post=12592"}],"version-history":[{"count":0,"href":"https:\/\/construcaocivil.siriusmarketingedesign.com.br\/index.php?rest_route=\/wp\/v2\/posts\/12592\/revisions"}],"wp:featuredmedia":[{"embeddable":true,"href":"https:\/\/construcaocivil.siriusmarketingedesign.com.br\/index.php?rest_route=\/wp\/v2\/media\/12593"}],"wp:attachment":[{"href":"https:\/\/construcaocivil.siriusmarketingedesign.com.br\/index.php?rest_route=%2Fwp%2Fv2%2Fmedia&parent=12592"}],"wp:term":[{"taxonomy":"category","embeddable":true,"href":"https:\/\/construcaocivil.siriusmarketingedesign.com.br\/index.php?rest_route=%2Fwp%2Fv2%2Fcategories&post=12592"},{"taxonomy":"post_tag","embeddable":true,"href":"https:\/\/construcaocivil.siriusmarketingedesign.com.br\/index.php?rest_route=%2Fwp%2Fv2%2Ftags&post=12592"}],"curies":[{"name":"wp","href":"https:\/\/api.w.org\/{rel}","templated":true}]}}