{"id":12595,"date":"2019-09-14T12:32:12","date_gmt":"2019-09-14T15:32:12","guid":{"rendered":"https:\/\/www.jornaldaconstrucaocivil.com.br\/?p=12595"},"modified":"2019-09-14T12:32:12","modified_gmt":"2019-09-14T15:32:12","slug":"morar-mais-por-menos-inovacao-e-tecnologia-dao-novas-formas-para-marmores-e-granitos","status":"publish","type":"post","link":"https:\/\/construcaocivil.siriusmarketingedesign.com.br\/?p=12595","title":{"rendered":"Morar Mais por Menos: Inova\u00e7\u00e3o e tecnologia d\u00e3o novas formas para m\u00e1rmores e granitos"},"content":{"rendered":"<p style=\"font-weight: 400; text-align: justify;\"><span style=\"color: #993300;\">Setembro, 2019<\/span> &#8211; O Espa\u00e7o Firjan Simagran-Rio na mostra Morar Mais por Menos, no Casa Shopping, no Rio, traz novas formas para a utiliza\u00e7\u00e3o de pedras decorativas, como o m\u00e1rmore e granito. Criada pelas arquitetas Cec\u00edlia Castro e Deborah Pandolfi, do escrit\u00f3rio carioca FuturoLugar,a exposi\u00e7\u00e3o \u201cM\u00e1rmores e granitos: uma obra natural\u201d apresenta pe\u00e7as artesanais produzidas a partir do reaproveitamento de sobras dos materiais.<\/p>\n<p style=\"font-weight: 400; text-align: justify;\">\u201cQuer\u00edamos mostrar que tanto o m\u00e1rmore quanto o granito podem ter outras utilidades al\u00e9m de pisos, revestimentos ou bancadas de cozinha\u201d, contou Cec\u00edlia Castro. Deborah Pandolfi refor\u00e7a o discurso da s\u00f3cia, afirmando que o Espa\u00e7o Firjan Simagran-Rio foi criado com uma galeria de arte, onde o p\u00fablico e os profissionais do setor de constru\u00e7\u00e3o e decora\u00e7\u00e3o, que visitam a Morar Mais por Menos, podem admirar a beleza e a for\u00e7as das pe\u00e7as expostas.<\/p>\n<p style=\"font-weight: 400; text-align: justify;\"><strong>Inova\u00e7\u00e3o e tecnologia<\/strong><\/p>\n<p style=\"font-weight: 400; text-align: justify;\">Especializada em cortes com jato d\u2019\u00e1gua, a marmoraria Brasilis Pietra mostrou como o uso da tecnologia pode fazer toda a diferen\u00e7a na elabora\u00e7\u00e3o de uma pe\u00e7a decorativa e \u00fanica. Os cubos e a base de mesa Alcantarinos e a mesa de centro Latoog foram criados a partir de software AutoCad para o desenho e o corte preciso a base do jato d\u2019\u00e1gua.<\/p>\n<figure id=\"attachment_12597\" aria-describedby=\"caption-attachment-12597\" style=\"width: 300px\" class=\"wp-caption alignleft\"><img loading=\"lazy\" decoding=\"async\" class=\"size-medium wp-image-12597\" src=\"https:\/\/www.jornaldaconstrucaocivil.com.br\/wp-content\/uploads\/2019\/09\/morar-mais-BB-300x200.jpg\" alt=\"\" width=\"300\" height=\"200\" srcset=\"https:\/\/construcaocivil.siriusmarketingedesign.com.br\/wp-content\/uploads\/2019\/09\/morar-mais-BB-300x200.jpg 300w, https:\/\/construcaocivil.siriusmarketingedesign.com.br\/wp-content\/uploads\/2019\/09\/morar-mais-BB-768x512.jpg 768w, https:\/\/construcaocivil.siriusmarketingedesign.com.br\/wp-content\/uploads\/2019\/09\/morar-mais-BB-1024x683.jpg 1024w, https:\/\/construcaocivil.siriusmarketingedesign.com.br\/wp-content\/uploads\/2019\/09\/morar-mais-BB-450x300.jpg 450w, https:\/\/construcaocivil.siriusmarketingedesign.com.br\/wp-content\/uploads\/2019\/09\/morar-mais-BB.jpg 1068w\" sizes=\"auto, (max-width: 300px) 100vw, 300px\" \/><figcaption id=\"caption-attachment-12597\" class=\"wp-caption-text\">Espa\u00e7o Firja &#8211; Morar mais por menos. Divulga\u00e7\u00e3o<\/figcaption><\/figure>\n<p style=\"font-weight: 400; text-align: justify;\">\u201cHoje com a tecnologia e a flexibilidade dos materiais \u00e9 poss\u00edvel dar v\u00e1rios usos para as pedras ornamentais\u201d, destaca Mauro Varej\u00e3o, da Brasilis Pietra e presidente do Sindicato da Ind\u00fastria de M\u00e1rmores, Granitos e Rochas Afins do Estado do Rio de Janeiro (Simagran-Rio).<\/p>\n<p style=\"font-weight: 400; text-align: justify;\">Criado pelo designer F\u00e1bio Magalh\u00e3es para o Chal\u00e9 das Pedras, o conjunto Sinfonia \u00e9 um belo exemplo de inova\u00e7\u00e3o no uso do granito e Quartzos coloridos. As mesas de centro utilizam diversidades de cores, alturas e formas para dar um \u2018movimento\u2019 as pe\u00e7as, produzidas a partir de peda\u00e7os sobressalentes com design \u00fanico e exclusivo.<\/p>\n<p style=\"font-weight: 400; text-align: justify;\">J\u00e1 a Ardomarno Pedras Decorativas trouxe pe\u00e7as criadas a partir de retalhos de m\u00e1rmores importados e colados artesanalmente como uma coluna redonda em Travertino Romano estucado e polido e a mesa criatividade em branco Thassus, Nero Maquina, Rosso Verona, Crema Marfil verde. A M\u00e1rmore e Granitos Esp\u00edrito Santo se inspirou nos objetos usados no dia a dia de uma casa e criou um mix de utens\u00edlios, como t\u00e1bua de carne BBQ, porta copos, porta molhos gourmet e mesas de centro.<\/p>\n<p style=\"font-weight: 400; text-align: justify;\"><strong>Palestras t\u00e9cnicas<\/strong><\/p>\n<p style=\"font-weight: 400; text-align: justify;\">A 16\u00aa edi\u00e7\u00e3o da mostra Morar Mais por Menos prossegue at\u00e9 22 de setembro com 60 ambientes projetados por arquitetos, designers de interiores e paisagistas. A ideia \u00e9 unir solu\u00e7\u00f5es elegantes, criativas e de custo acess\u00edvel.<\/p>\n<p style=\"font-weight: 400; text-align: justify;\">A Firjan tamb\u00e9m promove, \u00e0s ter\u00e7as-feiras, palestras t\u00e9cnicas gratuitas. Amanh\u00e3 (10\/9), \u00e0s 18h30, o tema ser\u00e1 \u201cTend\u00eancias: o que voc\u00ea precisa saber sobre m\u00f3veis\u201d, com o especialista T\u00e9cnico de Educa\u00e7\u00e3o da Firjan Senai &#8211; M\u00f3veis, J\u00falio Cezar Gaia.<\/p>\n<p style=\"font-weight: 400; text-align: justify;\">Em 17\/9, tamb\u00e9m \u00e0s 18h30, o tema ser\u00e1 \u201cEconomia Circular e Constru\u00e7\u00e3o Civil &#8211; Oportunidades e Desafios\u201d, com Karine A. M. Rossi, coordenadora do Instituto SENAI de Tecnologia Ambiental da federa\u00e7\u00e3o.<\/p>\n<p>Fonte: Imprensa\/Firjan-RJ<\/p>\n","protected":false},"excerpt":{"rendered":"<p>Setembro, 2019 &#8211; O Espa\u00e7o Firjan Simagran-Rio na mostra Morar Mais por Menos, no Casa Shopping, no Rio, traz novas formas para a utiliza\u00e7\u00e3o de pedras decorativas, como o m\u00e1rmore e granito. Criada pelas arquitetas Cec\u00edlia Castro e Deborah Pandolfi, do escrit\u00f3rio carioca FuturoLugar,a exposi\u00e7\u00e3o \u201cM\u00e1rmores e granitos: uma obra natural\u201d apresenta pe\u00e7as artesanais produzidas [&hellip;]<\/p>\n","protected":false},"author":1,"featured_media":12596,"comment_status":"open","ping_status":"open","sticky":false,"template":"","format":"standard","meta":{"_uag_custom_page_level_css":"","footnotes":""},"categories":[28],"tags":[917,1933,17555,17556,17553,7316,17554,7886,17557],"class_list":["post-12595","post","type-post","status-publish","format-standard","has-post-thumbnail","hentry","category-arquitetura","tag-arquitetura-e-decoracao","tag-casa-e-decoracao","tag-casa-shopping-rj","tag-espaco-firjan-simagran-rio","tag-granitos-e-rochas","tag-marmores","tag-morar-mais-por-menos-palestras-e-debates","tag-mostra-morar-mais-por-menos","tag-pedras-decorativas"],"blocksy_meta":[],"spectra_blocks_featured_image_url":{"thumbnail":{"url":"https:\/\/construcaocivil.siriusmarketingedesign.com.br\/wp-content\/uploads\/2019\/09\/Espa\u00e7o-FIRJAN-150x150.jpg","width":150,"height":150},"medium":{"url":"https:\/\/construcaocivil.siriusmarketingedesign.com.br\/wp-content\/uploads\/2019\/09\/Espa\u00e7o-FIRJAN-300x200.jpg","width":300,"height":200},"medium_large":{"url":"https:\/\/construcaocivil.siriusmarketingedesign.com.br\/wp-content\/uploads\/2019\/09\/Espa\u00e7o-FIRJAN-768x512.jpg","width":768,"height":512},"large":{"url":"https:\/\/construcaocivil.siriusmarketingedesign.com.br\/wp-content\/uploads\/2019\/09\/Espa\u00e7o-FIRJAN-1024x682.jpg","width":1024,"height":682},"full":{"url":"https:\/\/construcaocivil.siriusmarketingedesign.com.br\/wp-content\/uploads\/2019\/09\/Espa\u00e7o-FIRJAN.jpg","width":1037,"height":691}},"spectra_blocks_author_info":{"display_name":"Jornal da Constru\u00e7\u00e3o Civil","avatar_url":"https:\/\/secure.gravatar.com\/avatar\/973c9774fd44ddaceb026973c4962faa70fc512bc4c9da68e8ebb40fecee6540?s=96&d=mm&r=g","author_link":"https:\/\/construcaocivil.siriusmarketingedesign.com.br\/?author=1","description":"Desde de 2013, levando muitas informa\u00e7\u00f5es, lan\u00e7amentos e produtos de qualidade para toda cadeia produtiva da constru\u00e7\u00e3o. O Futuro da constru\u00e7\u00e3o passa por aqui,"},"uagb_featured_image_src":{"full":["https:\/\/construcaocivil.siriusmarketingedesign.com.br\/wp-content\/uploads\/2019\/09\/Espa\u00e7o-FIRJAN.jpg",1037,691,false],"thumbnail":["https:\/\/construcaocivil.siriusmarketingedesign.com.br\/wp-content\/uploads\/2019\/09\/Espa\u00e7o-FIRJAN-150x150.jpg",150,150,true],"medium":["https:\/\/construcaocivil.siriusmarketingedesign.com.br\/wp-content\/uploads\/2019\/09\/Espa\u00e7o-FIRJAN-300x200.jpg",300,200,true],"medium_large":["https:\/\/construcaocivil.siriusmarketingedesign.com.br\/wp-content\/uploads\/2019\/09\/Espa\u00e7o-FIRJAN-768x512.jpg",768,512,true],"large":["https:\/\/construcaocivil.siriusmarketingedesign.com.br\/wp-content\/uploads\/2019\/09\/Espa\u00e7o-FIRJAN-1024x682.jpg",1024,682,true],"1536x1536":["https:\/\/construcaocivil.siriusmarketingedesign.com.br\/wp-content\/uploads\/2019\/09\/Espa\u00e7o-FIRJAN.jpg",1037,691,false],"2048x2048":["https:\/\/construcaocivil.siriusmarketingedesign.com.br\/wp-content\/uploads\/2019\/09\/Espa\u00e7o-FIRJAN.jpg",1037,691,false]},"uagb_author_info":{"display_name":"Jornal da Constru\u00e7\u00e3o Civil","author_link":"https:\/\/construcaocivil.siriusmarketingedesign.com.br\/?author=1"},"uagb_comment_info":0,"uagb_excerpt":"Setembro, 2019 &#8211; O Espa\u00e7o Firjan Simagran-Rio na mostra Morar Mais por Menos, no Casa Shopping, no Rio, traz novas formas para a utiliza\u00e7\u00e3o de pedras decorativas, como o m\u00e1rmore e granito. Criada pelas arquitetas Cec\u00edlia Castro e Deborah Pandolfi, do escrit\u00f3rio carioca FuturoLugar,a exposi\u00e7\u00e3o \u201cM\u00e1rmores e granitos: uma obra natural\u201d apresenta pe\u00e7as artesanais produzidas&hellip;","_links":{"self":[{"href":"https:\/\/construcaocivil.siriusmarketingedesign.com.br\/index.php?rest_route=\/wp\/v2\/posts\/12595","targetHints":{"allow":["GET"]}}],"collection":[{"href":"https:\/\/construcaocivil.siriusmarketingedesign.com.br\/index.php?rest_route=\/wp\/v2\/posts"}],"about":[{"href":"https:\/\/construcaocivil.siriusmarketingedesign.com.br\/index.php?rest_route=\/wp\/v2\/types\/post"}],"author":[{"embeddable":true,"href":"https:\/\/construcaocivil.siriusmarketingedesign.com.br\/index.php?rest_route=\/wp\/v2\/users\/1"}],"replies":[{"embeddable":true,"href":"https:\/\/construcaocivil.siriusmarketingedesign.com.br\/index.php?rest_route=%2Fwp%2Fv2%2Fcomments&post=12595"}],"version-history":[{"count":0,"href":"https:\/\/construcaocivil.siriusmarketingedesign.com.br\/index.php?rest_route=\/wp\/v2\/posts\/12595\/revisions"}],"wp:featuredmedia":[{"embeddable":true,"href":"https:\/\/construcaocivil.siriusmarketingedesign.com.br\/index.php?rest_route=\/wp\/v2\/media\/12596"}],"wp:attachment":[{"href":"https:\/\/construcaocivil.siriusmarketingedesign.com.br\/index.php?rest_route=%2Fwp%2Fv2%2Fmedia&parent=12595"}],"wp:term":[{"taxonomy":"category","embeddable":true,"href":"https:\/\/construcaocivil.siriusmarketingedesign.com.br\/index.php?rest_route=%2Fwp%2Fv2%2Fcategories&post=12595"},{"taxonomy":"post_tag","embeddable":true,"href":"https:\/\/construcaocivil.siriusmarketingedesign.com.br\/index.php?rest_route=%2Fwp%2Fv2%2Ftags&post=12595"}],"curies":[{"name":"wp","href":"https:\/\/api.w.org\/{rel}","templated":true}]}}