{"id":12599,"date":"2019-09-17T10:36:09","date_gmt":"2019-09-17T13:36:09","guid":{"rendered":"https:\/\/www.jornaldaconstrucaocivil.com.br\/?p=12599"},"modified":"2019-09-17T10:36:09","modified_gmt":"2019-09-17T13:36:09","slug":"empregos-construtora-oferece-vagas-para-pessoas-com-deficiencia","status":"publish","type":"post","link":"https:\/\/construcaocivil.siriusmarketingedesign.com.br\/?p=12599","title":{"rendered":"Empregos: Construtora oferece vagas para pessoas com defici\u00eancia"},"content":{"rendered":"<p style=\"text-align: justify;\"><span style=\"color: #993300;\">Setembro, 2019<\/span> &#8211; Em 2018, o n\u00famero de contrata\u00e7\u00f5es de pessoas com defici\u00eancia (PcD) bateu recorde no Brasil, com mais de 46,9 mil profissionais ingressando no mercado formal de trabalho, o n\u00famero \u00e9 o maior desde 2003. O dado \u00e9 da Secretaria Nacional do Trabalho (extinto Minist\u00e9rio do Trabalho) que apontou um crescimento de 20,6% nas contrata\u00e7\u00f5es desse tipos em rela\u00e7\u00e3o a 2017.<\/p>\n<p style=\"text-align: justify;\">A MRV, uma das maiores construtora da Am\u00e9rica Latina, \u00e9 uma das empresas que tem contribu\u00eddo para a inclus\u00e3o dos PcDs no mercado de trabalho. Em Goi\u00e2nia, por exemplo,\u00a0a empresa est\u00e1 com tr\u00eas vagas destinadas a pessoas com defici\u00eancia. Os candidatos precisam ter ensino m\u00e9dio completo, carteira de habilita\u00e7\u00e3o categoria A e B, ve\u00edculo pr\u00f3prio, experi\u00eancia na \u00e1rea de vendas e possuir laudo com CID da defici\u00eancia.<\/p>\n<p style=\"text-align: justify;\">O regime de contrata\u00e7\u00e3o ser\u00e1 o da Consolida\u00e7\u00e3o das Leis do Trabalho (CLT), por isso os selecionados ter\u00e3o direito a sal\u00e1rio fixo e benef\u00edcios como plano de sa\u00fade, plano odontol\u00f3gico, vale refei\u00e7\u00e3o ou alimenta\u00e7\u00e3o e participa\u00e7\u00e3o nos lucros. Curr\u00edculos devem ser enviados para o email\u00a0<span style=\"text-decoration: underline;\"><span style=\"color: #0000ff;\"><a style=\"color: #0000ff; text-decoration: underline;\" href=\"mailto:luciene.moreira@mrv.com.br\" rel=\"noreferrer\">luciene.moreira@mrv.com.br<\/a><\/span><\/span>\u00a0at\u00e9 o dia 20 de setembro.<\/p>\n<p>Fonte: Imprensa\/MRV Engenharia<\/p>\n","protected":false},"excerpt":{"rendered":"<p>Setembro, 2019 &#8211; Em 2018, o n\u00famero de contrata\u00e7\u00f5es de pessoas com defici\u00eancia (PcD) bateu recorde no Brasil, com mais de 46,9 mil profissionais ingressando no mercado formal de trabalho, o n\u00famero \u00e9 o maior desde 2003. O dado \u00e9 da Secretaria Nacional do Trabalho (extinto Minist\u00e9rio do Trabalho) que apontou um crescimento de 20,6% [&hellip;]<\/p>\n","protected":false},"author":1,"featured_media":12600,"comment_status":"open","ping_status":"open","sticky":false,"template":"","format":"standard","meta":{"_uag_custom_page_level_css":"","footnotes":""},"categories":[27],"tags":[17562,17561,17559,5514,17558,10080,17560],"class_list":["post-12599","post","type-post","status-publish","format-standard","has-post-thumbnail","hentry","category-acontece","tag-clt-e-salario-fixo","tag-construcao-civil-contrata","tag-empregos-para-pcd","tag-goiania-go","tag-mrv-engenharia-contrata","tag-regiao-centro-oeste","tag-vagas-para-profissionais-com-pcds"],"blocksy_meta":[],"spectra_blocks_featured_image_url":{"thumbnail":{"url":"https:\/\/construcaocivil.siriusmarketingedesign.com.br\/wp-content\/uploads\/2019\/09\/Corretores-e-gerente-em-atendimento-na-loja-MRV-em-Anapolis-150x150.jpg","width":150,"height":150},"medium":{"url":"https:\/\/construcaocivil.siriusmarketingedesign.com.br\/wp-content\/uploads\/2019\/09\/Corretores-e-gerente-em-atendimento-na-loja-MRV-em-Anapolis-300x169.jpg","width":300,"height":169},"medium_large":{"url":"https:\/\/construcaocivil.siriusmarketingedesign.com.br\/wp-content\/uploads\/2019\/09\/Corretores-e-gerente-em-atendimento-na-loja-MRV-em-Anapolis-768x432.jpg","width":768,"height":432},"large":{"url":"https:\/\/construcaocivil.siriusmarketingedesign.com.br\/wp-content\/uploads\/2019\/09\/Corretores-e-gerente-em-atendimento-na-loja-MRV-em-Anapolis-1024x576.jpg","width":1024,"height":576},"full":{"url":"https:\/\/construcaocivil.siriusmarketingedesign.com.br\/wp-content\/uploads\/2019\/09\/Corretores-e-gerente-em-atendimento-na-loja-MRV-em-Anapolis.jpg","width":1280,"height":720}},"spectra_blocks_author_info":{"display_name":"Jornal da Constru\u00e7\u00e3o Civil","avatar_url":"https:\/\/secure.gravatar.com\/avatar\/973c9774fd44ddaceb026973c4962faa70fc512bc4c9da68e8ebb40fecee6540?s=96&d=mm&r=g","author_link":"https:\/\/construcaocivil.siriusmarketingedesign.com.br\/?author=1","description":"Desde de 2013, levando muitas informa\u00e7\u00f5es, lan\u00e7amentos e produtos de qualidade para toda cadeia produtiva da constru\u00e7\u00e3o. O Futuro da constru\u00e7\u00e3o passa por aqui,"},"uagb_featured_image_src":{"full":["https:\/\/construcaocivil.siriusmarketingedesign.com.br\/wp-content\/uploads\/2019\/09\/Corretores-e-gerente-em-atendimento-na-loja-MRV-em-Anapolis.jpg",1280,720,false],"thumbnail":["https:\/\/construcaocivil.siriusmarketingedesign.com.br\/wp-content\/uploads\/2019\/09\/Corretores-e-gerente-em-atendimento-na-loja-MRV-em-Anapolis-150x150.jpg",150,150,true],"medium":["https:\/\/construcaocivil.siriusmarketingedesign.com.br\/wp-content\/uploads\/2019\/09\/Corretores-e-gerente-em-atendimento-na-loja-MRV-em-Anapolis-300x169.jpg",300,169,true],"medium_large":["https:\/\/construcaocivil.siriusmarketingedesign.com.br\/wp-content\/uploads\/2019\/09\/Corretores-e-gerente-em-atendimento-na-loja-MRV-em-Anapolis-768x432.jpg",768,432,true],"large":["https:\/\/construcaocivil.siriusmarketingedesign.com.br\/wp-content\/uploads\/2019\/09\/Corretores-e-gerente-em-atendimento-na-loja-MRV-em-Anapolis-1024x576.jpg",1024,576,true],"1536x1536":["https:\/\/construcaocivil.siriusmarketingedesign.com.br\/wp-content\/uploads\/2019\/09\/Corretores-e-gerente-em-atendimento-na-loja-MRV-em-Anapolis.jpg",1280,720,false],"2048x2048":["https:\/\/construcaocivil.siriusmarketingedesign.com.br\/wp-content\/uploads\/2019\/09\/Corretores-e-gerente-em-atendimento-na-loja-MRV-em-Anapolis.jpg",1280,720,false]},"uagb_author_info":{"display_name":"Jornal da Constru\u00e7\u00e3o Civil","author_link":"https:\/\/construcaocivil.siriusmarketingedesign.com.br\/?author=1"},"uagb_comment_info":0,"uagb_excerpt":"Setembro, 2019 &#8211; Em 2018, o n\u00famero de contrata\u00e7\u00f5es de pessoas com defici\u00eancia (PcD) bateu recorde no Brasil, com mais de 46,9 mil profissionais ingressando no mercado formal de trabalho, o n\u00famero \u00e9 o maior desde 2003. O dado \u00e9 da Secretaria Nacional do Trabalho (extinto Minist\u00e9rio do Trabalho) que apontou um crescimento de 20,6%&hellip;","_links":{"self":[{"href":"https:\/\/construcaocivil.siriusmarketingedesign.com.br\/index.php?rest_route=\/wp\/v2\/posts\/12599","targetHints":{"allow":["GET"]}}],"collection":[{"href":"https:\/\/construcaocivil.siriusmarketingedesign.com.br\/index.php?rest_route=\/wp\/v2\/posts"}],"about":[{"href":"https:\/\/construcaocivil.siriusmarketingedesign.com.br\/index.php?rest_route=\/wp\/v2\/types\/post"}],"author":[{"embeddable":true,"href":"https:\/\/construcaocivil.siriusmarketingedesign.com.br\/index.php?rest_route=\/wp\/v2\/users\/1"}],"replies":[{"embeddable":true,"href":"https:\/\/construcaocivil.siriusmarketingedesign.com.br\/index.php?rest_route=%2Fwp%2Fv2%2Fcomments&post=12599"}],"version-history":[{"count":0,"href":"https:\/\/construcaocivil.siriusmarketingedesign.com.br\/index.php?rest_route=\/wp\/v2\/posts\/12599\/revisions"}],"wp:featuredmedia":[{"embeddable":true,"href":"https:\/\/construcaocivil.siriusmarketingedesign.com.br\/index.php?rest_route=\/wp\/v2\/media\/12600"}],"wp:attachment":[{"href":"https:\/\/construcaocivil.siriusmarketingedesign.com.br\/index.php?rest_route=%2Fwp%2Fv2%2Fmedia&parent=12599"}],"wp:term":[{"taxonomy":"category","embeddable":true,"href":"https:\/\/construcaocivil.siriusmarketingedesign.com.br\/index.php?rest_route=%2Fwp%2Fv2%2Fcategories&post=12599"},{"taxonomy":"post_tag","embeddable":true,"href":"https:\/\/construcaocivil.siriusmarketingedesign.com.br\/index.php?rest_route=%2Fwp%2Fv2%2Ftags&post=12599"}],"curies":[{"name":"wp","href":"https:\/\/api.w.org\/{rel}","templated":true}]}}