{"id":12606,"date":"2019-09-17T11:40:08","date_gmt":"2019-09-17T14:40:08","guid":{"rendered":"https:\/\/www.jornaldaconstrucaocivil.com.br\/?p=12606"},"modified":"2019-09-17T11:40:08","modified_gmt":"2019-09-17T14:40:08","slug":"agricultura-familiar-vila-da-terra-na-1a-mostra-gife-de-inovacao-social-em-sao-paulo","status":"publish","type":"post","link":"https:\/\/construcaocivil.siriusmarketingedesign.com.br\/?p=12606","title":{"rendered":"Agricultura Familiar: Vila da Terra na 1\u00aa Mostra Gife de Inova\u00e7\u00e3o Social, em S\u00e3o Paulo"},"content":{"rendered":"<p style=\"font-weight: 400; text-align: justify;\"><strong>Rio de Janeiro, 16 de agosto<\/strong>\u00a0&#8211; O Projeto Vila da Terra, idealizado e desenvolvido pelo Porto do A\u00e7u, em parceria com a Prefeitura de S\u00e3o Jo\u00e3o da Barra (RJ) e a Companhia de Desenvolvimento Industrial do Rio de Janeiro (CODIN), foi um dos selecionados da 1\u00aa Mostra Gife de Inova\u00e7\u00e3o Social, que est\u00e1 acontecendo desde o in\u00edcio da \u00faltima semana, em S\u00e3o Paulo. A mostra, que vai at\u00e9 amanh\u00e3, re\u00fane projetos de cunho socioambiental de todo o pa\u00eds, nos mais variados segmentos, e que se destacam por sua originalidade e resultados positivos alcan\u00e7ados.<\/p>\n<p style=\"font-weight: 400; text-align: justify;\">O projeto foi reconhecido como case de sucesso no pa\u00eds e est\u00e1 enquadrado em 3 ODS (Objetivo de Desenvolvimento Sustent\u00e1vel), iniciativa da Organiza\u00e7\u00e3o das Na\u00e7\u00f5es Unidas (ONU): ODS 2 \u2013 Fome zero e agricultura sustent\u00e1vel; ODS 16 \u2013 Parcerias e meios de implementa\u00e7\u00e3o e ODS 17 \u2013 Paz, justi\u00e7a e institui\u00e7\u00f5es eficazes. Em vigor desde 2015, os ODS definiram os 17 temas humanit\u00e1rios que devem servir como prioridade nas pol\u00edticas p\u00fablicas internacionais at\u00e9 2030.<\/p>\n<figure id=\"attachment_12607\" aria-describedby=\"caption-attachment-12607\" style=\"width: 300px\" class=\"wp-caption alignleft\"><img loading=\"lazy\" decoding=\"async\" class=\"size-medium wp-image-12607\" src=\"https:\/\/www.jornaldaconstrucaocivil.com.br\/wp-content\/uploads\/2019\/09\/Feira-no-Porto-300x225.jpg\" alt=\"\" width=\"300\" height=\"225\" srcset=\"https:\/\/construcaocivil.siriusmarketingedesign.com.br\/wp-content\/uploads\/2019\/09\/Feira-no-Porto-300x225.jpg 300w, https:\/\/construcaocivil.siriusmarketingedesign.com.br\/wp-content\/uploads\/2019\/09\/Feira-no-Porto-768x576.jpg 768w, https:\/\/construcaocivil.siriusmarketingedesign.com.br\/wp-content\/uploads\/2019\/09\/Feira-no-Porto-1024x768.jpg 1024w, https:\/\/construcaocivil.siriusmarketingedesign.com.br\/wp-content\/uploads\/2019\/09\/Feira-no-Porto-86x64.jpg 86w, https:\/\/construcaocivil.siriusmarketingedesign.com.br\/wp-content\/uploads\/2019\/09\/Feira-no-Porto.jpg 1632w\" sizes=\"auto, (max-width: 300px) 100vw, 300px\" \/><figcaption id=\"caption-attachment-12607\" class=\"wp-caption-text\">Feira no Porto. Divulga\u00e7\u00e3o<\/figcaption><\/figure>\n<p style=\"font-weight: 400; text-align: justify;\">Como fruto do Vila da Terra, nasceu o projeto Feira no Porto, que acontece toda semana nas instala\u00e7\u00f5es do Porto do A\u00e7u e re\u00fane produtores rurais do reassentamento. O programa, que j\u00e1 est\u00e1 no seu segundo ano de exist\u00eancia, j\u00e1 realizou 190 feiras, o que corresponde aproximadamente 12 mil quilos de alimentos comercializados e gera\u00e7\u00e3o de renda de aproximadamente 125 mil reais.<\/p>\n<p style=\"font-weight: 400; text-align: justify;\">\u201cA ideia do programa \u00e9 que os pequenos agricultores da regi\u00e3o possam incrementar o or\u00e7amento familiar e, ao mesmo tempo, os colaboradores consigam adquirir produtos de melhor pre\u00e7o e qualidade, criando um ciclo do bem\u201d, afirmou Luc\u00edola Mar\u00e7al, Coordenadora de Responsabilidade Social do Porto do A\u00e7u. \u201cEstamos muito felizes e realizados em ter o Vila da Terra reconhecido nacionalmente como um projeto que deu certo, que promove a cidadania e que leva esperan\u00e7a e prosperidade para as fam\u00edlias estabelecidas ali, no norte fluminense. A sinergia e enquadramento nas ODS estabelecidas pela ONU \u00e9 a prova de que estamos no rumo certo\u201d, concluiu.<\/p>\n<p>Fonte: Imprensa\/Porto A\u00e7u<\/p>\n","protected":false},"excerpt":{"rendered":"<p>Rio de Janeiro, 16 de agosto\u00a0&#8211; O Projeto Vila da Terra, idealizado e desenvolvido pelo Porto do A\u00e7u, em parceria com a Prefeitura de S\u00e3o Jo\u00e3o da Barra (RJ) e a Companhia de Desenvolvimento Industrial do Rio de Janeiro (CODIN), foi um dos selecionados da 1\u00aa Mostra Gife de Inova\u00e7\u00e3o Social, que est\u00e1 acontecendo desde [&hellip;]<\/p>\n","protected":false},"author":1,"featured_media":12608,"comment_status":"open","ping_status":"open","sticky":false,"template":"","format":"standard","meta":{"_uag_custom_page_level_css":"","footnotes":""},"categories":[37],"tags":[17574,532,17573,17571,17570,8869,9131,9146,17572,17569],"class_list":["post-12606","post","type-post","status-publish","format-standard","has-post-thumbnail","hentry","category-sustentabilidade","tag-agricultura-graos-e-minerios","tag-agricultura-familiar","tag-fome-zero-e-agricultura-sustentavel","tag-hortifruticultura","tag-pequenos-produtores-agricolas","tag-petroleo-e-gas","tag-porto-acu","tag-porto-do-acu","tag-projeto-vila-da-terra-rj","tag-sao-joao-da-barra-regiao-norte-fluminense"],"blocksy_meta":[],"spectra_blocks_featured_image_url":{"thumbnail":{"url":"https:\/\/construcaocivil.siriusmarketingedesign.com.br\/wp-content\/uploads\/2019\/09\/AB-Vila-da-Terra-cultivo-150x150.jpg","width":150,"height":150},"medium":{"url":"https:\/\/construcaocivil.siriusmarketingedesign.com.br\/wp-content\/uploads\/2019\/09\/AB-Vila-da-Terra-cultivo-300x225.jpg","width":300,"height":225},"medium_large":{"url":"https:\/\/construcaocivil.siriusmarketingedesign.com.br\/wp-content\/uploads\/2019\/09\/AB-Vila-da-Terra-cultivo.jpg","width":327,"height":245},"large":{"url":"https:\/\/construcaocivil.siriusmarketingedesign.com.br\/wp-content\/uploads\/2019\/09\/AB-Vila-da-Terra-cultivo.jpg","width":327,"height":245},"full":{"url":"https:\/\/construcaocivil.siriusmarketingedesign.com.br\/wp-content\/uploads\/2019\/09\/AB-Vila-da-Terra-cultivo.jpg","width":327,"height":245}},"spectra_blocks_author_info":{"display_name":"Jornal da Constru\u00e7\u00e3o Civil","avatar_url":"https:\/\/secure.gravatar.com\/avatar\/973c9774fd44ddaceb026973c4962faa70fc512bc4c9da68e8ebb40fecee6540?s=96&d=mm&r=g","author_link":"https:\/\/construcaocivil.siriusmarketingedesign.com.br\/?author=1","description":"Desde de 2013, levando muitas informa\u00e7\u00f5es, lan\u00e7amentos e produtos de qualidade para toda cadeia produtiva da constru\u00e7\u00e3o. O Futuro da constru\u00e7\u00e3o passa por aqui,"},"uagb_featured_image_src":{"full":["https:\/\/construcaocivil.siriusmarketingedesign.com.br\/wp-content\/uploads\/2019\/09\/AB-Vila-da-Terra-cultivo.jpg",327,245,false],"thumbnail":["https:\/\/construcaocivil.siriusmarketingedesign.com.br\/wp-content\/uploads\/2019\/09\/AB-Vila-da-Terra-cultivo-150x150.jpg",150,150,true],"medium":["https:\/\/construcaocivil.siriusmarketingedesign.com.br\/wp-content\/uploads\/2019\/09\/AB-Vila-da-Terra-cultivo-300x225.jpg",300,225,true],"medium_large":["https:\/\/construcaocivil.siriusmarketingedesign.com.br\/wp-content\/uploads\/2019\/09\/AB-Vila-da-Terra-cultivo.jpg",327,245,false],"large":["https:\/\/construcaocivil.siriusmarketingedesign.com.br\/wp-content\/uploads\/2019\/09\/AB-Vila-da-Terra-cultivo.jpg",327,245,false],"1536x1536":["https:\/\/construcaocivil.siriusmarketingedesign.com.br\/wp-content\/uploads\/2019\/09\/AB-Vila-da-Terra-cultivo.jpg",327,245,false],"2048x2048":["https:\/\/construcaocivil.siriusmarketingedesign.com.br\/wp-content\/uploads\/2019\/09\/AB-Vila-da-Terra-cultivo.jpg",327,245,false]},"uagb_author_info":{"display_name":"Jornal da Constru\u00e7\u00e3o Civil","author_link":"https:\/\/construcaocivil.siriusmarketingedesign.com.br\/?author=1"},"uagb_comment_info":0,"uagb_excerpt":"Rio de Janeiro, 16 de agosto\u00a0&#8211; O Projeto Vila da Terra, idealizado e desenvolvido pelo Porto do A\u00e7u, em parceria com a Prefeitura de S\u00e3o Jo\u00e3o da Barra (RJ) e a Companhia de Desenvolvimento Industrial do Rio de Janeiro (CODIN), foi um dos selecionados da 1\u00aa Mostra Gife de Inova\u00e7\u00e3o Social, que est\u00e1 acontecendo desde&hellip;","_links":{"self":[{"href":"https:\/\/construcaocivil.siriusmarketingedesign.com.br\/index.php?rest_route=\/wp\/v2\/posts\/12606","targetHints":{"allow":["GET"]}}],"collection":[{"href":"https:\/\/construcaocivil.siriusmarketingedesign.com.br\/index.php?rest_route=\/wp\/v2\/posts"}],"about":[{"href":"https:\/\/construcaocivil.siriusmarketingedesign.com.br\/index.php?rest_route=\/wp\/v2\/types\/post"}],"author":[{"embeddable":true,"href":"https:\/\/construcaocivil.siriusmarketingedesign.com.br\/index.php?rest_route=\/wp\/v2\/users\/1"}],"replies":[{"embeddable":true,"href":"https:\/\/construcaocivil.siriusmarketingedesign.com.br\/index.php?rest_route=%2Fwp%2Fv2%2Fcomments&post=12606"}],"version-history":[{"count":0,"href":"https:\/\/construcaocivil.siriusmarketingedesign.com.br\/index.php?rest_route=\/wp\/v2\/posts\/12606\/revisions"}],"wp:featuredmedia":[{"embeddable":true,"href":"https:\/\/construcaocivil.siriusmarketingedesign.com.br\/index.php?rest_route=\/wp\/v2\/media\/12608"}],"wp:attachment":[{"href":"https:\/\/construcaocivil.siriusmarketingedesign.com.br\/index.php?rest_route=%2Fwp%2Fv2%2Fmedia&parent=12606"}],"wp:term":[{"taxonomy":"category","embeddable":true,"href":"https:\/\/construcaocivil.siriusmarketingedesign.com.br\/index.php?rest_route=%2Fwp%2Fv2%2Fcategories&post=12606"},{"taxonomy":"post_tag","embeddable":true,"href":"https:\/\/construcaocivil.siriusmarketingedesign.com.br\/index.php?rest_route=%2Fwp%2Fv2%2Ftags&post=12606"}],"curies":[{"name":"wp","href":"https:\/\/api.w.org\/{rel}","templated":true}]}}