{"id":12610,"date":"2019-09-19T10:23:17","date_gmt":"2019-09-19T13:23:17","guid":{"rendered":"https:\/\/www.jornaldaconstrucaocivil.com.br\/?p=12610"},"modified":"2019-09-19T10:23:17","modified_gmt":"2019-09-19T13:23:17","slug":"design-weekend-encerra-sua-8a-edicao-com-eventos-que-marcam-o-sucesso-do-festival","status":"publish","type":"post","link":"https:\/\/construcaocivil.siriusmarketingedesign.com.br\/?p=12610","title":{"rendered":"Design Weekend encerra sua 8\u00aa edi\u00e7\u00e3o com eventos que marcam o sucesso do festival"},"content":{"rendered":"<p style=\"text-align: justify;\"><span style=\"color: #993300;\">Setembro, 2019<\/span> &#8211; O Design Weekend &#8211; 8\u00aa Semana de Design de S\u00e3o Paulo, encerra a edi\u00e7\u00e3o 2019 com chave de ouro. Ao longo de todo o festival, foram realizadas 300 atividades em mais de 140 locais que inclu\u00edram congressos, mostras, exposi\u00e7\u00f5es, palestras, instala\u00e7\u00f5es interativas, lan\u00e7amentos, festas, entre outras a\u00e7\u00f5es que agitaram a cidade de S\u00e3o Paulo, de 18 a 25 de agosto.<\/p>\n<p style=\"text-align: justify;\">Esta edi\u00e7\u00e3o do\u00a0<span class=\"il\">DW<\/span>! foi marcada pela forte presen\u00e7a de nomes internacionais do design e da arquitetura que participaram dos eventos \u00e2ncoras do festival, entre eles o BOOMSPDESIGN, CONAD, High Design \u2013 Home &amp; Office Expo, MADE e a mostra Modernos Eternos.<\/p>\n<p style=\"text-align: justify;\">O f\u00f3rum BOOMSPDESIGN recebeu 3.000 visitantes que puderam conferir a instala\u00e7\u00e3o do arquiteto dinamarqu\u00eas Adam Kurdahl do escrit\u00f3rio SPOL Architects. Kurdahl utilizou 10 mil folhas de papel provenientes de grandes escrit\u00f3rios de arquitetura, tratadas com material anti chamas que juntas formaram uma grande escultura que abordou a import\u00e2ncia de ressignificar os recursos naturais. O evento ainda contou com a presen\u00e7a de Harry Allen, eleito o designer do ano.<\/p>\n<p style=\"text-align: justify;\">No Congresso Internacional de Design de Interiores, CONAD, foi abordado o tema &#8216;Tecnologia da Emo\u00e7\u00e3o&#8217; em palestras com a presen\u00e7a de: Ben Hobson, da revista eletr\u00f4nica Dezeen, Gino Garbelini, do escrit\u00f3rio italiano Piuarch, Arturo Dell&#8217; Acqua Bellavitis, do Polit\u00e9cnico de Mil\u00e3o, o designer portenho Christian Ullmann. o designer e arquiteto Guto Requena, Andrea Soria da Herman Miller, Mauricio Monteiro da Audi, Paulo Mancio da Accor e Francisco Albuquerque do IED.<\/p>\n<p style=\"text-align: justify;\">A 4\u00aa edi\u00e7\u00e3o da High Design reuniu um p\u00fablico de mais de 20 mil pessoas que circularam no pavilh\u00e3o do S\u00e3o Paulo Expo e puderam conferir as novidades do setor que os mais de 100 expositores trouxeram neste ano.<\/p>\n<p style=\"text-align: justify;\">Celebrando o design latino-americano, a Made Mercado Arte Design chegou a sua s\u00e9tima edi\u00e7\u00e3o com mais de 120 expositores tanto nacionais como internacionais e prestou homenagem ao designer chileno Smiljan Radic.<\/p>\n<p style=\"text-align: justify;\">A mostra Moderno Eternos contou com a participa\u00e7\u00e3o de 20 profissionais de arquitetura e design de interiores que transformaram os ambientes do Mosteiro de S\u00e3o Bento com um mix de m\u00f3veis antigos e contempor\u00e2neos &#8211; inclusive planejados &#8211; tecnologia, ilumina\u00e7\u00e3o, tapetes, pap\u00e9is de parede, tecidos, objetos e muitas obras e arte.<\/p>\n<p style=\"text-align: justify;\">A Samsung teve um estande especial na feira \u00e2ncora do Design Weekend, a High Design Expo, onde pode exibir com exclusividade seus lan\u00e7amentos para o mercado brasileiro, a The Frame, televis\u00e3o que se transforma em uma obra de arte quando desligada, Family Hub, geladeira que chamou aten\u00e7\u00e3o por conta da interatividade com outros dispositivos da marca e a ArqDesign, plataforma exclusiva criada para arquitetos e designers de interiores. Cerca de 200 mil pessoas conferiram de perto as novidades e tend\u00eancias que o festival trouxe para a cidade espalhados por 11 distritos da capital paulista. Agora vem a 9\u00aa edi\u00e7\u00e3o do Design Weekend, programada para 2020.<\/p>\n<p>Fonte: Imprensa\/DW !<\/p>\n","protected":false},"excerpt":{"rendered":"<p>Setembro, 2019 &#8211; O Design Weekend &#8211; 8\u00aa Semana de Design de S\u00e3o Paulo, encerra a edi\u00e7\u00e3o 2019 com chave de ouro. Ao longo de todo o festival, foram realizadas 300 atividades em mais de 140 locais que inclu\u00edram congressos, mostras, exposi\u00e7\u00f5es, palestras, instala\u00e7\u00f5es interativas, lan\u00e7amentos, festas, entre outras a\u00e7\u00f5es que agitaram a cidade de [&hellip;]<\/p>\n","protected":false},"author":1,"featured_media":12611,"comment_status":"open","ping_status":"open","sticky":false,"template":"","format":"standard","meta":{"_uag_custom_page_level_css":"","footnotes":""},"categories":[28],"tags":[17583,17578,17579,17581,17577,17575,6380,6722,17576,17584,17582,10679,17580],"class_list":["post-12610","post","type-post","status-publish","format-standard","has-post-thumbnail","hentry","category-arquitetura","tag-arquitetos-e-designer-de-interiores","tag-boomspdesign","tag-casa-e-home-tv-inteligentes","tag-design-weekend-2020","tag-dw-2019","tag-high-design-home-office-expo","tag-iot","tag-lancamentos-de-produtos","tag-made","tag-mercado-de-decoracao-e-ambientes","tag-moveis-e-cadeiras-planejadas","tag-sao-paulo-sp","tag-the-frame-tv-arte"],"blocksy_meta":[],"spectra_blocks_featured_image_url":{"thumbnail":{"url":"https:\/\/construcaocivil.siriusmarketingedesign.com.br\/wp-content\/uploads\/2019\/09\/DW-150x150.png","width":150,"height":150},"medium":{"url":"https:\/\/construcaocivil.siriusmarketingedesign.com.br\/wp-content\/uploads\/2019\/09\/DW-300x222.png","width":300,"height":222},"medium_large":{"url":"https:\/\/construcaocivil.siriusmarketingedesign.com.br\/wp-content\/uploads\/2019\/09\/DW.png","width":754,"height":558},"large":{"url":"https:\/\/construcaocivil.siriusmarketingedesign.com.br\/wp-content\/uploads\/2019\/09\/DW.png","width":754,"height":558},"full":{"url":"https:\/\/construcaocivil.siriusmarketingedesign.com.br\/wp-content\/uploads\/2019\/09\/DW.png","width":754,"height":558}},"spectra_blocks_author_info":{"display_name":"Jornal da Constru\u00e7\u00e3o Civil","avatar_url":"https:\/\/secure.gravatar.com\/avatar\/973c9774fd44ddaceb026973c4962faa70fc512bc4c9da68e8ebb40fecee6540?s=96&d=mm&r=g","author_link":"https:\/\/construcaocivil.siriusmarketingedesign.com.br\/?author=1","description":"Desde de 2013, levando muitas informa\u00e7\u00f5es, lan\u00e7amentos e produtos de qualidade para toda cadeia produtiva da constru\u00e7\u00e3o. O Futuro da constru\u00e7\u00e3o passa por aqui,"},"uagb_featured_image_src":{"full":["https:\/\/construcaocivil.siriusmarketingedesign.com.br\/wp-content\/uploads\/2019\/09\/DW.png",754,558,false],"thumbnail":["https:\/\/construcaocivil.siriusmarketingedesign.com.br\/wp-content\/uploads\/2019\/09\/DW-150x150.png",150,150,true],"medium":["https:\/\/construcaocivil.siriusmarketingedesign.com.br\/wp-content\/uploads\/2019\/09\/DW-300x222.png",300,222,true],"medium_large":["https:\/\/construcaocivil.siriusmarketingedesign.com.br\/wp-content\/uploads\/2019\/09\/DW.png",754,558,false],"large":["https:\/\/construcaocivil.siriusmarketingedesign.com.br\/wp-content\/uploads\/2019\/09\/DW.png",754,558,false],"1536x1536":["https:\/\/construcaocivil.siriusmarketingedesign.com.br\/wp-content\/uploads\/2019\/09\/DW.png",754,558,false],"2048x2048":["https:\/\/construcaocivil.siriusmarketingedesign.com.br\/wp-content\/uploads\/2019\/09\/DW.png",754,558,false]},"uagb_author_info":{"display_name":"Jornal da Constru\u00e7\u00e3o Civil","author_link":"https:\/\/construcaocivil.siriusmarketingedesign.com.br\/?author=1"},"uagb_comment_info":0,"uagb_excerpt":"Setembro, 2019 &#8211; O Design Weekend &#8211; 8\u00aa Semana de Design de S\u00e3o Paulo, encerra a edi\u00e7\u00e3o 2019 com chave de ouro. Ao longo de todo o festival, foram realizadas 300 atividades em mais de 140 locais que inclu\u00edram congressos, mostras, exposi\u00e7\u00f5es, palestras, instala\u00e7\u00f5es interativas, lan\u00e7amentos, festas, entre outras a\u00e7\u00f5es que agitaram a cidade de&hellip;","_links":{"self":[{"href":"https:\/\/construcaocivil.siriusmarketingedesign.com.br\/index.php?rest_route=\/wp\/v2\/posts\/12610","targetHints":{"allow":["GET"]}}],"collection":[{"href":"https:\/\/construcaocivil.siriusmarketingedesign.com.br\/index.php?rest_route=\/wp\/v2\/posts"}],"about":[{"href":"https:\/\/construcaocivil.siriusmarketingedesign.com.br\/index.php?rest_route=\/wp\/v2\/types\/post"}],"author":[{"embeddable":true,"href":"https:\/\/construcaocivil.siriusmarketingedesign.com.br\/index.php?rest_route=\/wp\/v2\/users\/1"}],"replies":[{"embeddable":true,"href":"https:\/\/construcaocivil.siriusmarketingedesign.com.br\/index.php?rest_route=%2Fwp%2Fv2%2Fcomments&post=12610"}],"version-history":[{"count":0,"href":"https:\/\/construcaocivil.siriusmarketingedesign.com.br\/index.php?rest_route=\/wp\/v2\/posts\/12610\/revisions"}],"wp:featuredmedia":[{"embeddable":true,"href":"https:\/\/construcaocivil.siriusmarketingedesign.com.br\/index.php?rest_route=\/wp\/v2\/media\/12611"}],"wp:attachment":[{"href":"https:\/\/construcaocivil.siriusmarketingedesign.com.br\/index.php?rest_route=%2Fwp%2Fv2%2Fmedia&parent=12610"}],"wp:term":[{"taxonomy":"category","embeddable":true,"href":"https:\/\/construcaocivil.siriusmarketingedesign.com.br\/index.php?rest_route=%2Fwp%2Fv2%2Fcategories&post=12610"},{"taxonomy":"post_tag","embeddable":true,"href":"https:\/\/construcaocivil.siriusmarketingedesign.com.br\/index.php?rest_route=%2Fwp%2Fv2%2Ftags&post=12610"}],"curies":[{"name":"wp","href":"https:\/\/api.w.org\/{rel}","templated":true}]}}