{"id":12645,"date":"2019-09-24T13:26:47","date_gmt":"2019-09-24T16:26:47","guid":{"rendered":"https:\/\/www.jornaldaconstrucaocivil.com.br\/?p=12645"},"modified":"2019-09-24T13:27:24","modified_gmt":"2019-09-24T16:27:24","slug":"domo-inovacao-e-design-em-fachadas","status":"publish","type":"post","link":"https:\/\/construcaocivil.siriusmarketingedesign.com.br\/?p=12645","title":{"rendered":"DOMO: Inova\u00e7\u00e3o e design em fachadas"},"content":{"rendered":"<p style=\"text-align: justify;\"><span style=\"color: #993300;\">Setembro, 2019<\/span> &#8211; Realizado pela <strong>Cebrace<\/strong>, maior produtora de vidros e espelhos da Am\u00e9rica do Sul, com patroc\u00ednio das empresas\u00a0 <strong>Schuco<\/strong> e <strong>Eastman<\/strong>, o primeiro evento DOMO ser\u00e1 realizado no dia <strong>08 de outubro<\/strong> no aut\u00eantico <strong>Hotel Unique<\/strong>, em <strong>S\u00e3o Paulo<\/strong>, com uma programa\u00e7\u00e3o de palestras din\u00e2micas sobre inova\u00e7\u00e3o e design em fachadas.<\/p>\n<p style=\"text-align: justify;\">O <strong>DOMO<\/strong> nasceu para inserir no calend\u00e1rio de arquitetura um encontro de relev\u00e2ncia sem limites geogr\u00e1ficos para discutir especificamente as tend\u00eancias em fachadas. Os desafios de se projetar fachadas eficientes, com alta performance e design aprimorado, exige aprofundamento t\u00e9cnico e criatividade no desenho do envelope das edifica\u00e7\u00f5es, tornando-as por vezes \u00edcones arquitet\u00f4nicos com muita personalidade.<\/p>\n<p style=\"text-align: justify;\">Para trazer \u00e0 tona cases e reflex\u00f5es acerca do tema, no programa constam nomes consagrados e jovens promessas, nacionais e internacionais, compondo um time de peso escolhido sob a curadoria da revista <strong>PROJETO<\/strong>. Est\u00e3o entre os palestrantes: <strong>Timothy Archambault<\/strong>, da Oppenheim Architecture, que trabalhou ao lado do OMA\/REX Arquitetura em projetos como o Teatro Dallas Wyly, e participou do Museu Guggenheim Bilbao com a equipe de Frank O. Gehry; <strong>Ferm<\/strong><strong>\u00ed<\/strong><strong>n V\u00e1squez<\/strong>, cujo escrit\u00f3rio assina a torre Agbar, em Barcelona, entre outras obras ic\u00f4nicas na Europa; <strong>Gijs Rikken<\/strong>, eleito pela Architizer uma das 20 promessas da arquitetura mundial e que faz parte do MVRDV, um dos escrit\u00f3rios mais inovadores em fachadas da atualidade; o s\u00f3lido <strong>a<\/strong><strong>flalo\/<\/strong><strong>g<\/strong><strong>asperini<\/strong>, que tem na bagagem um portf\u00f3lio de grandes e marcantes projetos no Brasil; <strong>Gustavo Penna e Ruy Ohtake<\/strong>, dois profissionais considerados entre os maiores arquitetos do pa\u00eds e o jovem e premiado escrit\u00f3rio <strong>FGMF<\/strong>, com consistente produ\u00e7\u00e3o nacional.<\/p>\n<p style=\"text-align: justify;\">O <strong>DOMO<\/strong> ser\u00e1 realizado presencialmente apenas para convidados, mas tamb\u00e9m ter\u00e1 a possiblidade de ser assistido ao vivo adquirindo ingressos para acompanhar a transmiss\u00e3o ao via streaming.<\/p>\n<p style=\"text-align: justify;\">Para comprar, <span style=\"text-decoration: underline;\"><span style=\"color: #0000ff;\"><strong><a style=\"color: #0000ff; text-decoration: underline;\" href=\"http:\/\/www.domosummit.com.br\/#\/como-participar\">clique aqui.<\/a><\/strong><\/span><\/span><\/p>\n<p>Fonte: imprensa\/Cebrace<\/p>\n","protected":false},"excerpt":{"rendered":"<p>Setembro, 2019 &#8211; Realizado pela Cebrace, maior produtora de vidros e espelhos da Am\u00e9rica do Sul, com patroc\u00ednio das empresas\u00a0 Schuco e Eastman, o primeiro evento DOMO ser\u00e1 realizado no dia 08 de outubro no aut\u00eantico Hotel Unique, em S\u00e3o Paulo, com uma programa\u00e7\u00e3o de palestras din\u00e2micas sobre inova\u00e7\u00e3o e design em fachadas. O DOMO [&hellip;]<\/p>\n","protected":false},"author":1,"featured_media":12646,"comment_status":"open","ping_status":"open","sticky":false,"template":"","format":"standard","meta":{"_uag_custom_page_level_css":"","footnotes":""},"categories":[28],"tags":[17649,1932,17641,17645,17644,17647,17648,17646,17642,10679,17643,17650],"class_list":["post-12645","post","type-post","status-publish","format-standard","has-post-thumbnail","hentry","category-arquitetura","tag-arquitetura-de-fachadas","tag-casa-e-construcao","tag-cebrace","tag-domo-edificacoes-e-fachadas","tag-fachadas-de-vidro-e-espelhos","tag-novos-produtos-para-fachadas-e-edificacoes","tag-nsg-pilkington","tag-oppenheim-architecture","tag-produtos-vidros-e-espelhos","tag-sao-paulo-sp","tag-schuco","tag-vidros-na-obra"],"blocksy_meta":[],"spectra_blocks_featured_image_url":{"thumbnail":{"url":"https:\/\/construcaocivil.siriusmarketingedesign.com.br\/wp-content\/uploads\/2019\/09\/CEBRACE-83_desktopAndTablet-150x150.png","width":150,"height":150},"medium":{"url":"https:\/\/construcaocivil.siriusmarketingedesign.com.br\/wp-content\/uploads\/2019\/09\/CEBRACE-83_desktopAndTablet-300x176.png","width":300,"height":176},"medium_large":{"url":"https:\/\/construcaocivil.siriusmarketingedesign.com.br\/wp-content\/uploads\/2019\/09\/CEBRACE-83_desktopAndTablet.png","width":704,"height":412},"large":{"url":"https:\/\/construcaocivil.siriusmarketingedesign.com.br\/wp-content\/uploads\/2019\/09\/CEBRACE-83_desktopAndTablet.png","width":704,"height":412},"full":{"url":"https:\/\/construcaocivil.siriusmarketingedesign.com.br\/wp-content\/uploads\/2019\/09\/CEBRACE-83_desktopAndTablet.png","width":704,"height":412}},"spectra_blocks_author_info":{"display_name":"Jornal da Constru\u00e7\u00e3o Civil","avatar_url":"https:\/\/secure.gravatar.com\/avatar\/973c9774fd44ddaceb026973c4962faa70fc512bc4c9da68e8ebb40fecee6540?s=96&d=mm&r=g","author_link":"https:\/\/construcaocivil.siriusmarketingedesign.com.br\/?author=1","description":"Desde de 2013, levando muitas informa\u00e7\u00f5es, lan\u00e7amentos e produtos de qualidade para toda cadeia produtiva da constru\u00e7\u00e3o. O Futuro da constru\u00e7\u00e3o passa por aqui,"},"uagb_featured_image_src":{"full":["https:\/\/construcaocivil.siriusmarketingedesign.com.br\/wp-content\/uploads\/2019\/09\/CEBRACE-83_desktopAndTablet.png",704,412,false],"thumbnail":["https:\/\/construcaocivil.siriusmarketingedesign.com.br\/wp-content\/uploads\/2019\/09\/CEBRACE-83_desktopAndTablet-150x150.png",150,150,true],"medium":["https:\/\/construcaocivil.siriusmarketingedesign.com.br\/wp-content\/uploads\/2019\/09\/CEBRACE-83_desktopAndTablet-300x176.png",300,176,true],"medium_large":["https:\/\/construcaocivil.siriusmarketingedesign.com.br\/wp-content\/uploads\/2019\/09\/CEBRACE-83_desktopAndTablet.png",704,412,false],"large":["https:\/\/construcaocivil.siriusmarketingedesign.com.br\/wp-content\/uploads\/2019\/09\/CEBRACE-83_desktopAndTablet.png",704,412,false],"1536x1536":["https:\/\/construcaocivil.siriusmarketingedesign.com.br\/wp-content\/uploads\/2019\/09\/CEBRACE-83_desktopAndTablet.png",704,412,false],"2048x2048":["https:\/\/construcaocivil.siriusmarketingedesign.com.br\/wp-content\/uploads\/2019\/09\/CEBRACE-83_desktopAndTablet.png",704,412,false]},"uagb_author_info":{"display_name":"Jornal da Constru\u00e7\u00e3o Civil","author_link":"https:\/\/construcaocivil.siriusmarketingedesign.com.br\/?author=1"},"uagb_comment_info":0,"uagb_excerpt":"Setembro, 2019 &#8211; Realizado pela Cebrace, maior produtora de vidros e espelhos da Am\u00e9rica do Sul, com patroc\u00ednio das empresas\u00a0 Schuco e Eastman, o primeiro evento DOMO ser\u00e1 realizado no dia 08 de outubro no aut\u00eantico Hotel Unique, em S\u00e3o Paulo, com uma programa\u00e7\u00e3o de palestras din\u00e2micas sobre inova\u00e7\u00e3o e design em fachadas. O DOMO&hellip;","_links":{"self":[{"href":"https:\/\/construcaocivil.siriusmarketingedesign.com.br\/index.php?rest_route=\/wp\/v2\/posts\/12645","targetHints":{"allow":["GET"]}}],"collection":[{"href":"https:\/\/construcaocivil.siriusmarketingedesign.com.br\/index.php?rest_route=\/wp\/v2\/posts"}],"about":[{"href":"https:\/\/construcaocivil.siriusmarketingedesign.com.br\/index.php?rest_route=\/wp\/v2\/types\/post"}],"author":[{"embeddable":true,"href":"https:\/\/construcaocivil.siriusmarketingedesign.com.br\/index.php?rest_route=\/wp\/v2\/users\/1"}],"replies":[{"embeddable":true,"href":"https:\/\/construcaocivil.siriusmarketingedesign.com.br\/index.php?rest_route=%2Fwp%2Fv2%2Fcomments&post=12645"}],"version-history":[{"count":0,"href":"https:\/\/construcaocivil.siriusmarketingedesign.com.br\/index.php?rest_route=\/wp\/v2\/posts\/12645\/revisions"}],"wp:featuredmedia":[{"embeddable":true,"href":"https:\/\/construcaocivil.siriusmarketingedesign.com.br\/index.php?rest_route=\/wp\/v2\/media\/12646"}],"wp:attachment":[{"href":"https:\/\/construcaocivil.siriusmarketingedesign.com.br\/index.php?rest_route=%2Fwp%2Fv2%2Fmedia&parent=12645"}],"wp:term":[{"taxonomy":"category","embeddable":true,"href":"https:\/\/construcaocivil.siriusmarketingedesign.com.br\/index.php?rest_route=%2Fwp%2Fv2%2Fcategories&post=12645"},{"taxonomy":"post_tag","embeddable":true,"href":"https:\/\/construcaocivil.siriusmarketingedesign.com.br\/index.php?rest_route=%2Fwp%2Fv2%2Ftags&post=12645"}],"curies":[{"name":"wp","href":"https:\/\/api.w.org\/{rel}","templated":true}]}}