{"id":12664,"date":"2019-09-27T13:59:13","date_gmt":"2019-09-27T16:59:13","guid":{"rendered":"https:\/\/www.jornaldaconstrucaocivil.com.br\/?p=12664"},"modified":"2019-09-27T13:59:13","modified_gmt":"2019-09-27T16:59:13","slug":"abrafati-2019-tinta-de-qualidade-e-tema-destaque-do-congresso","status":"publish","type":"post","link":"https:\/\/construcaocivil.siriusmarketingedesign.com.br\/?p=12664","title":{"rendered":"ABRAFATI 2019: tinta de qualidade \u00e9 tema destaque do Congresso"},"content":{"rendered":"<p style=\"text-align: justify;\"><span style=\"color: #993300;\">Setembro, 2019<\/span> &#8211; Nos pr\u00f3ximos dias 1\u00ba a 03 de outubro acontecer\u00e1, no S\u00e3o Paulo Expo, na capital paulista, a ABRAFATI 2019, um dos mais importantes eventos do setor de tintas da Am\u00e9rica Latina, que re\u00fane o Congresso Internacional de Tintas e a Exposi\u00e7\u00e3o Internacional de Fornecedores para Tintas. Em sua 16\u00aa edi\u00e7\u00e3o, o evento deste ano deve receber cerca de 15.000 visitantes na Exposi\u00e7\u00e3o e 1.500 participantes no Congresso. Trata-se de um p\u00fablico especializado, composto por propriet\u00e1rios, gestores e t\u00e9cnicos da ind\u00fastria de tintas e de seus fornecedores, do Brasil e de todos os demais pa\u00edses da Am\u00e9rica Latina, assim como por representantes do varejo.<\/p>\n<p style=\"text-align: justify;\">&#8220;Na programa\u00e7\u00e3o do Congresso, que envolve a apresenta\u00e7\u00e3o de cerca de 150 trabalhos t\u00e9cnicos, um dos temas de destaque ser\u00e1\u00a0<strong>Qualidade das tintas imobili\u00e1rias.\u00a0<\/strong>Diversas palestras abordar\u00e3o, sob diferentes \u00e2ngulos, esse assunto, que est\u00e1 diretamente conectado \u00e0 inova\u00e7\u00e3o. Duas delas, em especial, ter\u00e3o como foco aspectos relacionados ao Programa Setorial da Qualidade (PSQ) &#8211; Tintas Imobili\u00e1rias&#8221;, afirma Antonio Carlos de Oliveira, presidente-executivo da ABRAFATI (Associa\u00e7\u00e3o Brasileira dos Fabricantes de Tintas).<\/p>\n<p style=\"text-align: justify;\">A primeira, com o tema\u00a0<strong>&#8220;O impacto das mudan\u00e7as nas normas de tintas imobili\u00e1rias&#8221;<\/strong>, ser\u00e1 ministrada por William Saraiva, coordenador do CB-164 (Comit\u00ea Brasileiro de Tintas da ABNT), e abordar\u00e1 as altera\u00e7\u00f5es na defini\u00e7\u00e3o de rendimento das tintas, principalmente do ponto de vista t\u00e9cnico, a cria\u00e7\u00e3o da nova categoria Super Premium e os desafios trazidos por essas mudan\u00e7as para os fabricantes.<\/p>\n<p style=\"text-align: justify;\">Na sequ\u00eancia, ser\u00e1 realizada a palestra sobre\u00a0<strong>&#8220;O papel dos qu\u00edmicos respons\u00e1veis&#8221;<\/strong>, apresentada pelo advogado do PSQ e especialista em direito do consumidor, Rafael Baitz e pela engenheira qu\u00edmica Andrea de Batista Mariano, coordenadora das Comiss\u00f5es T\u00e9cnicas do CRQ-IV (Conselho Regional de Qu\u00edmica da IV Regi\u00e3o),\u00a0<em>com o apoio do engenheiro\u00a0<\/em>Jairo Cukierman, diretor da Tesis Engenharia e Gest\u00e3o de Programas de Qualidade<em>. A apresenta\u00e7\u00e3o<\/em>\u00a0abordar\u00e1 legisla\u00e7\u00e3o, bem como responsabilidade t\u00e9cnica e \u00e9tica profissional e<em>\u00a0tem o objetivo de\u00a0<\/em>conscientizar os t\u00e9cnicos da ind\u00fastria sobre o seu papel na produ\u00e7\u00e3o de tintas com qualidade reconhecida e os riscos que correm ao assinarem como respons\u00e1veis por produtos n\u00e3o conformes.<\/p>\n<p style=\"text-align: justify;\">O tema qualidade tamb\u00e9m ter\u00e1 destaque no estande da ABRAFATI, na \u00e1rea destinada \u00e0 exposi\u00e7\u00e3o. No Espa\u00e7o da Qualidade, o visitante encontrar\u00e1 informa\u00e7\u00f5es b\u00e1sicas sobre o PSQ \u2013 Tintas Imobili\u00e1rias e poder\u00e1 assistir a uma s\u00e9rie de v\u00eddeos curtos sobre o programa, a campanha de comunica\u00e7\u00e3o, al\u00e9m depoimentos de fabricantes e de especialistas do setor. Os interessados em saber mais sobre o assunto poder\u00e3o agendar reuni\u00f5es no pr\u00f3prio estande da entidade, localizado na esquina da avenida C com rua 5.<\/p>\n<p style=\"text-align: justify;\">Coordenado pela ABRAFATI, o Programa Setorial da Qualidade (PSQ) \u2013 Tintas Imobili\u00e1rias conseguiu modificar significativamente o cen\u00e1rio de tintas no Brasil, elevando o padr\u00e3o dos produtos no mercado. Atualmente, cerca de 90% do volume de tintas imobili\u00e1rias vendidas no pa\u00eds \u2013 que em 2018 chegou a 1,28 bilh\u00e3o de litros \u2013 est\u00e1 dentro dos padr\u00f5es de qualidade. &#8220;O programa \u00e9 fundamental para assegurar a isonomia competitiva entre os fabricantes e a defesa dos interesses do consumidor&#8221;, refor\u00e7a Antonio Carlos.<\/p>\n<p style=\"text-align: justify;\">Para mais informa\u00e7\u00f5es sobre a ABRAFATI 2019, acesse\u00a0<strong><span style=\"color: #0000ff;\"><a style=\"color: #0000ff;\" href=\"https:\/\/yvegeeneniybexeanxezale.i-mpr.com\/link.php?code=bDpodHRwJTNBJTJGJTJGYWJyYWZhdGkyMDE5LmNvbS5iciUyRjoxMjExODQ0MDk2OndlYm9icmFzQGdtYWlsLmNvbTo0NzNhMjk=\" target=\"_blank\" rel=\"noopener noreferrer\" data-saferedirecturl=\"https:\/\/www.google.com\/url?q=https:\/\/yvegeeneniybexeanxezale.i-mpr.com\/link.php?code%3DbDpodHRwJTNBJTJGJTJGYWJyYWZhdGkyMDE5LmNvbS5iciUyRjoxMjExODQ0MDk2OndlYm9icmFzQGdtYWlsLmNvbTo0NzNhMjk%3D&amp;source=gmail&amp;ust=1569688180090000&amp;usg=AFQjCNGNtw3vyOgz6t41jPr-qE6mPu9xvw\">abrafati2019.com.br\/<\/a>.<\/span><\/strong><\/p>\n<p style=\"text-align: justify;\"><strong>Servi\u00e7o:<\/strong><\/p>\n<p style=\"text-align: justify;\">ABRAFATI 2019<\/p>\n<p style=\"text-align: justify;\">01 a 03 de outubro<\/p>\n<p style=\"text-align: justify;\">Expo S\u00e3o Paulo \u2013 Km 1,5 \u2013 Rod. dos Imigrantes \u2013 Vila \u00c1gua Funda<\/p>\n<p style=\"text-align: justify;\">Mais informa\u00e7\u00f5es:<strong><span style=\"color: #0000ff;\">\u00a0<a style=\"color: #0000ff;\" href=\"https:\/\/yvegeeneniybexeanxezale.i-mpr.com\/link.php?code=bDpodHRwJTNBJTJGJTJGYWJyYWZhdGkyMDE5LmNvbS5iciUyRjoxMjExODQ0MDk2OndlYm9icmFzQGdtYWlsLmNvbTo0NzNhMjk=\" target=\"_blank\" rel=\"noopener noreferrer\" data-saferedirecturl=\"https:\/\/www.google.com\/url?q=https:\/\/yvegeeneniybexeanxezale.i-mpr.com\/link.php?code%3DbDpodHRwJTNBJTJGJTJGYWJyYWZhdGkyMDE5LmNvbS5iciUyRjoxMjExODQ0MDk2OndlYm9icmFzQGdtYWlsLmNvbTo0NzNhMjk%3D&amp;source=gmail&amp;ust=1569688180090000&amp;usg=AFQjCNGNtw3vyOgz6t41jPr-qE6mPu9xvw\">abrafati2019.com.br\/<\/a><\/span><\/strong><\/p>\n<p style=\"text-align: justify;\"><strong>Palestra &#8220;O impacto das mudan\u00e7as nas normas de tintas imobili\u00e1rias&#8221;<\/strong><\/p>\n<p style=\"text-align: justify;\">03 de outubro<\/p>\n<p style=\"text-align: justify;\">13h45<\/p>\n<p>Audit\u00f3rio 6<\/p>\n<p><strong>Palestra &#8220;O papel dos qu\u00edmicos respons\u00e1veis&#8221;<\/strong><\/p>\n<p>03 de outubro<\/p>\n<p>14h30<\/p>\n<p>Audit\u00f3rio 6<\/p>\n<p>Fonte: Imprensa\/ABRAFATI 2019<\/p>\n","protected":false},"excerpt":{"rendered":"<p>Setembro, 2019 &#8211; Nos pr\u00f3ximos dias 1\u00ba a 03 de outubro acontecer\u00e1, no S\u00e3o Paulo Expo, na capital paulista, a ABRAFATI 2019, um dos mais importantes eventos do setor de tintas da Am\u00e9rica Latina, que re\u00fane o Congresso Internacional de Tintas e a Exposi\u00e7\u00e3o Internacional de Fornecedores para Tintas. Em sua 16\u00aa edi\u00e7\u00e3o, o evento [&hellip;]<\/p>\n","protected":false},"author":1,"featured_media":12665,"comment_status":"open","ping_status":"open","sticky":false,"template":"","format":"standard","meta":{"_uag_custom_page_level_css":"","footnotes":""},"categories":[33],"tags":[17686,17688,17684,17689,17687,17685,17690,16786,17439],"class_list":["post-12664","post","type-post","status-publish","format-standard","has-post-thumbnail","hentry","category-mercado","tag-abrafati-2019","tag-casa-e-edificacoes-mercado-de-tintas","tag-construcao-tintas-especiais","tag-expo-sao-paulo-vila-agua-funda","tag-lojistas-e-revendedores","tag-pintura-e-textura-para-paredes","tag-psq-tintas-imobiliarias","tag-solucoes-quimicas-para-construcao","tag-vendas-de-tintas"],"blocksy_meta":[],"spectra_blocks_featured_image_url":{"thumbnail":{"url":"https:\/\/construcaocivil.siriusmarketingedesign.com.br\/wp-content\/uploads\/2019\/09\/abrafiti_2019-150x150.jpg","width":150,"height":150},"medium":{"url":"https:\/\/construcaocivil.siriusmarketingedesign.com.br\/wp-content\/uploads\/2019\/09\/abrafiti_2019-300x129.jpg","width":300,"height":129},"medium_large":{"url":"https:\/\/construcaocivil.siriusmarketingedesign.com.br\/wp-content\/uploads\/2019\/09\/abrafiti_2019-768x329.jpg","width":768,"height":329},"large":{"url":"https:\/\/construcaocivil.siriusmarketingedesign.com.br\/wp-content\/uploads\/2019\/09\/abrafiti_2019.jpg","width":863,"height":370},"full":{"url":"https:\/\/construcaocivil.siriusmarketingedesign.com.br\/wp-content\/uploads\/2019\/09\/abrafiti_2019.jpg","width":863,"height":370}},"spectra_blocks_author_info":{"display_name":"Jornal da Constru\u00e7\u00e3o Civil","avatar_url":"https:\/\/secure.gravatar.com\/avatar\/973c9774fd44ddaceb026973c4962faa70fc512bc4c9da68e8ebb40fecee6540?s=96&d=mm&r=g","author_link":"https:\/\/construcaocivil.siriusmarketingedesign.com.br\/?author=1","description":"Desde de 2013, levando muitas informa\u00e7\u00f5es, lan\u00e7amentos e produtos de qualidade para toda cadeia produtiva da constru\u00e7\u00e3o. O Futuro da constru\u00e7\u00e3o passa por aqui,"},"uagb_featured_image_src":{"full":["https:\/\/construcaocivil.siriusmarketingedesign.com.br\/wp-content\/uploads\/2019\/09\/abrafiti_2019.jpg",863,370,false],"thumbnail":["https:\/\/construcaocivil.siriusmarketingedesign.com.br\/wp-content\/uploads\/2019\/09\/abrafiti_2019-150x150.jpg",150,150,true],"medium":["https:\/\/construcaocivil.siriusmarketingedesign.com.br\/wp-content\/uploads\/2019\/09\/abrafiti_2019-300x129.jpg",300,129,true],"medium_large":["https:\/\/construcaocivil.siriusmarketingedesign.com.br\/wp-content\/uploads\/2019\/09\/abrafiti_2019-768x329.jpg",768,329,true],"large":["https:\/\/construcaocivil.siriusmarketingedesign.com.br\/wp-content\/uploads\/2019\/09\/abrafiti_2019.jpg",863,370,false],"1536x1536":["https:\/\/construcaocivil.siriusmarketingedesign.com.br\/wp-content\/uploads\/2019\/09\/abrafiti_2019.jpg",863,370,false],"2048x2048":["https:\/\/construcaocivil.siriusmarketingedesign.com.br\/wp-content\/uploads\/2019\/09\/abrafiti_2019.jpg",863,370,false]},"uagb_author_info":{"display_name":"Jornal da Constru\u00e7\u00e3o Civil","author_link":"https:\/\/construcaocivil.siriusmarketingedesign.com.br\/?author=1"},"uagb_comment_info":0,"uagb_excerpt":"Setembro, 2019 &#8211; Nos pr\u00f3ximos dias 1\u00ba a 03 de outubro acontecer\u00e1, no S\u00e3o Paulo Expo, na capital paulista, a ABRAFATI 2019, um dos mais importantes eventos do setor de tintas da Am\u00e9rica Latina, que re\u00fane o Congresso Internacional de Tintas e a Exposi\u00e7\u00e3o Internacional de Fornecedores para Tintas. Em sua 16\u00aa edi\u00e7\u00e3o, o evento&hellip;","_links":{"self":[{"href":"https:\/\/construcaocivil.siriusmarketingedesign.com.br\/index.php?rest_route=\/wp\/v2\/posts\/12664","targetHints":{"allow":["GET"]}}],"collection":[{"href":"https:\/\/construcaocivil.siriusmarketingedesign.com.br\/index.php?rest_route=\/wp\/v2\/posts"}],"about":[{"href":"https:\/\/construcaocivil.siriusmarketingedesign.com.br\/index.php?rest_route=\/wp\/v2\/types\/post"}],"author":[{"embeddable":true,"href":"https:\/\/construcaocivil.siriusmarketingedesign.com.br\/index.php?rest_route=\/wp\/v2\/users\/1"}],"replies":[{"embeddable":true,"href":"https:\/\/construcaocivil.siriusmarketingedesign.com.br\/index.php?rest_route=%2Fwp%2Fv2%2Fcomments&post=12664"}],"version-history":[{"count":0,"href":"https:\/\/construcaocivil.siriusmarketingedesign.com.br\/index.php?rest_route=\/wp\/v2\/posts\/12664\/revisions"}],"wp:featuredmedia":[{"embeddable":true,"href":"https:\/\/construcaocivil.siriusmarketingedesign.com.br\/index.php?rest_route=\/wp\/v2\/media\/12665"}],"wp:attachment":[{"href":"https:\/\/construcaocivil.siriusmarketingedesign.com.br\/index.php?rest_route=%2Fwp%2Fv2%2Fmedia&parent=12664"}],"wp:term":[{"taxonomy":"category","embeddable":true,"href":"https:\/\/construcaocivil.siriusmarketingedesign.com.br\/index.php?rest_route=%2Fwp%2Fv2%2Fcategories&post=12664"},{"taxonomy":"post_tag","embeddable":true,"href":"https:\/\/construcaocivil.siriusmarketingedesign.com.br\/index.php?rest_route=%2Fwp%2Fv2%2Ftags&post=12664"}],"curies":[{"name":"wp","href":"https:\/\/api.w.org\/{rel}","templated":true}]}}