{"id":12670,"date":"2019-09-27T15:44:11","date_gmt":"2019-09-27T18:44:11","guid":{"rendered":"https:\/\/www.jornaldaconstrucaocivil.com.br\/?p=12670"},"modified":"2019-09-27T15:44:11","modified_gmt":"2019-09-27T18:44:11","slug":"saude-em-primeiro-lugar-cuide-de-sua-audicao-sempre-que-for-a-shows","status":"publish","type":"post","link":"https:\/\/construcaocivil.siriusmarketingedesign.com.br\/?p=12670","title":{"rendered":"Sa\u00fade em primeiro lugar: Cuide de sua audi\u00e7\u00e3o sempre que for a shows"},"content":{"rendered":"<p style=\"text-align: justify;\">Setembro, 2019 &#8211; O Rock in Rio 2019 est\u00e1 chegando e vai agitar o Rio de Janeiro nos dias 27, 28 e 29 de setembro e 3, 4, 5 e 6 de outubro, com grandes shows da m\u00fasica internacional e nacional. E al\u00e9m de se proteger das varia\u00e7\u00f5es do clima nos dias do evento, \u00e9 importante lembrar a quem vai ao festival de cuidar tamb\u00e9m da audi\u00e7\u00e3o.<\/p>\n<p style=\"text-align: justify;\">A prova disso \u00e9 que em 2017, trabalhadores do Rock in Rio tiveram que usar protetores auriculares, depois que a Vigil\u00e2ncia Sanit\u00e1ria realizou inspe\u00e7\u00e3o no primeiro dia do festival e constatou que funcion\u00e1rios dos estabelecimentos, al\u00e9m da for\u00e7a-tarefa do evento, estavam sendo expostos a picos de som de at\u00e9 105 decib\u00e9is por at\u00e9 10 horas constantes de trabalho, quando o limite permitido pela legisla\u00e7\u00e3o \u00e9 85 dB. Isso demonstra a import\u00e2ncia do p\u00fablico tamb\u00e9m ficar atento \u00e0s consequ\u00eancias mal\u00e9ficas do excesso de exposi\u00e7\u00e3o sonora e cuidar da audi\u00e7\u00e3o, j\u00e1 que ser\u00e3o v\u00e1rias horas de shows!<\/p>\n<p style=\"text-align: justify;\">Quem for ao festival curtir tudo de pertinho deve tomar cuidado, porque pode sair da Cidade do Rock com zumbido nas orelhas ap\u00f3s horas e horas de shows e muito barulho. \u00c9 o que alerta a fonoaudi\u00f3loga Marcella Vidal, da Telex Solu\u00e7\u00f5es Auditivas. &#8220;O zumbido ou a sensa\u00e7\u00e3o de orelha tampada ocasionado por exposi\u00e7\u00e3o \u00e0 sons elevados como shows de rock, por exemplo, pode durar alguns minutos ou algumas horas. No entanto, o inc\u00f4modo pode se tornar permanente caso tenha havido les\u00e3o no sistema auditivo. Se n\u00e3o houver melhora em 48 horas, \u00e9 aconselh\u00e1vel procurar ajuda m\u00e9dica&#8221;.<\/p>\n<p style=\"text-align: justify;\">Por isso, \u00e9 importante se precaver. O melhor rem\u00e9dio contra o zumbido decorrente de ambientes barulhentos \u00e9 usar protetores auriculares. E no caso das crian\u00e7as, que dever\u00e3o estar presentes no Rock In Rio com seus pais, esse uso \u00e9 tamb\u00e9m \u00e9 obrigat\u00f3rio. &#8220;Devido \u00e0 imaturidade das estruturas da orelha, as crian\u00e7as t\u00eam uma sensibilidade maior a sons mais intensos do que os adultos. Assim, o protetor auricular \u00e9 fundamental. A crian\u00e7a se sente mais tranquila e fica com a audi\u00e7\u00e3o protegida; ainda que nem sempre elas aceitem o acess\u00f3rio&#8221;, explica a fonoaudi\u00f3loga, que \u00e9 especialista em audiologia.<\/p>\n<p style=\"text-align: justify;\">Marcella Vidal alerta, no entanto, que mais perigoso do que a exposi\u00e7\u00e3o espor\u00e1dica a sons elevados \u00e9 o uso constante de fones de ouvido, com m\u00fasica em volume exagerado; uma febre entre os mais jovens. Isso pode levar \u00e0 perda auditiva definitiva, que se agrava ao longo dos anos, se esse h\u00e1bito continuar. &#8220;A perda come\u00e7a pequena e, muitas vezes, a pessoa n\u00e3o a relaciona aos fones de ouvido. Se o indiv\u00edduo para de us\u00e1-los, a les\u00e3o tende estacionar, n\u00e3o progride, mas o que j\u00e1 foi lesionado \u00e9 irrevers\u00edvel&#8221;, destaca.<\/p>\n<p style=\"text-align: justify;\">A programa\u00e7\u00e3o dos dois primeiros dias de Rock In Rio j\u00e1 mostra que o som estar\u00e1 nas alturas durante todo o festival. No Palco Mundo, v\u00e3o se apresentar Drake, Ellie Goulding, Bebe Rexha e Alok! O segundo dia de evento ser\u00e1 para quem curte rock, com apresenta\u00e7\u00f5es de Foo Fighters, Weezer, Tenacious D e CPM 22 + Raimundos!<\/p>\n<p>Fonte: Imprensa\/Telex Solu\u00e7\u00f5es Auditivas<\/p>\n","protected":false},"excerpt":{"rendered":"<p>Setembro, 2019 &#8211; O Rock in Rio 2019 est\u00e1 chegando e vai agitar o Rio de Janeiro nos dias 27, 28 e 29 de setembro e 3, 4, 5 e 6 de outubro, com grandes shows da m\u00fasica internacional e nacional. E al\u00e9m de se proteger das varia\u00e7\u00f5es do clima nos dias do evento, \u00e9 [&hellip;]<\/p>\n","protected":false},"author":1,"featured_media":12671,"comment_status":"open","ping_status":"open","sticky":false,"template":"","format":"standard","meta":{"_uag_custom_page_level_css":"","footnotes":""},"categories":[27],"tags":[17698,17697,17695,10375,17693,17691,13633,17696,17692,17694],"class_list":["post-12670","post","type-post","status-publish","format-standard","has-post-thumbnail","hentry","category-acontece","tag-epis-protetores-articulados","tag-ouvidos-som-alto","tag-prevencao-e-o-melhor-remedio-ouvidos","tag-rio-de-janeiro","tag-rock-in-rio-2019","tag-saude-dos-ouvidos","tag-saude-e-bem-star","tag-telex-solucoes-auditivas","tag-trabalhador-x-barulho","tag-trabalhadores-do-rock-in-rio-cuidados-com-os-ouvidos"],"blocksy_meta":[],"spectra_blocks_featured_image_url":{"thumbnail":{"url":"https:\/\/construcaocivil.siriusmarketingedesign.com.br\/wp-content\/uploads\/2019\/09\/ZUMBIDO-BB-150x150.jpg","width":150,"height":150},"medium":{"url":"https:\/\/construcaocivil.siriusmarketingedesign.com.br\/wp-content\/uploads\/2019\/09\/ZUMBIDO-BB-300x200.jpg","width":300,"height":200},"medium_large":{"url":"https:\/\/construcaocivil.siriusmarketingedesign.com.br\/wp-content\/uploads\/2019\/09\/ZUMBIDO-BB.jpg","width":600,"height":400},"large":{"url":"https:\/\/construcaocivil.siriusmarketingedesign.com.br\/wp-content\/uploads\/2019\/09\/ZUMBIDO-BB.jpg","width":600,"height":400},"full":{"url":"https:\/\/construcaocivil.siriusmarketingedesign.com.br\/wp-content\/uploads\/2019\/09\/ZUMBIDO-BB.jpg","width":600,"height":400}},"spectra_blocks_author_info":{"display_name":"Jornal da Constru\u00e7\u00e3o Civil","avatar_url":"https:\/\/secure.gravatar.com\/avatar\/973c9774fd44ddaceb026973c4962faa70fc512bc4c9da68e8ebb40fecee6540?s=96&d=mm&r=g","author_link":"https:\/\/construcaocivil.siriusmarketingedesign.com.br\/?author=1","description":"Desde de 2013, levando muitas informa\u00e7\u00f5es, lan\u00e7amentos e produtos de qualidade para toda cadeia produtiva da constru\u00e7\u00e3o. O Futuro da constru\u00e7\u00e3o passa por aqui,"},"uagb_featured_image_src":{"full":["https:\/\/construcaocivil.siriusmarketingedesign.com.br\/wp-content\/uploads\/2019\/09\/ZUMBIDO-BB.jpg",600,400,false],"thumbnail":["https:\/\/construcaocivil.siriusmarketingedesign.com.br\/wp-content\/uploads\/2019\/09\/ZUMBIDO-BB-150x150.jpg",150,150,true],"medium":["https:\/\/construcaocivil.siriusmarketingedesign.com.br\/wp-content\/uploads\/2019\/09\/ZUMBIDO-BB-300x200.jpg",300,200,true],"medium_large":["https:\/\/construcaocivil.siriusmarketingedesign.com.br\/wp-content\/uploads\/2019\/09\/ZUMBIDO-BB.jpg",600,400,false],"large":["https:\/\/construcaocivil.siriusmarketingedesign.com.br\/wp-content\/uploads\/2019\/09\/ZUMBIDO-BB.jpg",600,400,false],"1536x1536":["https:\/\/construcaocivil.siriusmarketingedesign.com.br\/wp-content\/uploads\/2019\/09\/ZUMBIDO-BB.jpg",600,400,false],"2048x2048":["https:\/\/construcaocivil.siriusmarketingedesign.com.br\/wp-content\/uploads\/2019\/09\/ZUMBIDO-BB.jpg",600,400,false]},"uagb_author_info":{"display_name":"Jornal da Constru\u00e7\u00e3o Civil","author_link":"https:\/\/construcaocivil.siriusmarketingedesign.com.br\/?author=1"},"uagb_comment_info":0,"uagb_excerpt":"Setembro, 2019 &#8211; O Rock in Rio 2019 est\u00e1 chegando e vai agitar o Rio de Janeiro nos dias 27, 28 e 29 de setembro e 3, 4, 5 e 6 de outubro, com grandes shows da m\u00fasica internacional e nacional. E al\u00e9m de se proteger das varia\u00e7\u00f5es do clima nos dias do evento, \u00e9&hellip;","_links":{"self":[{"href":"https:\/\/construcaocivil.siriusmarketingedesign.com.br\/index.php?rest_route=\/wp\/v2\/posts\/12670","targetHints":{"allow":["GET"]}}],"collection":[{"href":"https:\/\/construcaocivil.siriusmarketingedesign.com.br\/index.php?rest_route=\/wp\/v2\/posts"}],"about":[{"href":"https:\/\/construcaocivil.siriusmarketingedesign.com.br\/index.php?rest_route=\/wp\/v2\/types\/post"}],"author":[{"embeddable":true,"href":"https:\/\/construcaocivil.siriusmarketingedesign.com.br\/index.php?rest_route=\/wp\/v2\/users\/1"}],"replies":[{"embeddable":true,"href":"https:\/\/construcaocivil.siriusmarketingedesign.com.br\/index.php?rest_route=%2Fwp%2Fv2%2Fcomments&post=12670"}],"version-history":[{"count":0,"href":"https:\/\/construcaocivil.siriusmarketingedesign.com.br\/index.php?rest_route=\/wp\/v2\/posts\/12670\/revisions"}],"wp:featuredmedia":[{"embeddable":true,"href":"https:\/\/construcaocivil.siriusmarketingedesign.com.br\/index.php?rest_route=\/wp\/v2\/media\/12671"}],"wp:attachment":[{"href":"https:\/\/construcaocivil.siriusmarketingedesign.com.br\/index.php?rest_route=%2Fwp%2Fv2%2Fmedia&parent=12670"}],"wp:term":[{"taxonomy":"category","embeddable":true,"href":"https:\/\/construcaocivil.siriusmarketingedesign.com.br\/index.php?rest_route=%2Fwp%2Fv2%2Fcategories&post=12670"},{"taxonomy":"post_tag","embeddable":true,"href":"https:\/\/construcaocivil.siriusmarketingedesign.com.br\/index.php?rest_route=%2Fwp%2Fv2%2Ftags&post=12670"}],"curies":[{"name":"wp","href":"https:\/\/api.w.org\/{rel}","templated":true}]}}