{"id":12674,"date":"2019-09-30T10:40:11","date_gmt":"2019-09-30T13:40:11","guid":{"rendered":"https:\/\/www.jornaldaconstrucaocivil.com.br\/?p=12674"},"modified":"2019-09-30T10:40:11","modified_gmt":"2019-09-30T13:40:11","slug":"woodrise-2019-2o-congresso-mundial-de-construcao-civil-em-madeira","status":"publish","type":"post","link":"https:\/\/construcaocivil.siriusmarketingedesign.com.br\/?p=12674","title":{"rendered":"WOODRISE 2019: 2\u00ba Congresso Mundial de Constru\u00e7\u00e3o Civil em Madeira"},"content":{"rendered":"<p style=\"text-align: justify;\"><span style=\"color: #993300;\">Setembro, 2019 <\/span>&#8211; O Congresso \u00e9 o resultado de uma estreita colabora\u00e7\u00e3o entre a FPInnovations (<span style=\"text-decoration: underline;\"><span style=\"color: #0000ff; text-decoration: underline;\"><a style=\"color: #0000ff; text-decoration: underline;\" href=\"http:\/\/www.fpinnovations.ca\/\" target=\"_blank\" rel=\"noopener noreferrer\" data-saferedirecturl=\"https:\/\/www.google.com\/url?q=http:\/\/www.fpinnovations.ca&amp;source=gmail&amp;ust=1569935327136000&amp;usg=AFQjCNGmA-a4ePtY0uP7zhgZ4PNI_aK58A\">www.fpinnovations.ca<\/a>)<\/span><\/span> e o FCBA (<span style=\"color: #0000ff;\"><a style=\"color: #0000ff;\" href=\"http:\/\/www.fcba.fr\/\" target=\"_blank\" rel=\"noopener noreferrer\" data-saferedirecturl=\"https:\/\/www.google.com\/url?q=http:\/\/www.fcba.fr&amp;source=gmail&amp;ust=1569935327136000&amp;usg=AFQjCNE-dWLsiZ8LMZH-mu8f0wWSXF0DqA\">www.fcba.fr<\/a><\/span>) para realizar a segunda edi\u00e7\u00e3o desta confer\u00eancia mundial e reunir os melhores especialistas e pesquisadores, juntamente com desenvolvedores e construtores no campo para mesas redondas, pain\u00e9is e semin\u00e1rios. Este evento reunir\u00e1 os principais atores internacionais em desenvolvimento econ\u00f4mico e tecnologia de constru\u00e7\u00e3o para conhecer, discutir e definir o futuro dos edif\u00edcios de altura m\u00e9dia e alta em madeira no mundo.<\/p>\n<p style=\"text-align: justify;\">O tema principal desta edi\u00e7\u00e3o ser\u00e1 <span style=\"color: #800000;\">&#8220;Construindo cidades para as gera\u00e7\u00f5es futuras&#8221;<\/span> para destacar o futuro da constru\u00e7\u00e3o em madeira em um contexto de desenvolvimento urbano sustent\u00e1vel.<\/p>\n<p style=\"text-align: justify;\">Para esta 2\u00ba edi\u00e7\u00e3o, o Brasil participa da programa\u00e7\u00e3o no painel sobre o surgimento de projetos de edif\u00edcios em madeira no mundo, com a presen\u00e7a da arquiteta Carolina Bueno, s\u00f3cia-fundadora da Triptyque Architecture e da arquiteta da Amata, Ana Beliz\u00e1rio.<\/p>\n<p style=\"text-align: justify;\">Para o WOODRISE, o projeto FLORESTA URBANA do escrit\u00f3rio franco-brasileiro \u00e9 uma contribui\u00e7\u00e3o incompar\u00e1vel e fundamental para melhorar a qualidade e a reputa\u00e7\u00e3o deste segmento.<\/p>\n<p style=\"text-align: justify;\"><span style=\"color: #993300;\"><strong>Alguns fatos r\u00e1pidos sobre o WOODRISE 2019:<\/strong><\/span><\/p>\n<p style=\"text-align: justify;\">-Mais de 1000 participantes s\u00e3o esperados.<\/p>\n<p style=\"text-align: justify;\">-Aproximadamente 20 pa\u00edses estar\u00e3o representados, incluindo ind\u00fastria e governos, tornando esta uma verdadeira confer\u00eancia internacional &#8211; Fran\u00e7a, Jap\u00e3o, Austr\u00e1lia, \u00c1ustria, Brasil, Canad\u00e1, China, It\u00e1lia, Rep\u00fablica Checa, Finl\u00e2ndia, Alemanha, Holanda, Nova Zel\u00e2ndia, Noruega, Coreia do Sul, Su\u00e9cia, Reino Unido, Uruguai e Estado Unidos.<\/p>\n<p style=\"text-align: justify;\">-Muitos eventos relacionados est\u00e3o sendo planejados em conjunto com a confer\u00eancia de neg\u00f3cios, como workshops t\u00e9cnicos e visitas guiadas.<\/p>\n<p style=\"text-align: justify;\">-O evento mobilizar\u00e1 todo o setor e facilitar\u00e1 as conex\u00f5es entre os lados de oferta e demanda do setor (promotores, desenvolvedores e prescritores x fabricantes e construtores).<\/p>\n<p style=\"text-align: justify;\">-Triptyque Architecture e Amata participaram da 1\u00ba edi\u00e7\u00e3o do Woodrise em 2017, junto a uma delega\u00e7\u00e3o brasileira.<\/p>\n<figure id=\"attachment_12676\" aria-describedby=\"caption-attachment-12676\" style=\"width: 300px\" class=\"wp-caption alignleft\"><img loading=\"lazy\" decoding=\"async\" class=\"size-medium wp-image-12676\" src=\"https:\/\/www.jornaldaconstrucaocivil.com.br\/wp-content\/uploads\/2019\/09\/WOOD-CONGRESSO-300x292.jpg\" alt=\"\" width=\"300\" height=\"292\" srcset=\"https:\/\/construcaocivil.siriusmarketingedesign.com.br\/wp-content\/uploads\/2019\/09\/WOOD-CONGRESSO-300x292.jpg 300w, https:\/\/construcaocivil.siriusmarketingedesign.com.br\/wp-content\/uploads\/2019\/09\/WOOD-CONGRESSO.jpg 768w\" sizes=\"auto, (max-width: 300px) 100vw, 300px\" \/><figcaption id=\"caption-attachment-12676\" class=\"wp-caption-text\">WOOD &#8211; CONGRESSO<\/figcaption><\/figure>\n<p style=\"text-align: justify;\"><span style=\"color: #993300;\"><strong>Pilares do Congresso:<\/strong><\/span><\/p>\n<p style=\"text-align: justify;\">Wood<\/p>\n<p style=\"text-align: justify;\">A madeira \u00e9 cada vez mais reconhecida na ind\u00fastria da constru\u00e7\u00e3o como um material importante, inovador e seguro. A madeira \u00e9 um material de baixa energia e armazena uma menor quantidade de carbono. Os benef\u00edcios ambientais de edif\u00edcios altos de madeira desempenham um papel fundamental no desenvolvimento sustent\u00e1vel e na redu\u00e7\u00e3o dos impactos das mudan\u00e7as clim\u00e1ticas.<\/p>\n<p style=\"text-align: justify;\">Objetivos<\/p>\n<p style=\"text-align: justify;\">Posicionar a madeira como principal material de constru\u00e7\u00e3o, atuando como uma vitrine de tecnologia em um ambiente de desenvolvimento urbano sustent\u00e1vel e ecol\u00f3gico.<\/p>\n<p style=\"text-align: justify;\">Estabele\u00e7a a notoriedade da Am\u00e9rica do Norte como um ator-chave no desenvolvimento de edif\u00edcios altos e de madeira.<\/p>\n<p style=\"text-align: justify;\">Envolver a comunidade internacional em dire\u00e7\u00e3o \u00e0 redu\u00e7\u00e3o da pegada ambiental urbana da constru\u00e7\u00e3o sustent\u00e1vel.<\/p>\n<p style=\"text-align: justify;\">Estimular a cria\u00e7\u00e3o de alian\u00e7as e colabora\u00e7\u00f5es internacionais em v\u00e1rios congressos de neg\u00f3cios, workshops tem\u00e1ticos ou sess\u00f5es de B2B.<\/p>\n<p style=\"text-align: justify;\">P\u00fablico<\/p>\n<p style=\"text-align: justify;\">Gerentes, desenvolvedores, estabelecimentos p\u00fablicos de desenvolvimento, arquitetos e fornecedores que provavelmente atender\u00e3o suas demandas<\/p>\n<p style=\"text-align: justify;\">Representantes de autoridades p\u00fablicas que trabalham em n\u00edvel internacional<\/p>\n<p style=\"text-align: justify;\">Escrit\u00f3rios de engenharia, economistas, escrit\u00f3rios de controle, especialistas em certifica\u00e7\u00e3o de produtos ou obras e interessados em pesquisa e desenvolvimento<\/p>\n<p style=\"text-align: justify;\"><strong>FLORESTA URBANA<\/strong><\/p>\n<p style=\"text-align: justify;\">TRIPTYQUE + Amata para Woodrise 2019<\/p>\n<p style=\"text-align: justify;\"><strong>ABSTRATO<\/strong><\/p>\n<p style=\"text-align: justify;\">A jornada da madeira para ajudar as grandes cidades a crescer.<\/p>\n<p style=\"text-align: justify;\">Como a natureza brasileira pode fornecer os meios para constru\u00e7\u00f5es de baixo impacto ambiental em \u00e1reas urbanas densas.<\/p>\n<p style=\"text-align: justify;\">\u00c9 de conhecimento geral que o Brasil possui riqueza incompar\u00e1vel em biodiversidade. No entanto, um desafio persistente \u00e0 sua pr\u00e1tica arquitet\u00f4nica \u00e9 saber tirar o melhor da natureza rica que nos cerca, para que o ambiente urbano entre em harmonia &#8211; e se torne um pouco semelhante &#8211; com a natureza que serve como fonte de insumos e bem-estar. <em><span style=\"color: #0000ff;\">O que o pa\u00eds que abriga a maior floresta do mundo pode aprender e incorporar na maneira como constr\u00f3i suas cidades?<\/span><\/em> Al\u00e9m disso, como lidar com os desafios impostos pelo processo de regulamenta\u00e7\u00e3o de materiais na constru\u00e7\u00e3o civil brasileira?<\/p>\n<p style=\"text-align: justify;\">Segundo as Na\u00e7\u00f5es Unidas, 68% da popula\u00e7\u00e3o mundial deve viver em \u00e1reas urbanas at\u00e9 2050. Para repensar como a cidade e a natureza interagem nesse cen\u00e1rio e recomendar a cren\u00e7a de que o ambiente constru\u00eddo pode crescer a partir do ambiente natural, A Triptyque Architecture vem realizando edif\u00edcios de madeira em grandes metr\u00f3poles que apontam para as quest\u00f5es de malha urbana, melhor uso de energia, solu\u00e7\u00f5es inteligentes de ilumina\u00e7\u00e3o e circula\u00e7\u00e3o de ar e todos os benef\u00edcios dos m\u00e9todos de constru\u00e7\u00e3o sustent\u00e1vel.<\/p>\n<p style=\"text-align: justify;\">Ap\u00f3s o sucesso do projeto da sede do INPI na Fran\u00e7a, o escrit\u00f3rio franco-brasileiro est\u00e1 prestes a dar a S\u00e3o Paulo um edif\u00edcio totalmente feito de madeira, 100% certificado tanto de sua origem quanto de sua trajet\u00f3ria. A Triptyque tamb\u00e9m j\u00e1 iniciou os estudos para o Ecotone, um centro de pesquisa em biotecnologia da Fran\u00e7a e que ser\u00e1 um dos maiores edif\u00edcios de madeira da Europa, vencedor do termo para o encontro entre dois ecossistemas \u2013 e tamb\u00e9m vencedor do &#8216;Inventons la\u00a0<em>M\u00e9tropole<\/em>\u00a0du Grand Paris&#8217;, assim tamb\u00e9m o projeto MKNO, premiado no concurso &#8216;C40 CITIES&#8217; Bobigny, que re\u00fane uma rede de megacidades mundiais envolvidas na luta contra as mudan\u00e7as clim\u00e1ticas.<\/p>\n<p align=\"center\"><span style=\"color: #993300;\"><strong>O projeto Floresta Urbana \u2013 Triptyque Architecture<\/strong><\/span><\/p>\n<p>Projeto:FLORESTA URBANA<\/p>\n<p>Titulo: Floresta Urbana, transpondo fronteiras f\u00edsicas, culturais, tecnol\u00f3gicas e sensoriais.<\/p>\n<p>Memorial<\/p>\n<p>Uma colabora\u00e7\u00e3o entre a empresa de florestamento sustent\u00e1vel Amata e o escrit\u00f3rio de arquitetura franco-brasileiro Triptyque.<\/p>\n<p>O edif\u00edcio de 13 andares, com \u00e1rea total de 4.700 m\u00b2, de uso misto, co-working, escrit\u00f3rios, lojas e restaurantes. Intera\u00e7\u00e3o entre a cidade e o p\u00fablico em um terreno escalonado na Vila Madalena, SP.<\/p>\n<p>A madeira como material estrutural em edif\u00edcios altos \u00e9 um modelo para a arquitetura urbana sustent\u00e1vel, alternativa para a descarboniza\u00e7\u00e3o da economia na ind\u00fastria da constru\u00e7\u00e3o civil, seu ciclo se inicia com um enorme cr\u00e9dito de g\u00e1s de efeito estufa. 1m\u00b3 de madeira captura 1 tonelada de g\u00e1s carb\u00f4nico durante seu crescimento em floresta. As tecnologias aplicadas em CLT e Glulam fazem da madeira um material de alta efici\u00eancia estrutural.<\/p>\n<p>O edif\u00edcio Amata joga luz em quest\u00f5es de t\u00e9cnicas construtivas, legisla\u00e7\u00e3o, benef\u00edcios f\u00edsicos e emocionais emp\u00edricos.<\/p>\n<p>O a\u00e7o, vidro e concreto revolucionaram a constru\u00e7\u00e3o mundial nos s\u00e9culos XIX e XX, a madeira far\u00e1 o mesmo pelo s\u00e9culo XXI. Barreiras a transpor para esta transforma\u00e7\u00e3o.<\/p>\n<p>Chamadas na axonom\u00e9trica:<\/p>\n<p>Floresta Urbana<\/p>\n<p>o pr\u00e9dio conforma uma nova paisagem onde se insere, integra a vegeta\u00e7\u00e3o \u00e0 estrutura, cria a sensa\u00e7\u00e3o de uma mata na encosta.<\/p>\n<p>Transpondo o modus operandi<\/p>\n<p>O pr\u00e9dio Floresta Urbana representa uma invers\u00e3o das pr\u00e1ticas comuns \u00e0 constru\u00e7\u00e3o nas cidades, \u00e9 o come\u00e7o de um redirecionamento no rumo da constru\u00e7\u00e3o civil mais sustent\u00e1vel e consciente.<\/p>\n<p>Lajes mirantes<\/p>\n<p>as lajes se escalonam acompanhando o desn\u00edvel natural do terreno e criam pontos mirantes cota a cota.<\/p>\n<p>T\u00e9rreo hipermixidade<\/p>\n<p>o n\u00edvel t\u00e9rreo nesse projeto \u00e9 de extrema import\u00e2ncia j\u00e1 que marca o ponto comum entre os pavimentos superiores e inferiores. \u00c9 nele que se concentra a maior diversidade de programas (caf\u00e9, lojas, livraria) a fim de atrair e irrigar o pr\u00e9dio todo.<\/p>\n<p>Considera\u00e7\u00f5es<\/p>\n<p style=\"text-align: justify;\">&#8220;Aqui est\u00e1 a hist\u00f3ria de um movimento global &#8211; o movimento da madeira da nova gera\u00e7\u00e3o. Projeto ap\u00f3s projeto, pa\u00eds ap\u00f3s pa\u00eds, em todo o mundo, ele volta como evid\u00eancia. Ela volta, porque sua hist\u00f3ria \u00e9 a de um retorno &#8211; o edif\u00edcio de madeira mais antigo, o templo Horyuji no Jap\u00e3o, data do s\u00e9culo VII. Hoje, em um momento de consci\u00eancia ecol\u00f3gica global, a madeira volta \u00e0 tona. Seus promotores veem isso como uma chave essencial nos objetivos ambientais do mil\u00eanio e planejam torn\u00e1-lo o material de constru\u00e7\u00e3o da cidade de amanh\u00e3. Uma revolu\u00e7\u00e3o.&#8221;<\/p>\n<p align=\"right\"><span style=\"color: #0000ff;\">Woodrise Paper, 2017<\/span><\/p>\n<p style=\"text-align: left;\" align=\"right\">Fonte: Imprensa\/Woodrise 2019<\/p>\n","protected":false},"excerpt":{"rendered":"<p>Setembro, 2019 &#8211; O Congresso \u00e9 o resultado de uma estreita colabora\u00e7\u00e3o entre a FPInnovations (www.fpinnovations.ca) e o FCBA (www.fcba.fr) para realizar a segunda edi\u00e7\u00e3o desta confer\u00eancia mundial e reunir os melhores especialistas e pesquisadores, juntamente com desenvolvedores e construtores no campo para mesas redondas, pain\u00e9is e semin\u00e1rios. Este evento reunir\u00e1 os principais atores internacionais [&hellip;]<\/p>\n","protected":false},"author":1,"featured_media":12675,"comment_status":"open","ping_status":"open","sticky":false,"template":"","format":"standard","meta":{"_uag_custom_page_level_css":"","footnotes":""},"categories":[30],"tags":[908,1788,17703,17705,17704,2963,17707,5729,17702,7443,17706,17699,14415,12407,17700,17701],"class_list":["post-12674","post","type-post","status-publish","format-standard","has-post-thumbnail","hentry","category-imoveis","tag-arquitetos","tag-canada","tag-casa-e-edificacoes-floresta-urbana","tag-conferencia-mundial-de-construcao-em-wood-madeira","tag-construcao-em-madeira-um-bom-negocio-no-brasil","tag-construtoras","tag-fpinnovations","tag-habitacao","tag-madeira-material-de-construcao","tag-meio-ambiente-e-sustentabilidade","tag-produtos-e-geracao-de-negocios","tag-projeto-floresta-urbana-triptyque-architecture","tag-quebec-canada","tag-vila-madalena-sp","tag-woodrise","tag-woodrise-2019"],"blocksy_meta":[],"spectra_blocks_featured_image_url":{"thumbnail":{"url":"https:\/\/construcaocivil.siriusmarketingedesign.com.br\/wp-content\/uploads\/2019\/09\/MADEIRA-WOOD-150x150.jpg","width":150,"height":150},"medium":{"url":"https:\/\/construcaocivil.siriusmarketingedesign.com.br\/wp-content\/uploads\/2019\/09\/MADEIRA-WOOD-300x209.jpg","width":300,"height":209},"medium_large":{"url":"https:\/\/construcaocivil.siriusmarketingedesign.com.br\/wp-content\/uploads\/2019\/09\/MADEIRA-WOOD-768x536.jpg","width":768,"height":536},"large":{"url":"https:\/\/construcaocivil.siriusmarketingedesign.com.br\/wp-content\/uploads\/2019\/09\/MADEIRA-WOOD.jpg","width":886,"height":618},"full":{"url":"https:\/\/construcaocivil.siriusmarketingedesign.com.br\/wp-content\/uploads\/2019\/09\/MADEIRA-WOOD.jpg","width":886,"height":618}},"spectra_blocks_author_info":{"display_name":"Jornal da Constru\u00e7\u00e3o Civil","avatar_url":"https:\/\/secure.gravatar.com\/avatar\/973c9774fd44ddaceb026973c4962faa70fc512bc4c9da68e8ebb40fecee6540?s=96&d=mm&r=g","author_link":"https:\/\/construcaocivil.siriusmarketingedesign.com.br\/?author=1","description":"Desde de 2013, levando muitas informa\u00e7\u00f5es, lan\u00e7amentos e produtos de qualidade para toda cadeia produtiva da constru\u00e7\u00e3o. O Futuro da constru\u00e7\u00e3o passa por aqui,"},"uagb_featured_image_src":{"full":["https:\/\/construcaocivil.siriusmarketingedesign.com.br\/wp-content\/uploads\/2019\/09\/MADEIRA-WOOD.jpg",886,618,false],"thumbnail":["https:\/\/construcaocivil.siriusmarketingedesign.com.br\/wp-content\/uploads\/2019\/09\/MADEIRA-WOOD-150x150.jpg",150,150,true],"medium":["https:\/\/construcaocivil.siriusmarketingedesign.com.br\/wp-content\/uploads\/2019\/09\/MADEIRA-WOOD-300x209.jpg",300,209,true],"medium_large":["https:\/\/construcaocivil.siriusmarketingedesign.com.br\/wp-content\/uploads\/2019\/09\/MADEIRA-WOOD-768x536.jpg",768,536,true],"large":["https:\/\/construcaocivil.siriusmarketingedesign.com.br\/wp-content\/uploads\/2019\/09\/MADEIRA-WOOD.jpg",886,618,false],"1536x1536":["https:\/\/construcaocivil.siriusmarketingedesign.com.br\/wp-content\/uploads\/2019\/09\/MADEIRA-WOOD.jpg",886,618,false],"2048x2048":["https:\/\/construcaocivil.siriusmarketingedesign.com.br\/wp-content\/uploads\/2019\/09\/MADEIRA-WOOD.jpg",886,618,false]},"uagb_author_info":{"display_name":"Jornal da Constru\u00e7\u00e3o Civil","author_link":"https:\/\/construcaocivil.siriusmarketingedesign.com.br\/?author=1"},"uagb_comment_info":0,"uagb_excerpt":"Setembro, 2019 &#8211; O Congresso \u00e9 o resultado de uma estreita colabora\u00e7\u00e3o entre a FPInnovations (www.fpinnovations.ca) e o FCBA (www.fcba.fr) para realizar a segunda edi\u00e7\u00e3o desta confer\u00eancia mundial e reunir os melhores especialistas e pesquisadores, juntamente com desenvolvedores e construtores no campo para mesas redondas, pain\u00e9is e semin\u00e1rios. Este evento reunir\u00e1 os principais atores internacionais&hellip;","_links":{"self":[{"href":"https:\/\/construcaocivil.siriusmarketingedesign.com.br\/index.php?rest_route=\/wp\/v2\/posts\/12674","targetHints":{"allow":["GET"]}}],"collection":[{"href":"https:\/\/construcaocivil.siriusmarketingedesign.com.br\/index.php?rest_route=\/wp\/v2\/posts"}],"about":[{"href":"https:\/\/construcaocivil.siriusmarketingedesign.com.br\/index.php?rest_route=\/wp\/v2\/types\/post"}],"author":[{"embeddable":true,"href":"https:\/\/construcaocivil.siriusmarketingedesign.com.br\/index.php?rest_route=\/wp\/v2\/users\/1"}],"replies":[{"embeddable":true,"href":"https:\/\/construcaocivil.siriusmarketingedesign.com.br\/index.php?rest_route=%2Fwp%2Fv2%2Fcomments&post=12674"}],"version-history":[{"count":0,"href":"https:\/\/construcaocivil.siriusmarketingedesign.com.br\/index.php?rest_route=\/wp\/v2\/posts\/12674\/revisions"}],"wp:featuredmedia":[{"embeddable":true,"href":"https:\/\/construcaocivil.siriusmarketingedesign.com.br\/index.php?rest_route=\/wp\/v2\/media\/12675"}],"wp:attachment":[{"href":"https:\/\/construcaocivil.siriusmarketingedesign.com.br\/index.php?rest_route=%2Fwp%2Fv2%2Fmedia&parent=12674"}],"wp:term":[{"taxonomy":"category","embeddable":true,"href":"https:\/\/construcaocivil.siriusmarketingedesign.com.br\/index.php?rest_route=%2Fwp%2Fv2%2Fcategories&post=12674"},{"taxonomy":"post_tag","embeddable":true,"href":"https:\/\/construcaocivil.siriusmarketingedesign.com.br\/index.php?rest_route=%2Fwp%2Fv2%2Ftags&post=12674"}],"curies":[{"name":"wp","href":"https:\/\/api.w.org\/{rel}","templated":true}]}}