{"id":12681,"date":"2019-10-02T11:42:06","date_gmt":"2019-10-02T14:42:06","guid":{"rendered":"https:\/\/www.jornaldaconstrucaocivil.com.br\/?p=12681"},"modified":"2019-10-02T11:42:06","modified_gmt":"2019-10-02T14:42:06","slug":"modernizacao-e-alternativa-a-espera-por-acoes-do-governo-aponta-o-termometro-da-abramat","status":"publish","type":"post","link":"https:\/\/construcaocivil.siriusmarketingedesign.com.br\/?p=12681","title":{"rendered":"Moderniza\u00e7\u00e3o \u00e9 alternativa \u00e0 espera por a\u00e7\u00f5es do governo, aponta o Term\u00f4metro da ABRAMAT"},"content":{"rendered":"<p style=\"text-align: justify;\"><span style=\"color: #993300;\">Outubro, 2019<\/span><strong> \u2013 <\/strong>A ABRAMAT (Associa\u00e7\u00e3o Brasileira da Ind\u00fastria de Materiais de Constru\u00e7\u00e3o) divulga nessa segunda-feira, 30, a nova edi\u00e7\u00e3o do Term\u00f4metro da Ind\u00fastria de Materiais de Constru\u00e7\u00e3o. A pesquisa indica avalia\u00e7\u00e3o positiva sobre as vendas em setembro, expectativa que se mant\u00e9m para outubro, assim como um aumento na pretens\u00e3o de investimentos no m\u00e9dio prazo. Por outro lado, a pesquisa tamb\u00e9m destaca o aumento do pessimismo com as a\u00e7\u00f5es de governo e a redu\u00e7\u00e3o no n\u00edvel de utiliza\u00e7\u00e3o da capacidade instalada.<\/p>\n<p style=\"text-align: justify;\"><em><span style=\"color: #993300;\">O term\u00f4metro da ABRAMAT informa que para<\/span><span style=\"color: #0000ff;\">\u00a0<strong>50%<\/strong><\/span>\u00a0<span style=\"color: #993300;\">das empresas associadas \u00e0 ABRAMAT o faturamento no m\u00eas de setembro foi considerado<\/span>\u00a0<span style=\"color: #0000ff;\"><strong>&#8220;bom&#8221;<\/strong><\/span>. <span style=\"color: #993300;\">Para<\/span>\u00a0<span style=\"color: #0000ff;\"><strong>42%<\/strong><\/span>\u00a0<span style=\"color: #993300;\">o per\u00edodo apresentou\u00a0<\/span><strong>regularidade<\/strong>\u00a0<span style=\"color: #993300;\">e apenas as demais\u00a0<\/span><strong><span style=\"color: #0000ff;\">8%<\/span>\u00a0<\/strong><span style=\"color: #993300;\">avaliaram o desempenho como\u00a0<span style=\"color: #0000ff;\"><strong>&#8220;ruim&#8221;<\/strong>.<\/span> Os n\u00fameros se mant\u00eam quando as empresas foram questionadas sobre a expectativa para o faturamento no m\u00eas seguinte, outubro.<\/span><span style=\"color: #0000ff;\">\u00a0<\/span><strong><span style=\"color: #0000ff;\">50%<\/span>\u00a0<\/strong><span style=\"color: #993300;\">preveem um m\u00eas\u00a0<\/span><strong><span style=\"color: #993300;\"><span style=\"color: #0000ff;\">bom<\/span>,<\/span> <span style=\"color: #0000ff;\">46 %\u00a0<\/span><\/strong><span style=\"color: #993300;\">apostam em per\u00edodo\u00a0<strong>regular\u00a0<\/strong>e as demais\u00a0<\/span><strong><span style=\"color: #0000ff;\">4%<\/span>\u00a0<\/strong><span style=\"color: #993300;\">vislumbram um m\u00eas<\/span><span style=\"color: #0000ff;\">\u00a0<strong>ruim<\/strong><\/span>.<\/em><\/p>\n<p style=\"text-align: justify;\">A expectativa por um segundo semestre positivo vem se refor\u00e7ando nos primeiros meses do per\u00edodo. O \u00edndice da ABRAMAT indicou crescimento em julho e agosto, enquanto o term\u00f4metro desse m\u00eas indica tend\u00eancia de manuten\u00e7\u00e3o do aquecimento do mercado de materiais de constru\u00e7\u00e3o, atualmente impulsionado principalmente pelas vendas no varejo.<\/p>\n<p style=\"text-align: justify;\">O resultado mais positivo, contudo, n\u00e3o \u00e9 atribu\u00eddo necessariamente \u00e0s a\u00e7\u00f5es do governo pelas associadas.\u00a0<strong>A maioria (59%) se mostra indiferente, enquanto 27% das empresas manifestaram otimismo sobre as a\u00e7\u00f5es do governo, e 19% pessimismo.\u00a0<\/strong>Tamb\u00e9m nota-se que, como reflexo de alta no estoque apontado por estudo elaborado pelo IBGE,\u00a0<strong>em setembro de 2019 caiu o n\u00edvel de utiliza\u00e7\u00e3o da capacidade instalada para 69%, um dos menores nos \u00faltimos 12 meses<\/strong>.<\/p>\n<p><img decoding=\"async\" class=\"aligncenter\" src=\"https:\/\/ydigeatrereanawquawte.i-mpr.com\/0=ETY2MDZxojci5SbvNmLslmdpN2bhNWdyR3cu92YhRGbh5mcvpGQvF2YhRWZypjM0kDMyEjN1kjOyITJnBnauczMyMTMx8VMwATM5EzbyJWblRXZT91byRXZt9WbyVG\/dfFzXvNWamFTQlMzQlI3RGJTJyJmLt92YuUGdvZ2bs9GalRTYwQTJhZHbpNnc1hGdyFmRyUSaGJTJt92YuIHct1SaGJTJGJTJBNTJwRHdopDO%20alt=\" \/><\/p>\n<p><img decoding=\"async\" class=\"aligncenter\" src=\"https:\/\/ydigeatrereanawquawte.i-mpr.com\/3=EjZ3kTMyojci5SbvNmLslmdpN2bhNWdyR3cu92YhRGbh5mcvpGQvF2YhRWZypjM0kDMyEjN1kjOyITJnBnauczMyMTMx8VMwATM5EzbyJWblRXZz91byRXZt9WbyVG\/dfJzXvNWamFTQlMzQlI3ZGJTJyJmLt92YuUGdvZ2bs9GalRTYwQTJhZHbpNnc1hGdyFmRyUSaGJTJt92YuIHct1SaGJTJGJTJBNTJwRHdopDO%20alt=\" \/><\/p>\n<p style=\"text-align: justify;\">O cen\u00e1rio de indiferen\u00e7a \u00e0s a\u00e7\u00f5es governamentais pode ser entendido como motivador do aumento de preens\u00e3o de investimento no m\u00e9dio prazo. Com alta que elevou o total de empresas associadas com planos para investir, seja em expans\u00e3o a capacidade, seja em moderniza\u00e7\u00e3o dos meios de produ\u00e7\u00e3o, a\u00a0<strong>73%<\/strong>.<\/p>\n<p><img decoding=\"async\" class=\"aligncenter\" src=\"https:\/\/ydigeatrereanawquawte.i-mpr.com\/3=QWO3gjZhpjci5SbvNmLslmdpN2bhNWdyR3cu92YhRGbh5mcvpGQvF2YhRWZypjM0kDMyEjN1kjOyITJnBnauczMyMTMx8VMwATM5EzbyJWblRXZz91byRXZt9WbyVG\/dfNzXvNWamFTQlMzQlI3RGJTJyJmLt92YuUGdvZ2bs9GalRTYwQTJhZHbpNnc1hGdyFmRyUSaGJTJt92YuIHct1SaGJTJGJTJBNTJwRHdopTM%20alt=\" \/><\/p>\n<p style=\"text-align: justify;\"><span style=\"color: #000080;\"><em>&#8220;A expectativa pela necess\u00e1ria conclus\u00e3o das reformas estruturantes encontra a compreens\u00e3o da necessidade de, enquanto setor, buscarmos por nossos pr\u00f3prios esfor\u00e7os a melhora do ambiente de neg\u00f3cios. Em momento decisivo para a implementa\u00e7\u00e3o da ind\u00fastria 4.0 no pa\u00eds, a ABRAMAT trabalha pela r\u00e1pida adapta\u00e7\u00e3o da ind\u00fastria de materiais de constru\u00e7\u00e3o e o term\u00f4metro indica maior conscientiza\u00e7\u00e3o do setor, o que considero fundamental&#8221;,<\/em><\/span> afirma Rodrigo Navarro, presidente da ABRAMAT.<\/p>\n<p>Fonte: Imprensa\/ABRAMAT<\/p>\n","protected":false},"excerpt":{"rendered":"<p>Outubro, 2019 \u2013 A ABRAMAT (Associa\u00e7\u00e3o Brasileira da Ind\u00fastria de Materiais de Constru\u00e7\u00e3o) divulga nessa segunda-feira, 30, a nova edi\u00e7\u00e3o do Term\u00f4metro da Ind\u00fastria de Materiais de Constru\u00e7\u00e3o. A pesquisa indica avalia\u00e7\u00e3o positiva sobre as vendas em setembro, expectativa que se mant\u00e9m para outubro, assim como um aumento na pretens\u00e3o de investimentos no m\u00e9dio prazo. [&hellip;]<\/p>\n","protected":false},"author":1,"featured_media":12682,"comment_status":"open","ping_status":"open","sticky":false,"template":"","format":"standard","meta":{"_uag_custom_page_level_css":"","footnotes":""},"categories":[33],"tags":[14786,17718,14085,17716,17717,10679],"class_list":["post-12681","post","type-post","status-publish","format-standard","has-post-thumbnail","hentry","category-mercado","tag-abramat-associacao-brasileira-da-industria-de-materiais-de-construcao","tag-credito-para-familias","tag-industria-de-materiais-de-construcao","tag-material-de-construcao-vaerejo-aguarda-novidades-da-economia","tag-novos-negocios-lojas-de-varejo","tag-sao-paulo-sp"],"blocksy_meta":[],"spectra_blocks_featured_image_url":{"thumbnail":{"url":"https:\/\/construcaocivil.siriusmarketingedesign.com.br\/wp-content\/uploads\/2019\/10\/AA-CONCRETO-OK-150x150.jpg","width":150,"height":150},"medium":{"url":"https:\/\/construcaocivil.siriusmarketingedesign.com.br\/wp-content\/uploads\/2019\/10\/AA-CONCRETO-OK-300x161.jpg","width":300,"height":161},"medium_large":{"url":"https:\/\/construcaocivil.siriusmarketingedesign.com.br\/wp-content\/uploads\/2019\/10\/AA-CONCRETO-OK.jpg","width":682,"height":365},"large":{"url":"https:\/\/construcaocivil.siriusmarketingedesign.com.br\/wp-content\/uploads\/2019\/10\/AA-CONCRETO-OK.jpg","width":682,"height":365},"full":{"url":"https:\/\/construcaocivil.siriusmarketingedesign.com.br\/wp-content\/uploads\/2019\/10\/AA-CONCRETO-OK.jpg","width":682,"height":365}},"spectra_blocks_author_info":{"display_name":"Jornal da Constru\u00e7\u00e3o Civil","avatar_url":"https:\/\/secure.gravatar.com\/avatar\/973c9774fd44ddaceb026973c4962faa70fc512bc4c9da68e8ebb40fecee6540?s=96&d=mm&r=g","author_link":"https:\/\/construcaocivil.siriusmarketingedesign.com.br\/?author=1","description":"Desde de 2013, levando muitas informa\u00e7\u00f5es, lan\u00e7amentos e produtos de qualidade para toda cadeia produtiva da constru\u00e7\u00e3o. O Futuro da constru\u00e7\u00e3o passa por aqui,"},"uagb_featured_image_src":{"full":["https:\/\/construcaocivil.siriusmarketingedesign.com.br\/wp-content\/uploads\/2019\/10\/AA-CONCRETO-OK.jpg",682,365,false],"thumbnail":["https:\/\/construcaocivil.siriusmarketingedesign.com.br\/wp-content\/uploads\/2019\/10\/AA-CONCRETO-OK-150x150.jpg",150,150,true],"medium":["https:\/\/construcaocivil.siriusmarketingedesign.com.br\/wp-content\/uploads\/2019\/10\/AA-CONCRETO-OK-300x161.jpg",300,161,true],"medium_large":["https:\/\/construcaocivil.siriusmarketingedesign.com.br\/wp-content\/uploads\/2019\/10\/AA-CONCRETO-OK.jpg",682,365,false],"large":["https:\/\/construcaocivil.siriusmarketingedesign.com.br\/wp-content\/uploads\/2019\/10\/AA-CONCRETO-OK.jpg",682,365,false],"1536x1536":["https:\/\/construcaocivil.siriusmarketingedesign.com.br\/wp-content\/uploads\/2019\/10\/AA-CONCRETO-OK.jpg",682,365,false],"2048x2048":["https:\/\/construcaocivil.siriusmarketingedesign.com.br\/wp-content\/uploads\/2019\/10\/AA-CONCRETO-OK.jpg",682,365,false]},"uagb_author_info":{"display_name":"Jornal da Constru\u00e7\u00e3o Civil","author_link":"https:\/\/construcaocivil.siriusmarketingedesign.com.br\/?author=1"},"uagb_comment_info":0,"uagb_excerpt":"Outubro, 2019 \u2013 A ABRAMAT (Associa\u00e7\u00e3o Brasileira da Ind\u00fastria de Materiais de Constru\u00e7\u00e3o) divulga nessa segunda-feira, 30, a nova edi\u00e7\u00e3o do Term\u00f4metro da Ind\u00fastria de Materiais de Constru\u00e7\u00e3o. A pesquisa indica avalia\u00e7\u00e3o positiva sobre as vendas em setembro, expectativa que se mant\u00e9m para outubro, assim como um aumento na pretens\u00e3o de investimentos no m\u00e9dio prazo.&hellip;","_links":{"self":[{"href":"https:\/\/construcaocivil.siriusmarketingedesign.com.br\/index.php?rest_route=\/wp\/v2\/posts\/12681","targetHints":{"allow":["GET"]}}],"collection":[{"href":"https:\/\/construcaocivil.siriusmarketingedesign.com.br\/index.php?rest_route=\/wp\/v2\/posts"}],"about":[{"href":"https:\/\/construcaocivil.siriusmarketingedesign.com.br\/index.php?rest_route=\/wp\/v2\/types\/post"}],"author":[{"embeddable":true,"href":"https:\/\/construcaocivil.siriusmarketingedesign.com.br\/index.php?rest_route=\/wp\/v2\/users\/1"}],"replies":[{"embeddable":true,"href":"https:\/\/construcaocivil.siriusmarketingedesign.com.br\/index.php?rest_route=%2Fwp%2Fv2%2Fcomments&post=12681"}],"version-history":[{"count":0,"href":"https:\/\/construcaocivil.siriusmarketingedesign.com.br\/index.php?rest_route=\/wp\/v2\/posts\/12681\/revisions"}],"wp:featuredmedia":[{"embeddable":true,"href":"https:\/\/construcaocivil.siriusmarketingedesign.com.br\/index.php?rest_route=\/wp\/v2\/media\/12682"}],"wp:attachment":[{"href":"https:\/\/construcaocivil.siriusmarketingedesign.com.br\/index.php?rest_route=%2Fwp%2Fv2%2Fmedia&parent=12681"}],"wp:term":[{"taxonomy":"category","embeddable":true,"href":"https:\/\/construcaocivil.siriusmarketingedesign.com.br\/index.php?rest_route=%2Fwp%2Fv2%2Fcategories&post=12681"},{"taxonomy":"post_tag","embeddable":true,"href":"https:\/\/construcaocivil.siriusmarketingedesign.com.br\/index.php?rest_route=%2Fwp%2Fv2%2Ftags&post=12681"}],"curies":[{"name":"wp","href":"https:\/\/api.w.org\/{rel}","templated":true}]}}