{"id":12684,"date":"2019-10-02T12:14:43","date_gmt":"2019-10-02T15:14:43","guid":{"rendered":"https:\/\/www.jornaldaconstrucaocivil.com.br\/?p=12684"},"modified":"2019-10-02T12:14:43","modified_gmt":"2019-10-02T15:14:43","slug":"suposta-caixa-preta-do-bndes-nota-de-posicionamento-afbndes","status":"publish","type":"post","link":"https:\/\/construcaocivil.siriusmarketingedesign.com.br\/?p=12684","title":{"rendered":"Suposta &#8220;Caixa Preta&#8221; do BNDES: Nota de posicionamento AFBNDES"},"content":{"rendered":"<p style=\"text-align: justify;\"><span style=\"color: #993300;\">Outubro, 2019<\/span> &#8211; A AFBNDES (Associa\u00e7\u00e3o dos Funcion\u00e1rios do BNDES) manifesta publicamente sua insatisfa\u00e7\u00e3o e discord\u00e2ncia com a nota divulgada pela administra\u00e7\u00e3o do Banco, bem como a entrevista concedida pelo presidente do BNDES, Gustavo Montezano, ao jornal O Estado de S\u00e3o Paulo, em 30\/09\/2019, sobre opera\u00e7\u00f5es envolvendo o grupo Odebrecht. Acreditamos que o trabalho t\u00e9cnico e executivo prometido pelo presidente fica comprometido por seus compromissos com a ret\u00f3rica eleitoral oficial.<\/p>\n<p style=\"text-align: justify;\">Na an\u00e1lise apresentada, para aumentar o impacto de supostos erros, Montezano usa question\u00e1veis m\u00e9todos de atualiza\u00e7\u00e3o dos valores envolvidos e opta por divulgar a perda m\u00e1xima (supondo que nada venha a ser recuperado pelo BNDES) ao inv\u00e9s da perda prov\u00e1vel nas opera\u00e7\u00f5es associadas \u00e0 Odebrecht. Inclui na mesma an\u00e1lise, por exemplo, opera\u00e7\u00f5es garantidas pelo FGE (Fundo de Garantia \u00e0 Exporta\u00e7\u00e3o). Dos R$ 14,6 bilh\u00f5es alardeados, R$ 3,7 bilh\u00f5es correspondem a opera\u00e7\u00f5es de com\u00e9rcio exterior devidamente seguradas pelo FGE &#8211; cujo funding \u00e9 parcialmente proveniente de pr\u00eamios de risco pagos pelos pr\u00f3prios pa\u00edses financiados. Em nenhuma an\u00e1lise econ\u00f4mica poderiam ser computados como perdas para o Banco.<\/p>\n<p style=\"text-align: justify;\">Dos R$ 10,9 bilh\u00f5es que poderiam ser considerados perdas, R$ 9,5 bilh\u00f5es se devem a um \u00fanico projeto da Odebrecht apoiado pelo Banco: o que envolvia a empresa de etanol do Grupo. Ao considerar apenas a perda m\u00e1xima da opera\u00e7\u00e3o de cr\u00e9dito ignora-se o fato de que o BNDES det\u00e9m grande parte dos ativos operacionais em garantia, al\u00e9m das receitas provenientes da venda de energia. Ou seja, exclu\u00eddo o que est\u00e1 com garantia do FGE e assumindo que o Banco deve recuperar 50% dos cr\u00e9ditos no projeto de Etanol, o valor da perda seria de R$ 6,4 bilh\u00f5es, menos da metade dos R$ 14,6 bilh\u00f5es anunciados.<\/p>\n<p style=\"text-align: justify;\">O BNDES foi apenas um dos v\u00e1rios financiadores do projeto de Etanol, que em sua origem contou, inclusive, com a maioria de investidores internacionais (pois se houve erro na avalia\u00e7\u00e3o do projeto, esse foi do governo e de investidores privados nacionais e internacionais tamb\u00e9m). A Odebrecht e todos seus s\u00f3cios internacionais perderam cerca de R$ 7 bilh\u00f5es (valores hist\u00f3ricos) com o projeto. \u00c9 importante ressaltar tamb\u00e9m que o BNDES desembolsou dezenas de bilh\u00f5es de reais com o setor de etanol como um todo, beneficiando dezenas de projetos, indo muito al\u00e9m da citada empresa.<\/p>\n<p style=\"text-align: justify;\">Outro aspecto que n\u00e3o foi abordado nas manifesta\u00e7\u00f5es para a imprensa e que nos causa estranhamento, principalmente para quem enfatiza a import\u00e2ncia do impacto do Banco sobre o desenvolvimento\u00a0<em>vis-\u00e0-vis<\/em>\u00a0\u00e0 lucratividade das opera\u00e7\u00f5es, \u00e9 o impacto do projeto sobre a regi\u00e3o em que se deram os investimentos \u2013 como aumento do emprego, do PIB regional e da arrecada\u00e7\u00e3o tribut\u00e1ria, mesmo que esses dados estejam dispon\u00edveis no BNDES.<\/p>\n<p style=\"text-align: justify;\">Assim, como quando veio a p\u00fablico as \u201cden\u00fancias\u201d relacionadas a compradores de jatinhos por meio de programa realizado pelo BNDES, informando at\u00e9 o CPF dos controladores das empresas, possivelmente violando o sigilo banc\u00e1rio de opera\u00e7\u00f5es que foram contratadas via bancos privados, s\u00e3o indisfar\u00e7\u00e1veis os intuitos pol\u00edticos eleitorais desse novo \u201cesclarecimento\u201d.<\/p>\n<p style=\"text-align: justify;\">Na pr\u00e1tica, Montezano trabalha para reascender o mito da &#8220;caixa-preta&#8221;. Ao tentar entregar a encomenda que levou \u00e0 sua nomea\u00e7\u00e3o, n\u00e3o se importa em manchar a imagem do Banco. Finalmente, e com efeito n\u00e3o menos nefasto, seus supostos esclarecimentos ao inv\u00e9s de aumentar a transpar\u00eancia do BNDES e promover um debate qualificado sobre o aperfei\u00e7oamento de pol\u00edticas de desenvolvimento, visam apenas desacreditar por completo a pol\u00edtica industrial e a a\u00e7\u00e3o do cr\u00e9dito como instrumento contrac\u00edclico, servindo assim, para justificar a redu\u00e7\u00e3o do escopo de atua\u00e7\u00e3o do BNDES que sua administra\u00e7\u00e3o pretende implementar.<\/p>\n<p>Fonte: Imprensa\/AFBNDES<\/p>\n<p style=\"text-align: justify;\">\n","protected":false},"excerpt":{"rendered":"<p>Outubro, 2019 &#8211; A AFBNDES (Associa\u00e7\u00e3o dos Funcion\u00e1rios do BNDES) manifesta publicamente sua insatisfa\u00e7\u00e3o e discord\u00e2ncia com a nota divulgada pela administra\u00e7\u00e3o do Banco, bem como a entrevista concedida pelo presidente do BNDES, Gustavo Montezano, ao jornal O Estado de S\u00e3o Paulo, em 30\/09\/2019, sobre opera\u00e7\u00f5es envolvendo o grupo Odebrecht. Acreditamos que o trabalho t\u00e9cnico [&hellip;]<\/p>\n","protected":false},"author":1,"featured_media":12685,"comment_status":"open","ping_status":"open","sticky":false,"template":"","format":"standard","meta":{"_uag_custom_page_level_css":"","footnotes":""},"categories":[27],"tags":[16457,17725,17723,17720,17719,17721,17724,6358,8406,17722,10375],"class_list":["post-12684","post","type-post","status-publish","format-standard","has-post-thumbnail","hentry","category-acontece","tag-afbndes-associacao-dos-funcionarios-do-bndes","tag-bndes-construcao-civil","tag-bndes-lucra-com-empresas-brasileira-e-servicos-de-engenharia","tag-caixa-preta-do-bndes","tag-governo-federal-caso-bndes-odebrecht","tag-gustavo-montezano-presidente-do-bndes-erra-nos-relatorios","tag-investimentos-em-outros-paises-companhias-internacionais","tag-investimentos-no-setor-de-infraestrutura","tag-odebrecht","tag-projeto-de-etanol","tag-rio-de-janeiro"],"blocksy_meta":[],"spectra_blocks_featured_image_url":{"thumbnail":{"url":"https:\/\/construcaocivil.siriusmarketingedesign.com.br\/wp-content\/uploads\/2019\/10\/AA-BNDES-PR\u00c9DIO-150x150.jpg","width":150,"height":150},"medium":{"url":"https:\/\/construcaocivil.siriusmarketingedesign.com.br\/wp-content\/uploads\/2019\/10\/AA-BNDES-PR\u00c9DIO-208x300.jpg","width":208,"height":300},"medium_large":{"url":"https:\/\/construcaocivil.siriusmarketingedesign.com.br\/wp-content\/uploads\/2019\/10\/AA-BNDES-PR\u00c9DIO.jpg","width":438,"height":631},"large":{"url":"https:\/\/construcaocivil.siriusmarketingedesign.com.br\/wp-content\/uploads\/2019\/10\/AA-BNDES-PR\u00c9DIO.jpg","width":438,"height":631},"full":{"url":"https:\/\/construcaocivil.siriusmarketingedesign.com.br\/wp-content\/uploads\/2019\/10\/AA-BNDES-PR\u00c9DIO.jpg","width":438,"height":631}},"spectra_blocks_author_info":{"display_name":"Jornal da Constru\u00e7\u00e3o Civil","avatar_url":"https:\/\/secure.gravatar.com\/avatar\/973c9774fd44ddaceb026973c4962faa70fc512bc4c9da68e8ebb40fecee6540?s=96&d=mm&r=g","author_link":"https:\/\/construcaocivil.siriusmarketingedesign.com.br\/?author=1","description":"Desde de 2013, levando muitas informa\u00e7\u00f5es, lan\u00e7amentos e produtos de qualidade para toda cadeia produtiva da constru\u00e7\u00e3o. O Futuro da constru\u00e7\u00e3o passa por aqui,"},"uagb_featured_image_src":{"full":["https:\/\/construcaocivil.siriusmarketingedesign.com.br\/wp-content\/uploads\/2019\/10\/AA-BNDES-PR\u00c9DIO.jpg",438,631,false],"thumbnail":["https:\/\/construcaocivil.siriusmarketingedesign.com.br\/wp-content\/uploads\/2019\/10\/AA-BNDES-PR\u00c9DIO-150x150.jpg",150,150,true],"medium":["https:\/\/construcaocivil.siriusmarketingedesign.com.br\/wp-content\/uploads\/2019\/10\/AA-BNDES-PR\u00c9DIO-208x300.jpg",208,300,true],"medium_large":["https:\/\/construcaocivil.siriusmarketingedesign.com.br\/wp-content\/uploads\/2019\/10\/AA-BNDES-PR\u00c9DIO.jpg",438,631,false],"large":["https:\/\/construcaocivil.siriusmarketingedesign.com.br\/wp-content\/uploads\/2019\/10\/AA-BNDES-PR\u00c9DIO.jpg",438,631,false],"1536x1536":["https:\/\/construcaocivil.siriusmarketingedesign.com.br\/wp-content\/uploads\/2019\/10\/AA-BNDES-PR\u00c9DIO.jpg",438,631,false],"2048x2048":["https:\/\/construcaocivil.siriusmarketingedesign.com.br\/wp-content\/uploads\/2019\/10\/AA-BNDES-PR\u00c9DIO.jpg",438,631,false]},"uagb_author_info":{"display_name":"Jornal da Constru\u00e7\u00e3o Civil","author_link":"https:\/\/construcaocivil.siriusmarketingedesign.com.br\/?author=1"},"uagb_comment_info":0,"uagb_excerpt":"Outubro, 2019 &#8211; A AFBNDES (Associa\u00e7\u00e3o dos Funcion\u00e1rios do BNDES) manifesta publicamente sua insatisfa\u00e7\u00e3o e discord\u00e2ncia com a nota divulgada pela administra\u00e7\u00e3o do Banco, bem como a entrevista concedida pelo presidente do BNDES, Gustavo Montezano, ao jornal O Estado de S\u00e3o Paulo, em 30\/09\/2019, sobre opera\u00e7\u00f5es envolvendo o grupo Odebrecht. Acreditamos que o trabalho t\u00e9cnico&hellip;","_links":{"self":[{"href":"https:\/\/construcaocivil.siriusmarketingedesign.com.br\/index.php?rest_route=\/wp\/v2\/posts\/12684","targetHints":{"allow":["GET"]}}],"collection":[{"href":"https:\/\/construcaocivil.siriusmarketingedesign.com.br\/index.php?rest_route=\/wp\/v2\/posts"}],"about":[{"href":"https:\/\/construcaocivil.siriusmarketingedesign.com.br\/index.php?rest_route=\/wp\/v2\/types\/post"}],"author":[{"embeddable":true,"href":"https:\/\/construcaocivil.siriusmarketingedesign.com.br\/index.php?rest_route=\/wp\/v2\/users\/1"}],"replies":[{"embeddable":true,"href":"https:\/\/construcaocivil.siriusmarketingedesign.com.br\/index.php?rest_route=%2Fwp%2Fv2%2Fcomments&post=12684"}],"version-history":[{"count":0,"href":"https:\/\/construcaocivil.siriusmarketingedesign.com.br\/index.php?rest_route=\/wp\/v2\/posts\/12684\/revisions"}],"wp:featuredmedia":[{"embeddable":true,"href":"https:\/\/construcaocivil.siriusmarketingedesign.com.br\/index.php?rest_route=\/wp\/v2\/media\/12685"}],"wp:attachment":[{"href":"https:\/\/construcaocivil.siriusmarketingedesign.com.br\/index.php?rest_route=%2Fwp%2Fv2%2Fmedia&parent=12684"}],"wp:term":[{"taxonomy":"category","embeddable":true,"href":"https:\/\/construcaocivil.siriusmarketingedesign.com.br\/index.php?rest_route=%2Fwp%2Fv2%2Fcategories&post=12684"},{"taxonomy":"post_tag","embeddable":true,"href":"https:\/\/construcaocivil.siriusmarketingedesign.com.br\/index.php?rest_route=%2Fwp%2Fv2%2Ftags&post=12684"}],"curies":[{"name":"wp","href":"https:\/\/api.w.org\/{rel}","templated":true}]}}