{"id":12687,"date":"2019-10-03T10:31:21","date_gmt":"2019-10-03T13:31:21","guid":{"rendered":"https:\/\/www.jornaldaconstrucaocivil.com.br\/?p=12687"},"modified":"2019-10-03T10:31:21","modified_gmt":"2019-10-03T13:31:21","slug":"no-dia-das-abelhas-governo-aprova-mais-57-agrotoxicos-e-numero-total-de-liberados-ja-passa-de-400","status":"publish","type":"post","link":"https:\/\/construcaocivil.siriusmarketingedesign.com.br\/?p=12687","title":{"rendered":"No Dia das Abelhas, governo aprova mais 57 agrot\u00f3xicos e n\u00famero total de liberados j\u00e1 passa de 400"},"content":{"rendered":"<p style=\"text-align: justify;\"><i><span style=\"color: #993300;\">Outubro, 2019<\/span> <\/i>&#8211; Hoje se comemora o Dia Nacional das Abelhas, um dos grupos de polinizadores mais afetados pelo uso massivo de agrot\u00f3xicos. E, nessa mesma data, o governo brasileiro d\u00e1 mais uma demonstra\u00e7\u00e3o da import\u00e2ncia que d\u00e1 para os agrot\u00f3xicos em sua gest\u00e3o.<\/p>\n<p style=\"text-align: justify;\">Mantendo ritmo sem precedentes, o governo liberou, nesta quinta-feira, mais 57 agrot\u00f3xicos. At\u00e9 o momento, j\u00e1 s\u00e3o 410 novos registros concedidos desde o in\u00edcio deste ano &#8211; n\u00famero que por si s\u00f3 j\u00e1 supera o total de quase todos os anos anteriores (com exce\u00e7\u00e3o apenas de 2017). &#8220;O governo continua seus desmandos com a sa\u00fade da popula\u00e7\u00e3o e integridade do nosso meio ambiente. Mais uma vez a gente recebe a sinaliza\u00e7\u00e3o que o sistema agr\u00edcola como est\u00e1, fortemente dependente de veneno, tem mais valor que a sa\u00fade da popula\u00e7\u00e3o e integridade do nosso meio ambiente. Esse novo ato justamente no Dia das Abelhas \u00e9 um forte lembrete do que est\u00e1 acontecendo&#8221;, afirma Iran Magno, da campanha de Agricultura e Alimenta\u00e7\u00e3o do Greenpeace Brasil.<\/p>\n<p style=\"text-align: justify;\">O ritmo das aprova\u00e7\u00f5es de agrot\u00f3xicos \u00e9, de longe, o mais acelerado da \u00faltima d\u00e9cada. &#8220;Se j\u00e1 batemos recordes de anos anteriores inteiros e estamos apenas em outubro, chegaremos ao fim de dezembro com um triste recorde. Muitos desses produtos s\u00e3o proibidos na Uni\u00e3o Europeia, por exemplo. Por que a popula\u00e7\u00e3o brasileira pode consumi-los?\u00a0 Como que o fato de sermos um pa\u00eds tropical justifica que produtos banidos na UE para prote\u00e7\u00e3o de sua popula\u00e7\u00e3o e recursos naturais possam ser usados aqui? Reduzir gradualmente o uso de agrot\u00f3xicos \u00e9 um pedido completamente razo\u00e1vel. O que n\u00e3o \u00e9 razo\u00e1vel \u00e9 continuar envenenando nossa popula\u00e7\u00e3o&#8221;, completa Magno.<\/p>\n<p style=\"text-align: justify;\">No novo ato, o n\u00edvel toxicidade dos produtos j\u00e1 est\u00e1 no novo formato proposto pela ANVISA, adotado sob a justificativa de que o Brasil precisa se adequar a padr\u00f5es globais. &#8220;Esse \u00e9 o primeiro ato que deixa mais claro o impacto da ado\u00e7\u00e3o da metodologia GHS. Diferente de todos os outros, esse ato traz s\u00f3 um produto classificado como extremamente t\u00f3xico. O que n\u00e3o podemos esquecer \u00e9 que a nova forma de an\u00e1lise atribuiu os mais altos n\u00edveis de toxicidade apenas para produtos com risco de morte por ingest\u00e3o ou contato. Mudar a classifica\u00e7\u00e3o n\u00e3o elimina o fato que os agrot\u00f3xicos continuam sendo veneno e com efeitos na sa\u00fade das pessoas e trabalhadores do campo, como potencial de causar cegueira e corroer a pele, antes fatores de peso na\u00a0 an\u00e1lise toxicol\u00f3gica&#8221;, diz Iran.<\/p>\n<ul>\n<li><strong>N\u00famero de agrot\u00f3xicos aprovados nos anos da \u00faltima d\u00e9cada<\/strong>\n<ul>\n<li><span style=\"color: #993300;\">Em 2019, 410 produtos (at\u00e9 03 de outubro);<\/span><\/li>\n<li><span style=\"color: #993300;\">Em 2018, 422 no ano;<\/span><\/li>\n<li><span style=\"color: #993300;\">Em 2017, 405 no ano;<\/span><\/li>\n<li><span style=\"color: #993300;\">Em 2016, 277 no ano;<\/span><\/li>\n<li><span style=\"color: #993300;\">Em 2015, 139 no ano;<\/span><\/li>\n<li><span style=\"color: #993300;\">Em 2014, 148 no ano;<\/span><\/li>\n<li><span style=\"color: #993300;\">Em 2013, 110 no ano;<\/span><\/li>\n<li><span style=\"color: #993300;\">Em 2012, 168 no ano;<\/span><\/li>\n<li><span style=\"color: #993300;\">Em 2011, 146 no ano;<\/span><\/li>\n<li><span style=\"color: #993300;\">Em 201<\/span>0,<span style=\"color: #993300;\"> 104 no ano.<\/span><\/li>\n<\/ul>\n<\/li>\n<\/ul>\n<p>Fonte: Imprensa\/ Greenpeace<\/p>\n","protected":false},"excerpt":{"rendered":"<p>Outubro, 2019 &#8211; Hoje se comemora o Dia Nacional das Abelhas, um dos grupos de polinizadores mais afetados pelo uso massivo de agrot\u00f3xicos. E, nessa mesma data, o governo brasileiro d\u00e1 mais uma demonstra\u00e7\u00e3o da import\u00e2ncia que d\u00e1 para os agrot\u00f3xicos em sua gest\u00e3o. Mantendo ritmo sem precedentes, o governo liberou, nesta quinta-feira, mais 57 [&hellip;]<\/p>\n","protected":false},"author":1,"featured_media":12688,"comment_status":"open","ping_status":"open","sticky":false,"template":"","format":"standard","meta":{"_uag_custom_page_level_css":"","footnotes":""},"categories":[37],"tags":[17733,529,17730,17726,759,17729,17727,17728,17732,17731,10679],"class_list":["post-12687","post","type-post","status-publish","format-standard","has-post-thumbnail","hentry","category-sustentabilidade","tag-abelhas-ameacadas","tag-agricultura","tag-agricultura-meio-ambiente","tag-agricultura-sem-agrotoxicos","tag-anvisa","tag-apicultores","tag-dia-nacional-das-abelhas","tag-governo-federal-libera-57-agrotoxicos","tag-negocios-agricolas-x-pesticidas","tag-produtores-de-mel","tag-sao-paulo-sp"],"blocksy_meta":[],"spectra_blocks_featured_image_url":{"thumbnail":{"url":"https:\/\/construcaocivil.siriusmarketingedesign.com.br\/wp-content\/uploads\/2019\/10\/ABELHASS-150x150.jpg","width":150,"height":150},"medium":{"url":"https:\/\/construcaocivil.siriusmarketingedesign.com.br\/wp-content\/uploads\/2019\/10\/ABELHASS-300x203.jpg","width":300,"height":203},"medium_large":{"url":"https:\/\/construcaocivil.siriusmarketingedesign.com.br\/wp-content\/uploads\/2019\/10\/ABELHASS.jpg","width":651,"height":440},"large":{"url":"https:\/\/construcaocivil.siriusmarketingedesign.com.br\/wp-content\/uploads\/2019\/10\/ABELHASS.jpg","width":651,"height":440},"full":{"url":"https:\/\/construcaocivil.siriusmarketingedesign.com.br\/wp-content\/uploads\/2019\/10\/ABELHASS.jpg","width":651,"height":440}},"spectra_blocks_author_info":{"display_name":"Jornal da Constru\u00e7\u00e3o Civil","avatar_url":"https:\/\/secure.gravatar.com\/avatar\/973c9774fd44ddaceb026973c4962faa70fc512bc4c9da68e8ebb40fecee6540?s=96&d=mm&r=g","author_link":"https:\/\/construcaocivil.siriusmarketingedesign.com.br\/?author=1","description":"Desde de 2013, levando muitas informa\u00e7\u00f5es, lan\u00e7amentos e produtos de qualidade para toda cadeia produtiva da constru\u00e7\u00e3o. O Futuro da constru\u00e7\u00e3o passa por aqui,"},"uagb_featured_image_src":{"full":["https:\/\/construcaocivil.siriusmarketingedesign.com.br\/wp-content\/uploads\/2019\/10\/ABELHASS.jpg",651,440,false],"thumbnail":["https:\/\/construcaocivil.siriusmarketingedesign.com.br\/wp-content\/uploads\/2019\/10\/ABELHASS-150x150.jpg",150,150,true],"medium":["https:\/\/construcaocivil.siriusmarketingedesign.com.br\/wp-content\/uploads\/2019\/10\/ABELHASS-300x203.jpg",300,203,true],"medium_large":["https:\/\/construcaocivil.siriusmarketingedesign.com.br\/wp-content\/uploads\/2019\/10\/ABELHASS.jpg",651,440,false],"large":["https:\/\/construcaocivil.siriusmarketingedesign.com.br\/wp-content\/uploads\/2019\/10\/ABELHASS.jpg",651,440,false],"1536x1536":["https:\/\/construcaocivil.siriusmarketingedesign.com.br\/wp-content\/uploads\/2019\/10\/ABELHASS.jpg",651,440,false],"2048x2048":["https:\/\/construcaocivil.siriusmarketingedesign.com.br\/wp-content\/uploads\/2019\/10\/ABELHASS.jpg",651,440,false]},"uagb_author_info":{"display_name":"Jornal da Constru\u00e7\u00e3o Civil","author_link":"https:\/\/construcaocivil.siriusmarketingedesign.com.br\/?author=1"},"uagb_comment_info":0,"uagb_excerpt":"Outubro, 2019 &#8211; Hoje se comemora o Dia Nacional das Abelhas, um dos grupos de polinizadores mais afetados pelo uso massivo de agrot\u00f3xicos. E, nessa mesma data, o governo brasileiro d\u00e1 mais uma demonstra\u00e7\u00e3o da import\u00e2ncia que d\u00e1 para os agrot\u00f3xicos em sua gest\u00e3o. Mantendo ritmo sem precedentes, o governo liberou, nesta quinta-feira, mais 57&hellip;","_links":{"self":[{"href":"https:\/\/construcaocivil.siriusmarketingedesign.com.br\/index.php?rest_route=\/wp\/v2\/posts\/12687","targetHints":{"allow":["GET"]}}],"collection":[{"href":"https:\/\/construcaocivil.siriusmarketingedesign.com.br\/index.php?rest_route=\/wp\/v2\/posts"}],"about":[{"href":"https:\/\/construcaocivil.siriusmarketingedesign.com.br\/index.php?rest_route=\/wp\/v2\/types\/post"}],"author":[{"embeddable":true,"href":"https:\/\/construcaocivil.siriusmarketingedesign.com.br\/index.php?rest_route=\/wp\/v2\/users\/1"}],"replies":[{"embeddable":true,"href":"https:\/\/construcaocivil.siriusmarketingedesign.com.br\/index.php?rest_route=%2Fwp%2Fv2%2Fcomments&post=12687"}],"version-history":[{"count":0,"href":"https:\/\/construcaocivil.siriusmarketingedesign.com.br\/index.php?rest_route=\/wp\/v2\/posts\/12687\/revisions"}],"wp:featuredmedia":[{"embeddable":true,"href":"https:\/\/construcaocivil.siriusmarketingedesign.com.br\/index.php?rest_route=\/wp\/v2\/media\/12688"}],"wp:attachment":[{"href":"https:\/\/construcaocivil.siriusmarketingedesign.com.br\/index.php?rest_route=%2Fwp%2Fv2%2Fmedia&parent=12687"}],"wp:term":[{"taxonomy":"category","embeddable":true,"href":"https:\/\/construcaocivil.siriusmarketingedesign.com.br\/index.php?rest_route=%2Fwp%2Fv2%2Fcategories&post=12687"},{"taxonomy":"post_tag","embeddable":true,"href":"https:\/\/construcaocivil.siriusmarketingedesign.com.br\/index.php?rest_route=%2Fwp%2Fv2%2Ftags&post=12687"}],"curies":[{"name":"wp","href":"https:\/\/api.w.org\/{rel}","templated":true}]}}