{"id":12699,"date":"2019-10-04T11:33:46","date_gmt":"2019-10-04T14:33:46","guid":{"rendered":"https:\/\/www.jornaldaconstrucaocivil.com.br\/?p=12699"},"modified":"2019-10-04T11:33:46","modified_gmt":"2019-10-04T14:33:46","slug":"projeto-reconstruir-seconci-promove-curso-gratuito-para-capacitacao","status":"publish","type":"post","link":"https:\/\/construcaocivil.siriusmarketingedesign.com.br\/?p=12699","title":{"rendered":"Projeto Reconstruir: Seconci promove curso gratuito para capacita\u00e7\u00e3o"},"content":{"rendered":"<p style=\"text-align: justify;\"><span style=\"color: #993300;\">Outubro, 2019<\/span> &#8211; O ano j\u00e1 est\u00e1 quase no fim, mas ainda \u00e9 tempo de tornar-se um empreendedor. O <strong>Programa Vizinho do Bem,<\/strong>\u00a0<strong>da MRV<\/strong>, atrav\u00e9s de investimentos nas comunidades locais onde a construtora possui empreendimentos, est\u00e1 abrindo, em parceria com o\u00a0<strong>Sindicato da Ind\u00fastria da Constru\u00e7\u00e3o Civil do Estado do RJ\u00a0<\/strong>(Sinduscon) e realiza\u00e7\u00e3o do\u00a0<strong>Servi\u00e7o Social da Ind\u00fastria da Constru\u00e7\u00e3o do Rio de Janeiro<\/strong>\u00a0(SECONCI-RIO) e do\u00a0<strong>Servi\u00e7o Brasileiro de Apoio \u00e0s Micro e Pequenas Empresas\u00a0<\/strong>(SEBRAE), novas turmas do\u00a0<strong>Projeto\u00a0Reconstruir\u00a0<\/strong>nos meses de<strong>\u00a0<span style=\"color: #0000ff;\">OUTUBRO<\/span>\u00a0<\/strong>e<strong>\u00a0<span style=\"color: #0000ff;\">NOVEMBRO<\/span>,\u00a0<\/strong>no<strong>\u00a0bairro Col\u00e9gio<\/strong>. O p\u00fablico-alvo s\u00e3o trabalhadores desempregados do setor da Constru\u00e7\u00e3o Civil, pessoas que realizam trabalho informal e representantes e pequenos neg\u00f3cios em comunidades.<\/p>\n<p style=\"text-align: justify;\"><em>\u201cA proposta \u00e9 ensinar \u00e0 popula\u00e7\u00e3o como abrir o seu pr\u00f3prio neg\u00f3cio para atender a uma demanda existente na sociedade brasileira por servi\u00e7os de qualidade\u201d &#8211;\u00a0<\/em>afirma a Gerente de Rela\u00e7\u00f5es Institucionais do SECONCI-Rio, Ana Claudia Pontes Gomes. Para tanto, o curso aborda os temas \u201cEmpreendedorismo para Come\u00e7ar Bem\u201d, \u201cPlano de Neg\u00f3cios\u201d, \u201cO Microempreendedor Individual\u201d, \u201cSei Controlar meu Dinheiro\u201d, \u201cForma\u00e7\u00e3o de Pre\u00e7o\u201d,\u00a0 \u201cO Microempreendedor Individual: Passo-a-passo para a Formaliza\u00e7\u00e3o\u201d, \u201cComo utilizar a internet para divulgar seus servi\u00e7os\u201d e \u201c\u00c9tica, Valores e Cidadania\u201d.<\/p>\n<p style=\"text-align: justify;\">A ideia do\u00a0<strong>Projeto Reconstruir<\/strong>\u00a0\u00e9 ensinar \u00a0a qualquer trabalhador desempregado a empreender, a tornar-se aut\u00f4nomo:\u00a0<em>\u201cAqui eles aprendem a\u00a0 fazer\u00a0 um or\u00e7amento, legalizar sua situa\u00e7\u00e3o como MEI, passar recibos, divulgar sua atividade nas redes sociais\u2026 \u00c9 algo que ir\u00e3o levar para a vida toda\u201d\u00a0<\/em>\u2013 conta ela. Os\u00a0<strong>cursos s\u00e3o gratuitos, com<\/strong>\u00a0<strong>carga hor\u00e1ria\u00a0 de 24 horas\u00a0(8 horas por dia, das 8h \u00e0s 17h)\u00a0 e cada turma \u00e9 formada por cerca de 25 alunos, por ordem de inscri\u00e7\u00e3o.\u00a0 Abaixo, o calend\u00e1rio:<\/strong><\/p>\n<p><strong>\u00a0<\/strong><strong>OUTUBRO<\/strong><\/p>\n<p>Dias 08, 09 e 10 \u2013 Turno: Manh\u00e3 e Tarde<\/p>\n<p>Dias 15, 16 e 17\u00a0 \u2013 Turno: Manh\u00e3 e Tarde<\/p>\n<p><strong>NOVEMBRO<\/strong><\/p>\n<p>Dias 05, 06 e 07\u00a0 \u2013 Turno: Manh\u00e3 e Tarde<\/p>\n<p>Dias 12, 13 e 14 \u2013 Turno: Manh\u00e3 e Tarde<\/p>\n<p><span style=\"color: #993300;\"><strong>Os interessados dever\u00e3o mandar mensagem para o Whatsapp (21) 99497-6315 para saber dia e hor\u00e1rio da sele\u00e7\u00e3o.<\/strong><\/span><\/p>\n<p>Fonte: Imprensa\/Seconci-Rio<\/p>\n<p>&nbsp;<\/p>\n","protected":false},"excerpt":{"rendered":"<p>Outubro, 2019 &#8211; O ano j\u00e1 est\u00e1 quase no fim, mas ainda \u00e9 tempo de tornar-se um empreendedor. O Programa Vizinho do Bem,\u00a0da MRV, atrav\u00e9s de investimentos nas comunidades locais onde a construtora possui empreendimentos, est\u00e1 abrindo, em parceria com o\u00a0Sindicato da Ind\u00fastria da Constru\u00e7\u00e3o Civil do Estado do RJ\u00a0(Sinduscon) e realiza\u00e7\u00e3o do\u00a0Servi\u00e7o Social da [&hellip;]<\/p>\n","protected":false},"author":1,"featured_media":12700,"comment_status":"open","ping_status":"open","sticky":false,"template":"","format":"standard","meta":{"_uag_custom_page_level_css":"","footnotes":""},"categories":[27],"tags":[17753,17757,17756,17755,17754,17752,10375,10723,10732],"class_list":["post-12699","post","type-post","status-publish","format-standard","has-post-thumbnail","hentry","category-acontece","tag-bairro-colegio","tag-construcao-negocios-para-pequenos-empreendedores","tag-cursos-diversos","tag-profissionais-de-construcao-civil","tag-programa-vizinho-do-bem","tag-projeto-reconstruir-cursos-gratuitos","tag-rio-de-janeiro","tag-sebrae-rj","tag-seconci-rio"],"blocksy_meta":[],"spectra_blocks_featured_image_url":{"thumbnail":{"url":"https:\/\/construcaocivil.siriusmarketingedesign.com.br\/wp-content\/uploads\/2019\/10\/CURSO-150x150.jpg","width":150,"height":150},"medium":{"url":"https:\/\/construcaocivil.siriusmarketingedesign.com.br\/wp-content\/uploads\/2019\/10\/CURSO-300x190.jpg","width":300,"height":190},"medium_large":{"url":"https:\/\/construcaocivil.siriusmarketingedesign.com.br\/wp-content\/uploads\/2019\/10\/CURSO-768x487.jpg","width":768,"height":487},"large":{"url":"https:\/\/construcaocivil.siriusmarketingedesign.com.br\/wp-content\/uploads\/2019\/10\/CURSO-1024x650.jpg","width":1024,"height":650},"full":{"url":"https:\/\/construcaocivil.siriusmarketingedesign.com.br\/wp-content\/uploads\/2019\/10\/CURSO.jpg","width":1750,"height":1110}},"spectra_blocks_author_info":{"display_name":"Jornal da Constru\u00e7\u00e3o Civil","avatar_url":"https:\/\/secure.gravatar.com\/avatar\/973c9774fd44ddaceb026973c4962faa70fc512bc4c9da68e8ebb40fecee6540?s=96&d=mm&r=g","author_link":"https:\/\/construcaocivil.siriusmarketingedesign.com.br\/?author=1","description":"Desde de 2013, levando muitas informa\u00e7\u00f5es, lan\u00e7amentos e produtos de qualidade para toda cadeia produtiva da constru\u00e7\u00e3o. O Futuro da constru\u00e7\u00e3o passa por aqui,"},"uagb_featured_image_src":{"full":["https:\/\/construcaocivil.siriusmarketingedesign.com.br\/wp-content\/uploads\/2019\/10\/CURSO.jpg",1750,1110,false],"thumbnail":["https:\/\/construcaocivil.siriusmarketingedesign.com.br\/wp-content\/uploads\/2019\/10\/CURSO-150x150.jpg",150,150,true],"medium":["https:\/\/construcaocivil.siriusmarketingedesign.com.br\/wp-content\/uploads\/2019\/10\/CURSO-300x190.jpg",300,190,true],"medium_large":["https:\/\/construcaocivil.siriusmarketingedesign.com.br\/wp-content\/uploads\/2019\/10\/CURSO-768x487.jpg",768,487,true],"large":["https:\/\/construcaocivil.siriusmarketingedesign.com.br\/wp-content\/uploads\/2019\/10\/CURSO-1024x650.jpg",1024,650,true],"1536x1536":["https:\/\/construcaocivil.siriusmarketingedesign.com.br\/wp-content\/uploads\/2019\/10\/CURSO.jpg",1536,974,false],"2048x2048":["https:\/\/construcaocivil.siriusmarketingedesign.com.br\/wp-content\/uploads\/2019\/10\/CURSO.jpg",1750,1110,false]},"uagb_author_info":{"display_name":"Jornal da Constru\u00e7\u00e3o Civil","author_link":"https:\/\/construcaocivil.siriusmarketingedesign.com.br\/?author=1"},"uagb_comment_info":0,"uagb_excerpt":"Outubro, 2019 &#8211; O ano j\u00e1 est\u00e1 quase no fim, mas ainda \u00e9 tempo de tornar-se um empreendedor. O Programa Vizinho do Bem,\u00a0da MRV, atrav\u00e9s de investimentos nas comunidades locais onde a construtora possui empreendimentos, est\u00e1 abrindo, em parceria com o\u00a0Sindicato da Ind\u00fastria da Constru\u00e7\u00e3o Civil do Estado do RJ\u00a0(Sinduscon) e realiza\u00e7\u00e3o do\u00a0Servi\u00e7o Social da&hellip;","_links":{"self":[{"href":"https:\/\/construcaocivil.siriusmarketingedesign.com.br\/index.php?rest_route=\/wp\/v2\/posts\/12699","targetHints":{"allow":["GET"]}}],"collection":[{"href":"https:\/\/construcaocivil.siriusmarketingedesign.com.br\/index.php?rest_route=\/wp\/v2\/posts"}],"about":[{"href":"https:\/\/construcaocivil.siriusmarketingedesign.com.br\/index.php?rest_route=\/wp\/v2\/types\/post"}],"author":[{"embeddable":true,"href":"https:\/\/construcaocivil.siriusmarketingedesign.com.br\/index.php?rest_route=\/wp\/v2\/users\/1"}],"replies":[{"embeddable":true,"href":"https:\/\/construcaocivil.siriusmarketingedesign.com.br\/index.php?rest_route=%2Fwp%2Fv2%2Fcomments&post=12699"}],"version-history":[{"count":0,"href":"https:\/\/construcaocivil.siriusmarketingedesign.com.br\/index.php?rest_route=\/wp\/v2\/posts\/12699\/revisions"}],"wp:featuredmedia":[{"embeddable":true,"href":"https:\/\/construcaocivil.siriusmarketingedesign.com.br\/index.php?rest_route=\/wp\/v2\/media\/12700"}],"wp:attachment":[{"href":"https:\/\/construcaocivil.siriusmarketingedesign.com.br\/index.php?rest_route=%2Fwp%2Fv2%2Fmedia&parent=12699"}],"wp:term":[{"taxonomy":"category","embeddable":true,"href":"https:\/\/construcaocivil.siriusmarketingedesign.com.br\/index.php?rest_route=%2Fwp%2Fv2%2Fcategories&post=12699"},{"taxonomy":"post_tag","embeddable":true,"href":"https:\/\/construcaocivil.siriusmarketingedesign.com.br\/index.php?rest_route=%2Fwp%2Fv2%2Ftags&post=12699"}],"curies":[{"name":"wp","href":"https:\/\/api.w.org\/{rel}","templated":true}]}}