{"id":12711,"date":"2019-10-08T13:58:47","date_gmt":"2019-10-08T16:58:47","guid":{"rendered":"https:\/\/www.jornaldaconstrucaocivil.com.br\/?p=12711"},"modified":"2019-10-08T13:58:47","modified_gmt":"2019-10-08T16:58:47","slug":"eliane-tec-promove-talk-sobre-solucoes-inteligentes-para-grandes-construcoes","status":"publish","type":"post","link":"https:\/\/construcaocivil.siriusmarketingedesign.com.br\/?p=12711","title":{"rendered":"Eliane Tec promove talk sobre solu\u00e7\u00f5es inteligentes para grandes constru\u00e7\u00f5es"},"content":{"rendered":"<p style=\"text-align: justify;\"><span style=\"color: #993300;\">Outubro, 2019<\/span> &#8211; Sempre atenta \u00e0s inova\u00e7\u00f5es referentes ao mercado da constru\u00e7\u00e3o civil, a <span style=\"color: #0000ff;\"><a style=\"color: #0000ff;\" href=\"http:\/\/elianetec.com\/sobre\" target=\"_blank\" rel=\"noopener noreferrer\">Eliane Tec<\/a><\/span>, submarca da\u00a0<span style=\"color: #0000ff;\"><a style=\"color: #0000ff;\" href=\"http:\/\/www.eliane.com\/\" target=\"_blank\" rel=\"noopener noreferrer\">Eliane<\/a><\/span>\u00a0Revestimentos, especializada em solu\u00e7\u00f5es construtivas completas, integradas e competitivas para o segmento, promove Talk Tec em Florian\u00f3polis, dia 9 de outubro, \u00e0s 19h, na Associa\u00e7\u00e3o Catarinense de Tecnologia (Acate). O evento \u00e9 gratuito, basta se inscrever atrav\u00e9s do site<span style=\"color: #0000ff;\">\u00a0<a style=\"color: #0000ff;\" href=\"http:\/\/ww1.eliane.com\/talktec\/\" target=\"_blank\" rel=\"noopener noreferrer\">eliane.com\/talktec<\/a>.<\/span> As vagas s\u00e3o limitadas.<\/p>\n<p style=\"text-align: justify;\">Voltado para engenheiros e arquitetos, o encontro ter\u00e1 como tema &#8220;Mercado, conceitos e solu\u00e7\u00f5es tecnol\u00f3gicas em revestimentos para constru\u00e7\u00f5es sustent\u00e1veis de alta performance&#8221;, e ser\u00e1 conduzido por Karina Campos, mestre em Engenharia Civil pela UFSC (Universidade Federal de Santa Catarina), gerente da Eliane TEC. Karina falar\u00e1 sobre solu\u00e7\u00f5es construtivas, como a tecnologia Cleantec e as Fachadas Ventiladas, utilizadas em projetos como a revitaliza\u00e7\u00e3o do Floripa Shopping, entre outras solu\u00e7\u00f5es.<\/p>\n<figure id=\"attachment_12713\" aria-describedby=\"caption-attachment-12713\" style=\"width: 300px\" class=\"wp-caption alignleft\"><img loading=\"lazy\" decoding=\"async\" class=\"size-medium wp-image-12713\" src=\"https:\/\/www.jornaldaconstrucaocivil.com.br\/wp-content\/uploads\/2019\/10\/AB-Talk_Tec_Porto_Alegre_Fotos_Glauco_Arnt_23-300x200.jpg\" alt=\"\" width=\"300\" height=\"200\" srcset=\"https:\/\/construcaocivil.siriusmarketingedesign.com.br\/wp-content\/uploads\/2019\/10\/AB-Talk_Tec_Porto_Alegre_Fotos_Glauco_Arnt_23-300x200.jpg 300w, https:\/\/construcaocivil.siriusmarketingedesign.com.br\/wp-content\/uploads\/2019\/10\/AB-Talk_Tec_Porto_Alegre_Fotos_Glauco_Arnt_23-768x512.jpg 768w, https:\/\/construcaocivil.siriusmarketingedesign.com.br\/wp-content\/uploads\/2019\/10\/AB-Talk_Tec_Porto_Alegre_Fotos_Glauco_Arnt_23.jpg 1024w, https:\/\/construcaocivil.siriusmarketingedesign.com.br\/wp-content\/uploads\/2019\/10\/AB-Talk_Tec_Porto_Alegre_Fotos_Glauco_Arnt_23-450x300.jpg 450w\" sizes=\"auto, (max-width: 300px) 100vw, 300px\" \/><figcaption id=\"caption-attachment-12713\" class=\"wp-caption-text\">Karina Campos. Foto: Glauco Arnt<\/figcaption><\/figure>\n<p style=\"text-align: justify;\">A tecnologia da Fachada Ventilada proporciona, entre outros benef\u00edcios, efici\u00eancia energ\u00e9tica, conforto t\u00e9rmico nos ambientes internos e maior facilidade na manuten\u00e7\u00e3o e limpeza de \u00e1reas externas. A solu\u00e7\u00e3o construtiva empregada no shopping utiliza sistema\u00a0<em>retrofit<\/em>, o que permitiu a moderniza\u00e7\u00e3o da fachada do estabelecimento, indo al\u00e9m de uma simples reforma, mantendo os conceitos arquitet\u00f4nicos iniciais do projeto, mas adequando-o \u00e0s novas necessidades dos visitantes, al\u00e9m de possibilitar a implanta\u00e7\u00e3o de novas solu\u00e7\u00f5es que facilitam a manuten\u00e7\u00e3o.<\/p>\n<p style=\"text-align: justify;\">Por se tratar de uma obra de grande circula\u00e7\u00e3o, que ficar\u00e1 aberta durante a revitaliza\u00e7\u00e3o, o servi\u00e7o da Eliane permite que o projeto seja feito em etapas, reduzindo drasticamente o tempo de execu\u00e7\u00e3o. A tecnologia tamb\u00e9m proporciona um isolamento t\u00e9rmico e uma baixa dispers\u00e3o de ar quente em per\u00edodos frios e baixa absor\u00e7\u00e3o de calor no ver\u00e3o, mantendo a temperatura dos espa\u00e7os interiores sempre amena.<\/p>\n<p style=\"text-align: justify;\">&#8220;Al\u00e9m de tecnol\u00f3gicas, as solu\u00e7\u00f5es <strong><span style=\"color: #0000ff;\">Eliane Tec<\/span><\/strong> t\u00eam um car\u00e1cter sustent\u00e1vel, atendendo \u00e0s exig\u00eancias est\u00e9ticas e funcionais da obra, de acordo com o desejo de engenheiros e arquitetos&#8221;, afirma Karina.<\/p>\n<p>Fonte: Imprensa\/Eliane Revestimentos<\/p>\n","protected":false},"excerpt":{"rendered":"<p>Outubro, 2019 &#8211; Sempre atenta \u00e0s inova\u00e7\u00f5es referentes ao mercado da constru\u00e7\u00e3o civil, a Eliane Tec, submarca da\u00a0Eliane\u00a0Revestimentos, especializada em solu\u00e7\u00f5es construtivas completas, integradas e competitivas para o segmento, promove Talk Tec em Florian\u00f3polis, dia 9 de outubro, \u00e0s 19h, na Associa\u00e7\u00e3o Catarinense de Tecnologia (Acate). O evento \u00e9 gratuito, basta se inscrever atrav\u00e9s do [&hellip;]<\/p>\n","protected":false},"author":1,"featured_media":12712,"comment_status":"open","ping_status":"open","sticky":false,"template":"","format":"standard","meta":{"_uag_custom_page_level_css":"","footnotes":""},"categories":[27],"tags":[1933,2917,17771,17773,17772,17774,8951,9133,10375,16614],"class_list":["post-12711","post","type-post","status-publish","format-standard","has-post-thumbnail","hentry","category-acontece","tag-casa-e-decoracao","tag-construcoes-sustentaveis","tag-eliane-tec-acontece-pelo-brasil","tag-engenheiros-e-arquitetos","tag-lojistas-e-show-room","tag-pisos-decorados","tag-pisos-e-revestimentos","tag-porto-alegre","tag-rio-de-janeiro","tag-varejo-da-construcao"],"blocksy_meta":[],"spectra_blocks_featured_image_url":{"thumbnail":{"url":"https:\/\/construcaocivil.siriusmarketingedesign.com.br\/wp-content\/uploads\/2019\/10\/Talk_Tec_Porto_Alegre_Fotos_Glauco_Arnt_26-150x150.jpg","width":150,"height":150},"medium":{"url":"https:\/\/construcaocivil.siriusmarketingedesign.com.br\/wp-content\/uploads\/2019\/10\/Talk_Tec_Porto_Alegre_Fotos_Glauco_Arnt_26-300x200.jpg","width":300,"height":200},"medium_large":{"url":"https:\/\/construcaocivil.siriusmarketingedesign.com.br\/wp-content\/uploads\/2019\/10\/Talk_Tec_Porto_Alegre_Fotos_Glauco_Arnt_26-768x512.jpg","width":768,"height":512},"large":{"url":"https:\/\/construcaocivil.siriusmarketingedesign.com.br\/wp-content\/uploads\/2019\/10\/Talk_Tec_Porto_Alegre_Fotos_Glauco_Arnt_26-1024x683.jpg","width":1024,"height":683},"full":{"url":"https:\/\/construcaocivil.siriusmarketingedesign.com.br\/wp-content\/uploads\/2019\/10\/Talk_Tec_Porto_Alegre_Fotos_Glauco_Arnt_26.jpg","width":1024,"height":683}},"spectra_blocks_author_info":{"display_name":"Jornal da Constru\u00e7\u00e3o Civil","avatar_url":"https:\/\/secure.gravatar.com\/avatar\/973c9774fd44ddaceb026973c4962faa70fc512bc4c9da68e8ebb40fecee6540?s=96&d=mm&r=g","author_link":"https:\/\/construcaocivil.siriusmarketingedesign.com.br\/?author=1","description":"Desde de 2013, levando muitas informa\u00e7\u00f5es, lan\u00e7amentos e produtos de qualidade para toda cadeia produtiva da constru\u00e7\u00e3o. O Futuro da constru\u00e7\u00e3o passa por aqui,"},"uagb_featured_image_src":{"full":["https:\/\/construcaocivil.siriusmarketingedesign.com.br\/wp-content\/uploads\/2019\/10\/Talk_Tec_Porto_Alegre_Fotos_Glauco_Arnt_26.jpg",1024,683,false],"thumbnail":["https:\/\/construcaocivil.siriusmarketingedesign.com.br\/wp-content\/uploads\/2019\/10\/Talk_Tec_Porto_Alegre_Fotos_Glauco_Arnt_26-150x150.jpg",150,150,true],"medium":["https:\/\/construcaocivil.siriusmarketingedesign.com.br\/wp-content\/uploads\/2019\/10\/Talk_Tec_Porto_Alegre_Fotos_Glauco_Arnt_26-300x200.jpg",300,200,true],"medium_large":["https:\/\/construcaocivil.siriusmarketingedesign.com.br\/wp-content\/uploads\/2019\/10\/Talk_Tec_Porto_Alegre_Fotos_Glauco_Arnt_26-768x512.jpg",768,512,true],"large":["https:\/\/construcaocivil.siriusmarketingedesign.com.br\/wp-content\/uploads\/2019\/10\/Talk_Tec_Porto_Alegre_Fotos_Glauco_Arnt_26-1024x683.jpg",1024,683,true],"1536x1536":["https:\/\/construcaocivil.siriusmarketingedesign.com.br\/wp-content\/uploads\/2019\/10\/Talk_Tec_Porto_Alegre_Fotos_Glauco_Arnt_26.jpg",1024,683,false],"2048x2048":["https:\/\/construcaocivil.siriusmarketingedesign.com.br\/wp-content\/uploads\/2019\/10\/Talk_Tec_Porto_Alegre_Fotos_Glauco_Arnt_26.jpg",1024,683,false]},"uagb_author_info":{"display_name":"Jornal da Constru\u00e7\u00e3o Civil","author_link":"https:\/\/construcaocivil.siriusmarketingedesign.com.br\/?author=1"},"uagb_comment_info":0,"uagb_excerpt":"Outubro, 2019 &#8211; Sempre atenta \u00e0s inova\u00e7\u00f5es referentes ao mercado da constru\u00e7\u00e3o civil, a Eliane Tec, submarca da\u00a0Eliane\u00a0Revestimentos, especializada em solu\u00e7\u00f5es construtivas completas, integradas e competitivas para o segmento, promove Talk Tec em Florian\u00f3polis, dia 9 de outubro, \u00e0s 19h, na Associa\u00e7\u00e3o Catarinense de Tecnologia (Acate). O evento \u00e9 gratuito, basta se inscrever atrav\u00e9s do&hellip;","_links":{"self":[{"href":"https:\/\/construcaocivil.siriusmarketingedesign.com.br\/index.php?rest_route=\/wp\/v2\/posts\/12711","targetHints":{"allow":["GET"]}}],"collection":[{"href":"https:\/\/construcaocivil.siriusmarketingedesign.com.br\/index.php?rest_route=\/wp\/v2\/posts"}],"about":[{"href":"https:\/\/construcaocivil.siriusmarketingedesign.com.br\/index.php?rest_route=\/wp\/v2\/types\/post"}],"author":[{"embeddable":true,"href":"https:\/\/construcaocivil.siriusmarketingedesign.com.br\/index.php?rest_route=\/wp\/v2\/users\/1"}],"replies":[{"embeddable":true,"href":"https:\/\/construcaocivil.siriusmarketingedesign.com.br\/index.php?rest_route=%2Fwp%2Fv2%2Fcomments&post=12711"}],"version-history":[{"count":0,"href":"https:\/\/construcaocivil.siriusmarketingedesign.com.br\/index.php?rest_route=\/wp\/v2\/posts\/12711\/revisions"}],"wp:featuredmedia":[{"embeddable":true,"href":"https:\/\/construcaocivil.siriusmarketingedesign.com.br\/index.php?rest_route=\/wp\/v2\/media\/12712"}],"wp:attachment":[{"href":"https:\/\/construcaocivil.siriusmarketingedesign.com.br\/index.php?rest_route=%2Fwp%2Fv2%2Fmedia&parent=12711"}],"wp:term":[{"taxonomy":"category","embeddable":true,"href":"https:\/\/construcaocivil.siriusmarketingedesign.com.br\/index.php?rest_route=%2Fwp%2Fv2%2Fcategories&post=12711"},{"taxonomy":"post_tag","embeddable":true,"href":"https:\/\/construcaocivil.siriusmarketingedesign.com.br\/index.php?rest_route=%2Fwp%2Fv2%2Ftags&post=12711"}],"curies":[{"name":"wp","href":"https:\/\/api.w.org\/{rel}","templated":true}]}}