{"id":12726,"date":"2019-10-14T15:22:30","date_gmt":"2019-10-14T18:22:30","guid":{"rendered":"https:\/\/www.jornaldaconstrucaocivil.com.br\/?p=12726"},"modified":"2019-10-14T15:22:30","modified_gmt":"2019-10-14T18:22:30","slug":"sula-miranda-realiza-tarde-de-musica-na-mostra-de-decoracao-morar-mais-por-menos","status":"publish","type":"post","link":"https:\/\/construcaocivil.siriusmarketingedesign.com.br\/?p=12726","title":{"rendered":"Sula Miranda realiza &#8220;Tarde de M\u00fasica&#8221; na mostra de decora\u00e7\u00e3o Morar Mais por Menos"},"content":{"rendered":"<p style=\"text-align: justify;\"><span style=\"color: #993300;\">Outubro, 2019<\/span> &#8211; No \u00faltimo s\u00e1bado (12 de outubro), a cantora Sula Miranda recebeu convidados para uma tarde de m\u00fasica na <strong>Morar Mais por Menos<\/strong>, mostra de arquitetura e decora\u00e7\u00e3o que acontece no bairro de Pinheiros, em S\u00e3o Paulo.<\/p>\n<p style=\"text-align: justify;\">O motivo foi pr\u00e1 l\u00e1 de especial. Sula, que tamb\u00e9m atua como\u00a0<strong>decoradora<\/strong>, traz a assinatura de seu trabalho no ambiente &#8220;<strong>Sala de Jantar<\/strong>&#8220;, que realizou em parceria com as\u00a0<strong>arquitetas\u00a0Isabella\u00a0Nalon\u00a0e\u00a0Juliana Atti<\/strong>. Al\u00e9m da cria\u00e7\u00e3o do espa\u00e7o, Sula &#8211; a eterna Rainha dos Caminhoneiros foi a homenageada neste projeto, que recebeu itens relacionados \u00e0 sua trajet\u00f3ria.<\/p>\n<p style=\"text-align: justify;\">Para receber os convidados, Sula Miranda cantou hits do universo sertanejo ao lado da dupla Roberty e Ruan.\u00a0<em>&#8220;Estou muito feliz com a oportunidade de mostrar o trabalho que estou realizando no universo da decora\u00e7\u00e3o. Essa tarde foi deliciosa, j\u00e1 que pude unir minhas duas paix\u00f5es&#8221;<\/em>, revela Sula.<\/p>\n<p style=\"text-align: justify;\">Parceiras de Sula na mostra, Isabella e Juliana estiveram com a cantora para recepcionar os presentes na tarde quente de s\u00e1bado e feriado no Brasil.<\/p>\n<p><strong>Servi\u00e7o:<\/strong><\/p>\n<p><strong>MORAR MAIS POR MENOS<\/strong><br \/>\nDe 03 de outubro a 17 de novembro de 2019<br \/>\nTer\u00e7a a domingo, das 12h \u00e0s 21h<br \/>\nEndere\u00e7o: Av. Pedroso de Moraes, 2188 \u2013 Alto de Pinheiros<br \/>\nS\u00e3o Paulo \u2013 SP<\/p>\n<p>Fonte: Imprensa\/ Morar Mais Por Menos<\/p>\n","protected":false},"excerpt":{"rendered":"<p>Outubro, 2019 &#8211; No \u00faltimo s\u00e1bado (12 de outubro), a cantora Sula Miranda recebeu convidados para uma tarde de m\u00fasica na Morar Mais por Menos, mostra de arquitetura e decora\u00e7\u00e3o que acontece no bairro de Pinheiros, em S\u00e3o Paulo. O motivo foi pr\u00e1 l\u00e1 de especial. Sula, que tamb\u00e9m atua como\u00a0decoradora, traz a assinatura de [&hellip;]<\/p>\n","protected":false},"author":1,"featured_media":12727,"comment_status":"open","ping_status":"open","sticky":false,"template":"","format":"standard","meta":{"_uag_custom_page_level_css":"","footnotes":""},"categories":[28],"tags":[1338,17799,1933,17798,17800,17801,15401,10330],"class_list":["post-12726","post","type-post","status-publish","format-standard","has-post-thumbnail","hentry","category-arquitetura","tag-belo-horizonte","tag-casa-ambientes-decorados-por-precos-adequados","tag-casa-e-decoracao","tag-morar-mais-por-menos","tag-mostra-morar-mais-por-menos-rio-de-janeiro","tag-moveis-sala-de-jantar","tag-pinheiros-sp","tag-revestimentos-e-acabamentos"],"blocksy_meta":[],"spectra_blocks_featured_image_url":{"thumbnail":{"url":"https:\/\/construcaocivil.siriusmarketingedesign.com.br\/wp-content\/uploads\/2019\/10\/SULA-150x150.jpg","width":150,"height":150},"medium":{"url":"https:\/\/construcaocivil.siriusmarketingedesign.com.br\/wp-content\/uploads\/2019\/10\/SULA-300x200.jpg","width":300,"height":200},"medium_large":{"url":"https:\/\/construcaocivil.siriusmarketingedesign.com.br\/wp-content\/uploads\/2019\/10\/SULA-768x512.jpg","width":768,"height":512},"large":{"url":"https:\/\/construcaocivil.siriusmarketingedesign.com.br\/wp-content\/uploads\/2019\/10\/SULA-1024x682.jpg","width":1024,"height":682},"full":{"url":"https:\/\/construcaocivil.siriusmarketingedesign.com.br\/wp-content\/uploads\/2019\/10\/SULA.jpg","width":1280,"height":853}},"spectra_blocks_author_info":{"display_name":"Jornal da Constru\u00e7\u00e3o Civil","avatar_url":"https:\/\/secure.gravatar.com\/avatar\/973c9774fd44ddaceb026973c4962faa70fc512bc4c9da68e8ebb40fecee6540?s=96&d=mm&r=g","author_link":"https:\/\/construcaocivil.siriusmarketingedesign.com.br\/?author=1","description":"Desde de 2013, levando muitas informa\u00e7\u00f5es, lan\u00e7amentos e produtos de qualidade para toda cadeia produtiva da constru\u00e7\u00e3o. O Futuro da constru\u00e7\u00e3o passa por aqui,"},"uagb_featured_image_src":{"full":["https:\/\/construcaocivil.siriusmarketingedesign.com.br\/wp-content\/uploads\/2019\/10\/SULA.jpg",1280,853,false],"thumbnail":["https:\/\/construcaocivil.siriusmarketingedesign.com.br\/wp-content\/uploads\/2019\/10\/SULA-150x150.jpg",150,150,true],"medium":["https:\/\/construcaocivil.siriusmarketingedesign.com.br\/wp-content\/uploads\/2019\/10\/SULA-300x200.jpg",300,200,true],"medium_large":["https:\/\/construcaocivil.siriusmarketingedesign.com.br\/wp-content\/uploads\/2019\/10\/SULA-768x512.jpg",768,512,true],"large":["https:\/\/construcaocivil.siriusmarketingedesign.com.br\/wp-content\/uploads\/2019\/10\/SULA-1024x682.jpg",1024,682,true],"1536x1536":["https:\/\/construcaocivil.siriusmarketingedesign.com.br\/wp-content\/uploads\/2019\/10\/SULA.jpg",1280,853,false],"2048x2048":["https:\/\/construcaocivil.siriusmarketingedesign.com.br\/wp-content\/uploads\/2019\/10\/SULA.jpg",1280,853,false]},"uagb_author_info":{"display_name":"Jornal da Constru\u00e7\u00e3o Civil","author_link":"https:\/\/construcaocivil.siriusmarketingedesign.com.br\/?author=1"},"uagb_comment_info":0,"uagb_excerpt":"Outubro, 2019 &#8211; No \u00faltimo s\u00e1bado (12 de outubro), a cantora Sula Miranda recebeu convidados para uma tarde de m\u00fasica na Morar Mais por Menos, mostra de arquitetura e decora\u00e7\u00e3o que acontece no bairro de Pinheiros, em S\u00e3o Paulo. O motivo foi pr\u00e1 l\u00e1 de especial. Sula, que tamb\u00e9m atua como\u00a0decoradora, traz a assinatura de&hellip;","_links":{"self":[{"href":"https:\/\/construcaocivil.siriusmarketingedesign.com.br\/index.php?rest_route=\/wp\/v2\/posts\/12726","targetHints":{"allow":["GET"]}}],"collection":[{"href":"https:\/\/construcaocivil.siriusmarketingedesign.com.br\/index.php?rest_route=\/wp\/v2\/posts"}],"about":[{"href":"https:\/\/construcaocivil.siriusmarketingedesign.com.br\/index.php?rest_route=\/wp\/v2\/types\/post"}],"author":[{"embeddable":true,"href":"https:\/\/construcaocivil.siriusmarketingedesign.com.br\/index.php?rest_route=\/wp\/v2\/users\/1"}],"replies":[{"embeddable":true,"href":"https:\/\/construcaocivil.siriusmarketingedesign.com.br\/index.php?rest_route=%2Fwp%2Fv2%2Fcomments&post=12726"}],"version-history":[{"count":0,"href":"https:\/\/construcaocivil.siriusmarketingedesign.com.br\/index.php?rest_route=\/wp\/v2\/posts\/12726\/revisions"}],"wp:featuredmedia":[{"embeddable":true,"href":"https:\/\/construcaocivil.siriusmarketingedesign.com.br\/index.php?rest_route=\/wp\/v2\/media\/12727"}],"wp:attachment":[{"href":"https:\/\/construcaocivil.siriusmarketingedesign.com.br\/index.php?rest_route=%2Fwp%2Fv2%2Fmedia&parent=12726"}],"wp:term":[{"taxonomy":"category","embeddable":true,"href":"https:\/\/construcaocivil.siriusmarketingedesign.com.br\/index.php?rest_route=%2Fwp%2Fv2%2Fcategories&post=12726"},{"taxonomy":"post_tag","embeddable":true,"href":"https:\/\/construcaocivil.siriusmarketingedesign.com.br\/index.php?rest_route=%2Fwp%2Fv2%2Ftags&post=12726"}],"curies":[{"name":"wp","href":"https:\/\/api.w.org\/{rel}","templated":true}]}}