{"id":12771,"date":"2019-10-19T11:40:35","date_gmt":"2019-10-19T14:40:35","guid":{"rendered":"https:\/\/www.jornaldaconstrucaocivil.com.br\/?p=12771"},"modified":"2019-10-19T11:40:35","modified_gmt":"2019-10-19T14:40:35","slug":"saneamento-vira-um-simples-calculo-de-ativos-sem-conexao-a-politicas-publicas","status":"publish","type":"post","link":"https:\/\/construcaocivil.siriusmarketingedesign.com.br\/?p=12771","title":{"rendered":"Saneamento vira um simples c\u00e1lculo de ativos, sem conex\u00e3o a pol\u00edticas p\u00fablicas"},"content":{"rendered":"<p style=\"text-align: justify;\"><span style=\"color: #993300;\">Outubro, 2019<\/span> &#8211; O saneamento deve ser uma pol\u00edtica de Estado para garantir a continuidade do desenvolvimento em prol da sa\u00fade e da qualidade de vida da popula\u00e7\u00e3o. Mas nos \u00faltimos meses tem se tornado uma pauta econ\u00f4mica, atraindo a aten\u00e7\u00e3o dos especialistas e \u00f3rg\u00e3os desse setor. Isso porque as empresas estaduais de saneamento est\u00e3o sendo vistas como uma sa\u00edda para cobrir o rombo dos cofres p\u00fablicos, independentemente se o modelo a ser adotado conseguir\u00e1 garantir a universaliza\u00e7\u00e3o dos servi\u00e7os.<\/p>\n<p style=\"text-align: justify;\">O Minist\u00e9rio da Economia, na tentativa de estimular governadores a vender as companhias estaduais de saneamento, fez um estudo sobre o potencial de ganho aos cofres p\u00fablicos com as privatiza\u00e7\u00f5es. Com venda de 100% do capital, essas empresas podem atingir um valor pr\u00f3ximo a R$ 140 bilh\u00f5es, diz o levantamento, como informou a imprensa.<\/p>\n<p style=\"text-align: justify;\">Coincidentemente, esta vis\u00e3o emerge em um momento de discuss\u00e3o sobre a revis\u00e3o do Marco Legal do Saneamento, em an\u00e1lise no Congresso Nacional.<\/p>\n<p style=\"text-align: justify;\">Em seu estudo, o governo insiste em classificar as empresas estatais como ineficientes. Enquanto se contam os cifr\u00f5es, \u00e9 necess\u00e1rio esclarecer que isto n\u00e3o \u00e9 verdade, como demonstra o Ranking ABES da Universaliza\u00e7\u00e3o do Saneamento (<span style=\"color: #0000ff;\"><a style=\"color: #0000ff;\" href=\"http:\/\/abes-dn.org.br\/pdf\/Ranking_2019.pdf\" target=\"_blank\" rel=\"noopener noreferrer\" data-saferedirecturl=\"https:\/\/www.google.com\/url?q=http:\/\/abes-dn.org.br\/pdf\/Ranking_2019.pdf&amp;source=gmail&amp;ust=1571581504440000&amp;usg=AFQjCNFnGjx8P7ik-VwFyc_MA0wttK4bhQ\">http:\/\/abes-dn.org.br\/pdf\/Ran<wbr \/>king_2019.pdf<\/a>)<\/span>.<\/p>\n<p style=\"text-align: justify;\">A edi\u00e7\u00e3o 2019 do Ranking ABES da Universaliza\u00e7\u00e3o do Saneamento abrange 100% do territ\u00f3rio nacional, contemplando todos os munic\u00edpios brasileiros que forneceram ao SNIS \u2013 Sistema Nacional de Informa\u00e7\u00f5es de Saneamento as informa\u00e7\u00f5es para o c\u00e1lculo de cada um dos cinco indicadores. S\u00e3o 1868 munic\u00edpios e todas as 27 capitais no levantamento que relaciona o saneamento \u00e0 sa\u00fade, fazendo\u00a0uma correla\u00e7\u00e3o entre a pontua\u00e7\u00e3o total alcan\u00e7ada pelos munic\u00edpios e a taxa de interna\u00e7\u00e3o por doen\u00e7as relacionadas ao saneamento ambiental inadequado.<\/p>\n<p style=\"text-align: justify;\">Na classifica\u00e7\u00e3o das capitais, o Ranking mostra exemplos de servi\u00e7os eficientes em ambos os modelos entre as 10 primeiras colocadas: Curitiba, Belo Horizonte, Goi\u00e2nia, S\u00e3o Paulo, Salvador, Vit\u00f3ria e Jo\u00e3o Pessoa (empresas p\u00fablicas estaduais), Palmas (empresa privada), Porto Alegre (servi\u00e7o municipal) e Campo Grande (empresa privada).<\/p>\n<p style=\"text-align: justify;\">O mesmo ocorre entre as 10 \u00faltimas:\u00a0 Macei\u00f3, (empresa estadual), Manaus (empresa privada), Boa Vista, S\u00e3o Lu\u00eds, Rio Branco (empresas p\u00fablicas), Cuiab\u00e1 (empresa privada), Bel\u00e9m, Macap\u00e1, Teresina e Porto Velho (empresas p\u00fablicas). Ou seja: a premissa \u00e9 a efici\u00eancia, n\u00e3o importando se a empresa \u00e9 p\u00fablica ou privada.<\/p>\n<p style=\"text-align: justify;\">Esta vis\u00e3o j\u00e1 foi superada, por exemplo, em muitos pa\u00edses da Europa, onde os servi\u00e7os est\u00e3o retornando para as m\u00e3os do poder p\u00fablico. De 2000 a 2017, de acordo com um mapeamento feito por onze organiza\u00e7\u00f5es majoritariamente europeias, foram registrados 267 casos de<span style=\"color: #0000ff;\"> &#8220;remunicipaliza\u00e7\u00e3o&#8221;,<\/span> ou <span style=\"color: #0000ff;\">reestatiza\u00e7\u00e3o<\/span>, de sistemas de \u00e1gua e esgoto. Desses 267 casos de retomada da gest\u00e3o p\u00fablica da \u00e1gua, 106 deles est\u00e3o na Fran\u00e7a, pa\u00eds que foi pioneiro nas privatiza\u00e7\u00f5es no setor. O site do Instituto possui um \u201cmapa da remunicipaliza\u00e7\u00e3o\u201d, em parceria com o Observat\u00f3rio Corporativo Europeu (<span style=\"text-decoration: underline;\"><span style=\"color: #0000ff; text-decoration: underline;\"><a style=\"color: #0000ff; text-decoration: underline;\" href=\"http:\/\/remunicipalisation.org\/front\/page\/home\" target=\"_blank\" rel=\"noopener noreferrer\" data-saferedirecturl=\"https:\/\/www.google.com\/url?q=http:\/\/remunicipalisation.org\/front\/page\/home&amp;source=gmail&amp;ust=1571581504440000&amp;usg=AFQjCNH5jjq9OKyB5BenoWcyjoOx5LCCOw\">http:\/\/remunicipalisation.org<wbr \/>\/front\/page\/home<\/a><\/span><\/span>).<\/p>\n<p style=\"text-align: justify;\">A pesquisa do Instituto Transnacional (sediado na Holanda) observou que as cidades estavam voltando atr\u00e1s porque constataram que, no caso europeu, as privatiza\u00e7\u00f5es ou parcerias p\u00fablico-privadas (PPPs) haviam acarretado tarifas muito altas, n\u00e3o cumprindo promessas feitas inicialmente e operavam com falta de transpar\u00eancia, entre uma s\u00e9rie de problemas vistos caso a caso. Mais uma vez: efici\u00eancia n\u00e3o \u00e9 prerrogativa de setor p\u00fablico ou privado.<\/p>\n<p style=\"text-align: justify;\"><strong>A Associa\u00e7\u00e3o Brasileira de Engenharia Sanit\u00e1ria e Ambiental &#8211; ABES<\/strong>\u00a0defende que as empresas p\u00fablicas de saneamento n\u00e3o podem ser vistas como moeda de troca e n\u00e3o devem ser usadas para cobrir os rombos dos cofres p\u00fablicos. E que o saneamento s\u00f3 avan\u00e7ar\u00e1 com a uni\u00e3o entre o p\u00fablico e o privado.<\/p>\n<p style=\"text-align: justify;\"><span style=\"color: #0000ff;\">Entidades do setor de saneamento v\u00eam discutindo e alertando sobre esta polariza\u00e7\u00e3o h\u00e1 quase dois anos e a ABES continua insistindo nesta quest\u00e3o.<\/span><\/p>\n<p style=\"text-align: justify;\"><span style=\"color: #0000ff;\">Reverter o processo a que hoje se aspira poder\u00e1 sair muito caro ao poder p\u00fablico e \u00e0 popula\u00e7\u00e3o, que estar\u00e1 longe de ver a universaliza\u00e7\u00e3o e continuar\u00e1 pagando com sua sa\u00fade.<\/span><\/p>\n<p>Acesse o site:<span style=\"text-decoration: underline;\"><span style=\"color: #0000ff;\"> <a style=\"color: #0000ff; text-decoration: underline;\" href=\"http:\/\/www.abes-dn.org.br\/\" target=\"_blank\" rel=\"noopener noreferrer\" data-saferedirecturl=\"https:\/\/www.google.com\/url?q=http:\/\/www.abes-dn.org.br\/&amp;source=gmail&amp;ust=1571581504440000&amp;usg=AFQjCNEyUSpJ9u7P7a0HzIHhpYHAZsZS1g\">www.abes-dn.org.br<\/a><\/span><\/span><\/p>\n<p>Fonte: Imprensa\/ABES<\/p>\n","protected":false},"excerpt":{"rendered":"<p>Outubro, 2019 &#8211; O saneamento deve ser uma pol\u00edtica de Estado para garantir a continuidade do desenvolvimento em prol da sa\u00fade e da qualidade de vida da popula\u00e7\u00e3o. Mas nos \u00faltimos meses tem se tornado uma pauta econ\u00f4mica, atraindo a aten\u00e7\u00e3o dos especialistas e \u00f3rg\u00e3os desse setor. Isso porque as empresas estaduais de saneamento est\u00e3o [&hellip;]<\/p>\n","protected":false},"author":1,"featured_media":12772,"comment_status":"open","ping_status":"open","sticky":false,"template":"","format":"standard","meta":{"_uag_custom_page_level_css":"","footnotes":""},"categories":[37],"tags":[1003,17844,16700,17849,17792,17848,17846,17847,10679,17845],"class_list":["post-12771","post","type-post","status-publish","format-standard","has-post-thumbnail","hentry","category-sustentabilidade","tag-associacao-brasileira-de-engenharia-sanitaria-e-ambiental-abes","tag-brasil-longe-da-universalizacao-do-saneamento-basico","tag-camara-dos-deputados-federais","tag-franca-volta-a-controlar-setor-de-saneamento","tag-marco-legal-do-saneamento","tag-ministerio-da-economia-erra-de-novo","tag-saneamento-basico-sem-zika","tag-saneamento-politica-de-estado","tag-sao-paulo-sp","tag-saude-agua-limpa"],"blocksy_meta":[],"spectra_blocks_featured_image_url":{"thumbnail":{"url":"https:\/\/construcaocivil.siriusmarketingedesign.com.br\/wp-content\/uploads\/2019\/10\/ABES-150x150.png","width":150,"height":150},"medium":{"url":"https:\/\/construcaocivil.siriusmarketingedesign.com.br\/wp-content\/uploads\/2019\/10\/ABES-300x115.png","width":300,"height":115},"medium_large":{"url":"https:\/\/construcaocivil.siriusmarketingedesign.com.br\/wp-content\/uploads\/2019\/10\/ABES-768x295.png","width":768,"height":295},"large":{"url":"https:\/\/construcaocivil.siriusmarketingedesign.com.br\/wp-content\/uploads\/2019\/10\/ABES-1024x394.png","width":1024,"height":394},"full":{"url":"https:\/\/construcaocivil.siriusmarketingedesign.com.br\/wp-content\/uploads\/2019\/10\/ABES.png","width":1300,"height":500}},"spectra_blocks_author_info":{"display_name":"Jornal da Constru\u00e7\u00e3o Civil","avatar_url":"https:\/\/secure.gravatar.com\/avatar\/973c9774fd44ddaceb026973c4962faa70fc512bc4c9da68e8ebb40fecee6540?s=96&d=mm&r=g","author_link":"https:\/\/construcaocivil.siriusmarketingedesign.com.br\/?author=1","description":"Desde de 2013, levando muitas informa\u00e7\u00f5es, lan\u00e7amentos e produtos de qualidade para toda cadeia produtiva da constru\u00e7\u00e3o. O Futuro da constru\u00e7\u00e3o passa por aqui,"},"uagb_featured_image_src":{"full":["https:\/\/construcaocivil.siriusmarketingedesign.com.br\/wp-content\/uploads\/2019\/10\/ABES.png",1300,500,false],"thumbnail":["https:\/\/construcaocivil.siriusmarketingedesign.com.br\/wp-content\/uploads\/2019\/10\/ABES-150x150.png",150,150,true],"medium":["https:\/\/construcaocivil.siriusmarketingedesign.com.br\/wp-content\/uploads\/2019\/10\/ABES-300x115.png",300,115,true],"medium_large":["https:\/\/construcaocivil.siriusmarketingedesign.com.br\/wp-content\/uploads\/2019\/10\/ABES-768x295.png",768,295,true],"large":["https:\/\/construcaocivil.siriusmarketingedesign.com.br\/wp-content\/uploads\/2019\/10\/ABES-1024x394.png",1024,394,true],"1536x1536":["https:\/\/construcaocivil.siriusmarketingedesign.com.br\/wp-content\/uploads\/2019\/10\/ABES.png",1300,500,false],"2048x2048":["https:\/\/construcaocivil.siriusmarketingedesign.com.br\/wp-content\/uploads\/2019\/10\/ABES.png",1300,500,false]},"uagb_author_info":{"display_name":"Jornal da Constru\u00e7\u00e3o Civil","author_link":"https:\/\/construcaocivil.siriusmarketingedesign.com.br\/?author=1"},"uagb_comment_info":0,"uagb_excerpt":"Outubro, 2019 &#8211; O saneamento deve ser uma pol\u00edtica de Estado para garantir a continuidade do desenvolvimento em prol da sa\u00fade e da qualidade de vida da popula\u00e7\u00e3o. Mas nos \u00faltimos meses tem se tornado uma pauta econ\u00f4mica, atraindo a aten\u00e7\u00e3o dos especialistas e \u00f3rg\u00e3os desse setor. Isso porque as empresas estaduais de saneamento est\u00e3o&hellip;","_links":{"self":[{"href":"https:\/\/construcaocivil.siriusmarketingedesign.com.br\/index.php?rest_route=\/wp\/v2\/posts\/12771","targetHints":{"allow":["GET"]}}],"collection":[{"href":"https:\/\/construcaocivil.siriusmarketingedesign.com.br\/index.php?rest_route=\/wp\/v2\/posts"}],"about":[{"href":"https:\/\/construcaocivil.siriusmarketingedesign.com.br\/index.php?rest_route=\/wp\/v2\/types\/post"}],"author":[{"embeddable":true,"href":"https:\/\/construcaocivil.siriusmarketingedesign.com.br\/index.php?rest_route=\/wp\/v2\/users\/1"}],"replies":[{"embeddable":true,"href":"https:\/\/construcaocivil.siriusmarketingedesign.com.br\/index.php?rest_route=%2Fwp%2Fv2%2Fcomments&post=12771"}],"version-history":[{"count":0,"href":"https:\/\/construcaocivil.siriusmarketingedesign.com.br\/index.php?rest_route=\/wp\/v2\/posts\/12771\/revisions"}],"wp:featuredmedia":[{"embeddable":true,"href":"https:\/\/construcaocivil.siriusmarketingedesign.com.br\/index.php?rest_route=\/wp\/v2\/media\/12772"}],"wp:attachment":[{"href":"https:\/\/construcaocivil.siriusmarketingedesign.com.br\/index.php?rest_route=%2Fwp%2Fv2%2Fmedia&parent=12771"}],"wp:term":[{"taxonomy":"category","embeddable":true,"href":"https:\/\/construcaocivil.siriusmarketingedesign.com.br\/index.php?rest_route=%2Fwp%2Fv2%2Fcategories&post=12771"},{"taxonomy":"post_tag","embeddable":true,"href":"https:\/\/construcaocivil.siriusmarketingedesign.com.br\/index.php?rest_route=%2Fwp%2Fv2%2Ftags&post=12771"}],"curies":[{"name":"wp","href":"https:\/\/api.w.org\/{rel}","templated":true}]}}