{"id":12778,"date":"2019-10-21T12:39:12","date_gmt":"2019-10-21T14:39:12","guid":{"rendered":"https:\/\/www.jornaldaconstrucaocivil.com.br\/?p=12778"},"modified":"2019-10-21T12:39:12","modified_gmt":"2019-10-21T14:39:12","slug":"desastre-ambiental-no-nordeste-governo-de-pernambuco-ja-retirou-71-toneladas-de-oleo-das-praias-do-litoral-sul","status":"publish","type":"post","link":"https:\/\/construcaocivil.siriusmarketingedesign.com.br\/?p=12778","title":{"rendered":"Desastre Ambiental no Nordeste: Governo de Pernambuco j\u00e1 retirou 71 toneladas de \u00f3leo das praias do litoral sul"},"content":{"rendered":"<p><em>Da Ag\u00eancia Not\u00edcias Pernambuco\u00a0<\/em><\/p>\n<p style=\"text-align: justify;\"><span style=\"color: #993300;\">Outubro, 2019<\/span> &#8211; O Governo de Pernambuco segue trabalhando para realizar as a\u00e7\u00f5es de conten\u00e7\u00e3o, limpeza e preven\u00e7\u00e3o das manchas de \u00f3leo nas praias do litoral sul do Estado. Ao todo, j\u00e1 foram coletadas 71 toneladas de \u00f3leo nas \u00e1reas atingidas, nos \u00faltimos tr\u00eas dias. A Sala de Situa\u00e7\u00e3o, criada pelo governador Paulo C\u00e2mara para tratar exclusivamente do tema, est\u00e1 comandando as a\u00e7\u00f5es junto \u00e0 Secretaria Estadual de Meio Ambiente e Sustentabilidade, Defesa Civil, Corpo de Bombeiros e CPRH.<\/p>\n<p style=\"text-align: justify;\">Al\u00e9m de S\u00e3o Jos\u00e9 da Coroa Grande, Tamandar\u00e9, Sirinha\u00e9m, Barreiros, Rio Formoso e Ipojuca, tamb\u00e9m foram localizadas, neste domingo, manchas de \u00f3leo no munic\u00edpio do Cabo de Santo Agostinho, nas praias de Itapuama e Pedra Xar\u00e9u; e na praia de Ilha Cocaias, em Suape. O efetivo do Governo do Estado, hoje, passou de 200 para 400 pessoas de diversos \u00f3rg\u00e3os. Al\u00e9m dessa mobiliza\u00e7\u00e3o, cerca de 350 pessoas participaram das a\u00e7\u00f5es de limpeza nos munic\u00edpios afetados. Para a opera\u00e7\u00e3o deste domingo foram utilizados tr\u00eas helic\u00f3pteros, 30 viaturas, sete caminh\u00f5es, dois tratores e tr\u00eas barcos contratados pelo Governo do Estado.<\/p>\n<p style=\"text-align: justify;\">Das 71 toneladas recolhidas, 60 j\u00e1 foram encaminhadas ao Centro de Tratamento de Res\u00edduos (CTR), localizado em Igarassu, onde est\u00e3o sendo descartadas corretamente. A pedido do Governo do Estado, o CTR Pernambuco estender\u00e1 o hor\u00e1rio de funcionamento neste final de semana para receber a coleta especial.<\/p>\n<p style=\"text-align: justify;\">Embora o Governo do Estado tenha se esfor\u00e7ado para realizar o trabalho de conten\u00e7\u00e3o do derramamento de \u00f3leo, o secret\u00e1rio estadual de Meio Ambiente e Sustentabilidade, Jos\u00e9 Bertotti, voltou a cobrar que o Governo Federal supra as necessidades previstas no Plano Nacional de Conten\u00e7\u00e3o de Vazamento de \u00d3leo. \u201cO Governo Federal ainda n\u00e3o conseguiu identificar a origem do vazamento, mas precisamos que, efetivamente, sejam disponibilizados todos os equipamentos necess\u00e1rios para realizarmos o processo de conten\u00e7\u00e3o\u201d, pontuou.<\/p>\n<p style=\"text-align: justify;\">Para esta segunda-feira, Bertotti adiantou que o trabalho continuar\u00e1 dentro dos mesmos moldes. \u201cSer\u00e3o realizados novos sobrevoos pela manh\u00e3 e vamos continuar monitorando o processo de recolhimento de res\u00edduos\u201d, refor\u00e7ou.<\/p>\n<p style=\"text-align: justify;\"><strong>DECIS\u00c3O<\/strong>\u00a0&#8211; A Justi\u00e7a Federal expediu, neste domingo (20.10), decis\u00e3o que obriga a Uni\u00e3o a cumprir o previsto no Plano de Conten\u00e7\u00e3o de Desastres Ambientais, assumindo a parte que lhe cabe no trabalho de combate ao vazamento de \u00f3leo no litoral de Pernambuco, iniciativa pela qual o Governo Federal vinha sendo cobrado desde a identifica\u00e7\u00e3o das primeiras manchas.<\/p>\n<p style=\"text-align: justify;\">A ordem foi expedida pelo juiz plantonista Augusto C\u00e9sar de Carvalho Leal, que concedeu a tutela de urg\u00eancia postulada pelo Minist\u00e9rio P\u00fablico Federal (MPF) em A\u00e7\u00e3o Civil P\u00fablica movida contra a Uni\u00e3o e o Instituto Brasileiro do Meio Ambiente e dos Recursos Naturais Renov\u00e1veis (Ibama). Na decis\u00e3o, o magistrado determina que a Uni\u00e3o adote imediatamente todas as medidas necess\u00e1rias para conten\u00e7\u00e3o, recolhimento e adequada destina\u00e7\u00e3o do material poluente encontrado na costa &#8220;com foco na prote\u00e7\u00e3o de ecossistemas sens\u00edveis de Pernambuco (manguezal, \u00e1reas de estu\u00e1rio, bancos de faner\u00f3gamas e recifes de coral)&#8221;.<\/p>\n<p style=\"text-align: justify;\">O juiz estipulou ainda um prazo de 24 horas para que o Governo Federal\u00a0\u00a0implante barreiras de prote\u00e7\u00e3o, realize o monitoramento de ecossistemas no territ\u00f3rio pernambucano e providencie os equipamentos de prote\u00e7\u00e3o individual (EPIs) aos volunt\u00e1rios, bem como recipientes de acondicionamento adequado do material recolhido solicitados pelo CPRH, al\u00e9m de atuar no resgate \u00e0 fauna e flora atingidos. A decis\u00e3o judicial adverte que o descumprimento de quaisquer das ordens contidas na tutela acarretar\u00e1 em multa di\u00e1ria de R$ 50 mil, al\u00e9m do risco de outras san\u00e7\u00f5es legais.<\/p>\n<p>Fonte: Blog Not\u00edcias\/Governo de Pernambuco<\/p>\n","protected":false},"excerpt":{"rendered":"<p>Da Ag\u00eancia Not\u00edcias Pernambuco\u00a0 Outubro, 2019 &#8211; O Governo de Pernambuco segue trabalhando para realizar as a\u00e7\u00f5es de conten\u00e7\u00e3o, limpeza e preven\u00e7\u00e3o das manchas de \u00f3leo nas praias do litoral sul do Estado. Ao todo, j\u00e1 foram coletadas 71 toneladas de \u00f3leo nas \u00e1reas atingidas, nos \u00faltimos tr\u00eas dias. A Sala de Situa\u00e7\u00e3o, criada pelo [&hellip;]<\/p>\n","protected":false},"author":1,"featured_media":12779,"comment_status":"open","ping_status":"open","sticky":false,"template":"","format":"standard","meta":{"_uag_custom_page_level_css":"","footnotes":""},"categories":[37],"tags":[17861,17858,17857,5838,17862,7237,7443,17864,8859,10901,17863,17859,17860],"class_list":["post-12778","post","type-post","status-publish","format-standard","has-post-thumbnail","hentry","category-sustentabilidade","tag-cabo-de-santo-agostinho","tag-desastre-ambiental-no-nordeste","tag-governo-de-pernambuco-pe","tag-ibama","tag-litoral-sul-de-pernambuco","tag-maranhao","tag-meio-ambiente-e-sustentabilidade","tag-mpf-pe","tag-petrobras","tag-sergipe","tag-shell-desastre-ambiental-no-nordeste","tag-toneladas-de-oleo-sujam-praias-do-nordeste","tag-vida-animal-marinha-destruida"],"blocksy_meta":[],"spectra_blocks_featured_image_url":{"thumbnail":{"url":"https:\/\/construcaocivil.siriusmarketingedesign.com.br\/wp-content\/uploads\/2019\/10\/DESASTRE-AMBIENTAL-150x150.jpg","width":150,"height":150},"medium":{"url":"https:\/\/construcaocivil.siriusmarketingedesign.com.br\/wp-content\/uploads\/2019\/10\/DESASTRE-AMBIENTAL-300x200.jpg","width":300,"height":200},"medium_large":{"url":"https:\/\/construcaocivil.siriusmarketingedesign.com.br\/wp-content\/uploads\/2019\/10\/DESASTRE-AMBIENTAL-768x512.jpg","width":768,"height":512},"large":{"url":"https:\/\/construcaocivil.siriusmarketingedesign.com.br\/wp-content\/uploads\/2019\/10\/DESASTRE-AMBIENTAL-1024x682.jpg","width":1024,"height":682},"full":{"url":"https:\/\/construcaocivil.siriusmarketingedesign.com.br\/wp-content\/uploads\/2019\/10\/DESASTRE-AMBIENTAL.jpg","width":1654,"height":1102}},"spectra_blocks_author_info":{"display_name":"Jornal da Constru\u00e7\u00e3o Civil","avatar_url":"https:\/\/secure.gravatar.com\/avatar\/973c9774fd44ddaceb026973c4962faa70fc512bc4c9da68e8ebb40fecee6540?s=96&d=mm&r=g","author_link":"https:\/\/construcaocivil.siriusmarketingedesign.com.br\/?author=1","description":"Desde de 2013, levando muitas informa\u00e7\u00f5es, lan\u00e7amentos e produtos de qualidade para toda cadeia produtiva da constru\u00e7\u00e3o. O Futuro da constru\u00e7\u00e3o passa por aqui,"},"uagb_featured_image_src":{"full":["https:\/\/construcaocivil.siriusmarketingedesign.com.br\/wp-content\/uploads\/2019\/10\/DESASTRE-AMBIENTAL.jpg",1654,1102,false],"thumbnail":["https:\/\/construcaocivil.siriusmarketingedesign.com.br\/wp-content\/uploads\/2019\/10\/DESASTRE-AMBIENTAL-150x150.jpg",150,150,true],"medium":["https:\/\/construcaocivil.siriusmarketingedesign.com.br\/wp-content\/uploads\/2019\/10\/DESASTRE-AMBIENTAL-300x200.jpg",300,200,true],"medium_large":["https:\/\/construcaocivil.siriusmarketingedesign.com.br\/wp-content\/uploads\/2019\/10\/DESASTRE-AMBIENTAL-768x512.jpg",768,512,true],"large":["https:\/\/construcaocivil.siriusmarketingedesign.com.br\/wp-content\/uploads\/2019\/10\/DESASTRE-AMBIENTAL-1024x682.jpg",1024,682,true],"1536x1536":["https:\/\/construcaocivil.siriusmarketingedesign.com.br\/wp-content\/uploads\/2019\/10\/DESASTRE-AMBIENTAL.jpg",1536,1023,false],"2048x2048":["https:\/\/construcaocivil.siriusmarketingedesign.com.br\/wp-content\/uploads\/2019\/10\/DESASTRE-AMBIENTAL.jpg",1654,1102,false]},"uagb_author_info":{"display_name":"Jornal da Constru\u00e7\u00e3o Civil","author_link":"https:\/\/construcaocivil.siriusmarketingedesign.com.br\/?author=1"},"uagb_comment_info":0,"uagb_excerpt":"Da Ag\u00eancia Not\u00edcias Pernambuco\u00a0 Outubro, 2019 &#8211; O Governo de Pernambuco segue trabalhando para realizar as a\u00e7\u00f5es de conten\u00e7\u00e3o, limpeza e preven\u00e7\u00e3o das manchas de \u00f3leo nas praias do litoral sul do Estado. Ao todo, j\u00e1 foram coletadas 71 toneladas de \u00f3leo nas \u00e1reas atingidas, nos \u00faltimos tr\u00eas dias. A Sala de Situa\u00e7\u00e3o, criada pelo&hellip;","_links":{"self":[{"href":"https:\/\/construcaocivil.siriusmarketingedesign.com.br\/index.php?rest_route=\/wp\/v2\/posts\/12778","targetHints":{"allow":["GET"]}}],"collection":[{"href":"https:\/\/construcaocivil.siriusmarketingedesign.com.br\/index.php?rest_route=\/wp\/v2\/posts"}],"about":[{"href":"https:\/\/construcaocivil.siriusmarketingedesign.com.br\/index.php?rest_route=\/wp\/v2\/types\/post"}],"author":[{"embeddable":true,"href":"https:\/\/construcaocivil.siriusmarketingedesign.com.br\/index.php?rest_route=\/wp\/v2\/users\/1"}],"replies":[{"embeddable":true,"href":"https:\/\/construcaocivil.siriusmarketingedesign.com.br\/index.php?rest_route=%2Fwp%2Fv2%2Fcomments&post=12778"}],"version-history":[{"count":0,"href":"https:\/\/construcaocivil.siriusmarketingedesign.com.br\/index.php?rest_route=\/wp\/v2\/posts\/12778\/revisions"}],"wp:featuredmedia":[{"embeddable":true,"href":"https:\/\/construcaocivil.siriusmarketingedesign.com.br\/index.php?rest_route=\/wp\/v2\/media\/12779"}],"wp:attachment":[{"href":"https:\/\/construcaocivil.siriusmarketingedesign.com.br\/index.php?rest_route=%2Fwp%2Fv2%2Fmedia&parent=12778"}],"wp:term":[{"taxonomy":"category","embeddable":true,"href":"https:\/\/construcaocivil.siriusmarketingedesign.com.br\/index.php?rest_route=%2Fwp%2Fv2%2Fcategories&post=12778"},{"taxonomy":"post_tag","embeddable":true,"href":"https:\/\/construcaocivil.siriusmarketingedesign.com.br\/index.php?rest_route=%2Fwp%2Fv2%2Ftags&post=12778"}],"curies":[{"name":"wp","href":"https:\/\/api.w.org\/{rel}","templated":true}]}}