{"id":12802,"date":"2019-10-25T13:23:46","date_gmt":"2019-10-25T15:23:46","guid":{"rendered":"https:\/\/www.jornaldaconstrucaocivil.com.br\/?p=12802"},"modified":"2019-10-25T13:23:46","modified_gmt":"2019-10-25T15:23:46","slug":"alunorte-e-albras-abrem-vagas-ao-programa-jovem-talento","status":"publish","type":"post","link":"https:\/\/construcaocivil.siriusmarketingedesign.com.br\/?p=12802","title":{"rendered":"Alunorte e Albras abrem vagas ao programa Jovem Talento"},"content":{"rendered":"<p style=\"font-weight: 400; text-align: justify;\"><span style=\"color: #993300;\">Outubro, 2019<\/span> &#8211; As inscri\u00e7\u00f5es para o processo seletivo do Programa Jovem Talento 2020, o programa Jovem Aprendiz da Albras e Alunorte, est\u00e3o abertas at\u00e9 2 de novembro. Nesta edi\u00e7\u00e3o, ser\u00e3o ofertadas cerca de 230 vagas para as unidades da Alunorte e Albras. A sele\u00e7\u00e3o \u00e9 destinada a jovens de 18 a 22 anos, completados at\u00e9 16 de mar\u00e7o de 2020, que residam em Barcarena e Abaetetuba. Os candidatos devem ter o ensino m\u00e9dio completo, disponibilidade para realizar o curso com carga hor\u00e1ria di\u00e1ria de 8h e n\u00e3o ter sido Jovem Aprendiz na Albras ou Alunorte anteriormente.<\/p>\n<p style=\"font-weight: 400; text-align: justify;\">Para se inscrever, os interessados devem acessar a se\u00e7\u00e3o &#8220;Carreiras&#8221; no site<span style=\"text-decoration: underline;\"><span style=\"color: #0000ff; text-decoration: underline;\">\u00a0<a style=\"color: #0000ff; text-decoration: underline;\" href=\"https:\/\/www.hydro.com\/pt-br\">https:\/\/www.hydro.com\/pt-br<\/a>\u00a0e<\/span> <\/span>buscar a \u00e1rea &#8220;Vagas&#8221;, onde haver\u00e1 a op\u00e7\u00e3o &#8220;Programa Jovem Talento (Aprendiz)&#8221;. \u00c9 recomend\u00e1vel que os participantes leiam previamente as instru\u00e7\u00f5es na p\u00e1gina &#8220;Candidatura Online&#8221;. No ato da inscri\u00e7\u00e3o, \u00e9 obrigat\u00f3rio anexar o curr\u00edculo, comprovante de resid\u00eancia, comprovante de conclus\u00e3o do Ensino M\u00e9dio, documento de identidade e a folha de identifica\u00e7\u00e3o da Carteira de Trabalho. Ap\u00f3s a inscri\u00e7\u00e3o online, os candidatos recebem um e-mail de confirma\u00e7\u00e3o.<\/p>\n<p style=\"font-weight: 400; text-align: justify;\">O processo seletivo \u00e9 dividido em cinco etapas. A primeira conta com testes online; na segunda, os candidatos passam por avalia\u00e7\u00e3o psicot\u00e9cnica e reda\u00e7\u00e3o; e na terceira \u00e9 realizada uma din\u00e2mica de grupo. A quarta etapa \u00e9 a fase de teste de for\u00e7a. A sele\u00e7\u00e3o \u00e9 finalizada com a realiza\u00e7\u00e3o dos exames que comp\u00f5em o Atestado de Sa\u00fade Ocupacional (ASO).<\/p>\n<p style=\"font-weight: 400; text-align: justify;\">Em 2020, o programa contar\u00e1 com forma\u00e7\u00e3o profissionalizante externa oferecida em conjunto com o Servi\u00e7o Nacional de Aprendizagem Industrial (Senai), por seis meses, e a forma\u00e7\u00e3o interna na Alunorte e na Albras, tamb\u00e9m por seis meses. O programa tem dura\u00e7\u00e3o de um ano, com remunera\u00e7\u00e3o e benef\u00edcios ofertados compat\u00edveis com os valores do mercado, e os selecionados devem iniciar o trabalho em mar\u00e7o de 2020.<\/p>\n<p style=\"font-weight: 400; text-align: justify;\">O Jovem Talento \u00e9 realizado pela Hydro, desde 2011, com o objetivo de contribuir para a qualifica\u00e7\u00e3o de jovens das comunidades do entorno de suas unidades. Esta \u00e9 a segunda vez que a companhia promove a sele\u00e7\u00e3o com processo seletivo v\u00e1lido para a Alunorte e Albras. Na edi\u00e7\u00e3o de 2019, 125 pessoas participaram do programa nas duas empresas, sendo 82 na Alunorte e 43 na Albras.<\/p>\n<p style=\"font-weight: 400;\"><span style=\"color: #993300;\"><strong>Programa Jovem Talento<\/strong><\/span><\/p>\n<p style=\"font-weight: 400;\">Inscri\u00e7\u00f5es: 14 de outubro a 2 de novembro<\/p>\n<p style=\"font-weight: 400;\">Site:\u00a0<span style=\"text-decoration: underline;\"><span style=\"color: #0000ff;\"><a style=\"color: #0000ff; text-decoration: underline;\" href=\"https:\/\/www.hydro.com\/pt-br\">https:\/\/www.hydro.com\/pt-br<\/a><\/span><\/span><\/p>\n<p style=\"font-weight: 400;\">Requisitos: 18 a 22 anos, ensino m\u00e9dio completo, n\u00e3o ter sido Jovem Aprendiz na Albras ou Alunorte, anteriormente.<\/p>\n<p style=\"font-weight: 400;\">In\u00edcio: Mar\u00e7o de 2020<\/p>\n<p>Fonte: Imprensa\/Alunorte\/Albras<\/p>\n","protected":false},"excerpt":{"rendered":"<p>Outubro, 2019 &#8211; As inscri\u00e7\u00f5es para o processo seletivo do Programa Jovem Talento 2020, o programa Jovem Aprendiz da Albras e Alunorte, est\u00e3o abertas at\u00e9 2 de novembro. Nesta edi\u00e7\u00e3o, ser\u00e3o ofertadas cerca de 230 vagas para as unidades da Alunorte e Albras. A sele\u00e7\u00e3o \u00e9 destinada a jovens de 18 a 22 anos, completados [&hellip;]<\/p>\n","protected":false},"author":1,"featured_media":12803,"comment_status":"open","ping_status":"open","sticky":false,"template":"","format":"standard","meta":{"_uag_custom_page_level_css":"","footnotes":""},"categories":[27],"tags":[17904,17900,17901,17903,7680,17905,17906,17902,17907,17908],"class_list":["post-12802","post","type-post","status-publish","format-standard","has-post-thumbnail","hentry","category-acontece","tag-abaetetubapa","tag-albras","tag-alunorte","tag-barcarenapa","tag-mineracao","tag-oportunidades-para-jovens","tag-primeiro-emprego","tag-programa-jovem-aprendiz","tag-programa-jovem-talento-alunorte","tag-regiao-amazonica-belem-pa"],"blocksy_meta":[],"spectra_blocks_featured_image_url":{"thumbnail":{"url":"https:\/\/construcaocivil.siriusmarketingedesign.com.br\/wp-content\/uploads\/2019\/10\/ALUNORTE-OK-150x150.jpg","width":150,"height":150},"medium":{"url":"https:\/\/construcaocivil.siriusmarketingedesign.com.br\/wp-content\/uploads\/2019\/10\/ALUNORTE-OK-300x200.jpg","width":300,"height":200},"medium_large":{"url":"https:\/\/construcaocivil.siriusmarketingedesign.com.br\/wp-content\/uploads\/2019\/10\/ALUNORTE-OK-768x512.jpg","width":768,"height":512},"large":{"url":"https:\/\/construcaocivil.siriusmarketingedesign.com.br\/wp-content\/uploads\/2019\/10\/ALUNORTE-OK-1024x683.jpg","width":1024,"height":683},"full":{"url":"https:\/\/construcaocivil.siriusmarketingedesign.com.br\/wp-content\/uploads\/2019\/10\/ALUNORTE-OK.jpg","width":1095,"height":730}},"spectra_blocks_author_info":{"display_name":"Jornal da Constru\u00e7\u00e3o Civil","avatar_url":"https:\/\/secure.gravatar.com\/avatar\/973c9774fd44ddaceb026973c4962faa70fc512bc4c9da68e8ebb40fecee6540?s=96&d=mm&r=g","author_link":"https:\/\/construcaocivil.siriusmarketingedesign.com.br\/?author=1","description":"Desde de 2013, levando muitas informa\u00e7\u00f5es, lan\u00e7amentos e produtos de qualidade para toda cadeia produtiva da constru\u00e7\u00e3o. O Futuro da constru\u00e7\u00e3o passa por aqui,"},"uagb_featured_image_src":{"full":["https:\/\/construcaocivil.siriusmarketingedesign.com.br\/wp-content\/uploads\/2019\/10\/ALUNORTE-OK.jpg",1095,730,false],"thumbnail":["https:\/\/construcaocivil.siriusmarketingedesign.com.br\/wp-content\/uploads\/2019\/10\/ALUNORTE-OK-150x150.jpg",150,150,true],"medium":["https:\/\/construcaocivil.siriusmarketingedesign.com.br\/wp-content\/uploads\/2019\/10\/ALUNORTE-OK-300x200.jpg",300,200,true],"medium_large":["https:\/\/construcaocivil.siriusmarketingedesign.com.br\/wp-content\/uploads\/2019\/10\/ALUNORTE-OK-768x512.jpg",768,512,true],"large":["https:\/\/construcaocivil.siriusmarketingedesign.com.br\/wp-content\/uploads\/2019\/10\/ALUNORTE-OK-1024x683.jpg",1024,683,true],"1536x1536":["https:\/\/construcaocivil.siriusmarketingedesign.com.br\/wp-content\/uploads\/2019\/10\/ALUNORTE-OK.jpg",1095,730,false],"2048x2048":["https:\/\/construcaocivil.siriusmarketingedesign.com.br\/wp-content\/uploads\/2019\/10\/ALUNORTE-OK.jpg",1095,730,false]},"uagb_author_info":{"display_name":"Jornal da Constru\u00e7\u00e3o Civil","author_link":"https:\/\/construcaocivil.siriusmarketingedesign.com.br\/?author=1"},"uagb_comment_info":0,"uagb_excerpt":"Outubro, 2019 &#8211; As inscri\u00e7\u00f5es para o processo seletivo do Programa Jovem Talento 2020, o programa Jovem Aprendiz da Albras e Alunorte, est\u00e3o abertas at\u00e9 2 de novembro. Nesta edi\u00e7\u00e3o, ser\u00e3o ofertadas cerca de 230 vagas para as unidades da Alunorte e Albras. A sele\u00e7\u00e3o \u00e9 destinada a jovens de 18 a 22 anos, completados&hellip;","_links":{"self":[{"href":"https:\/\/construcaocivil.siriusmarketingedesign.com.br\/index.php?rest_route=\/wp\/v2\/posts\/12802","targetHints":{"allow":["GET"]}}],"collection":[{"href":"https:\/\/construcaocivil.siriusmarketingedesign.com.br\/index.php?rest_route=\/wp\/v2\/posts"}],"about":[{"href":"https:\/\/construcaocivil.siriusmarketingedesign.com.br\/index.php?rest_route=\/wp\/v2\/types\/post"}],"author":[{"embeddable":true,"href":"https:\/\/construcaocivil.siriusmarketingedesign.com.br\/index.php?rest_route=\/wp\/v2\/users\/1"}],"replies":[{"embeddable":true,"href":"https:\/\/construcaocivil.siriusmarketingedesign.com.br\/index.php?rest_route=%2Fwp%2Fv2%2Fcomments&post=12802"}],"version-history":[{"count":0,"href":"https:\/\/construcaocivil.siriusmarketingedesign.com.br\/index.php?rest_route=\/wp\/v2\/posts\/12802\/revisions"}],"wp:featuredmedia":[{"embeddable":true,"href":"https:\/\/construcaocivil.siriusmarketingedesign.com.br\/index.php?rest_route=\/wp\/v2\/media\/12803"}],"wp:attachment":[{"href":"https:\/\/construcaocivil.siriusmarketingedesign.com.br\/index.php?rest_route=%2Fwp%2Fv2%2Fmedia&parent=12802"}],"wp:term":[{"taxonomy":"category","embeddable":true,"href":"https:\/\/construcaocivil.siriusmarketingedesign.com.br\/index.php?rest_route=%2Fwp%2Fv2%2Fcategories&post=12802"},{"taxonomy":"post_tag","embeddable":true,"href":"https:\/\/construcaocivil.siriusmarketingedesign.com.br\/index.php?rest_route=%2Fwp%2Fv2%2Ftags&post=12802"}],"curies":[{"name":"wp","href":"https:\/\/api.w.org\/{rel}","templated":true}]}}