{"id":12808,"date":"2019-10-28T13:04:16","date_gmt":"2019-10-28T15:04:16","guid":{"rendered":"https:\/\/www.jornaldaconstrucaocivil.com.br\/?p=12808"},"modified":"2019-10-28T13:04:16","modified_gmt":"2019-10-28T15:04:16","slug":"sem-solucao-governo-diz-que-atrasados-do-minha-casa-minha-vida-somam-r-500-milhoes","status":"publish","type":"post","link":"https:\/\/construcaocivil.siriusmarketingedesign.com.br\/?p=12808","title":{"rendered":"Sem solu\u00e7\u00e3o: Governo diz que atrasados do Minha Casa, Minha Vida somam R$ 500 milh\u00f5es"},"content":{"rendered":"<p><em>Da Ag\u00eancia C\u00e2mara\u00a0 dos Deputados\u00a0<\/em><\/p>\n<p style=\"text-align: justify;\"><span style=\"color: #993300;\">Outubro, 2019<\/span> &#8211; Em audi\u00eancia na Comiss\u00e3o de Integra\u00e7\u00e3o Nacional da C\u00e2mara, o representante do Minist\u00e9rio do Desenvolvimento Regional, Daniel Ferreira, disse que os pagamentos em atraso do programa Minha Casa, Minha Vida somam R$ 500 milh\u00f5es. Essa parcela \u00e9 correspondente \u00e0 faixa do programa que atende fam\u00edlias com renda de at\u00e9 R$ 1.800 mensais. S\u00e3o obras e partes de obras j\u00e1 medidas e n\u00e3o pagas.<\/p>\n<p style=\"text-align: justify;\">Segundo Daniel, o governo vem liberando aos poucos os recursos, conforme o descontingenciamento do Or\u00e7amento da Uni\u00e3o, priorizando atrasos superiores a 60 dias. E ressaltou que o volume de libera\u00e7\u00e3o sempre \u00e9 maior no final do ano.<\/p>\n<p style=\"text-align: justify;\">\u201cQuando h\u00e1 uma folga de recurso financeiro no Tesouro sempre h\u00e1 uma libera\u00e7\u00e3o maior em dezembro. Eu fa\u00e7o a gest\u00e3o desses programas or\u00e7ament\u00e1rios h\u00e1 tr\u00eas anos. E, nos \u00faltimos anos, todo m\u00eas de dezembro a gente conseguiu fazer um aporte nos fundos bem maior que a m\u00e9dia mensal que a gente estava fazendo&#8221;<\/p>\n<p style=\"text-align: justify;\">O representante da C\u00e2mara Brasileira da Ind\u00fastria da Constru\u00e7\u00e3o, Jos\u00e9 Carlos Martins, afirmou, por\u00e9m, que a situa\u00e7\u00e3o \u00e9 cr\u00edtica em algumas regi\u00f5es e que faltaria R$ 1,5 bilh\u00e3o de libera\u00e7\u00e3o or\u00e7ament\u00e1ria para o Minha Casa, Minha Vida este ano. O or\u00e7amento total \u00e9 de R$ 5 bilh\u00f5es.<\/p>\n<p style=\"text-align: justify;\"><span style=\"color: #0000ff;\"><em>\u201cNos ajudem a trabalhar no sentido de evitar desemprego em massa, porque as empresas n\u00e3o v\u00e3o aguentar. Em muitos estados existe acordo entre os trabalhadores e as construtoras. J\u00e1 foram dados avisos pr\u00e9vios que v\u00e3o ser rasgados ao final do per\u00edodo&#8221;,<\/em> <\/span>afirmou.<\/p>\n<p style=\"text-align: justify;\">Martins explicou que as empresas est\u00e3o aguardando a entrada, no Or\u00e7amento da Uni\u00e3o, dos recursos do leil\u00e3o de petr\u00f3leo do pr\u00e9-sal que ser\u00e1 realizado no in\u00edcio de novembro.<\/p>\n<p style=\"text-align: justify;\">O deputado\u00a0<a href=\"https:\/\/www.camara.leg.br\/deputados\/178951\">Rafael Motta (PSB-RN)<\/a>\u00a0disse que requereu a audi\u00eancia p\u00fablica porque v\u00e1rios empres\u00e1rios do seu estado estavam procurando respostas sobre a libera\u00e7\u00e3o dos pagamentos. Ele criticou a aus\u00eancia de representantes do Minist\u00e9rio da Economia no debate.<\/p>\n<p style=\"text-align: justify;\">Daniel Ferreira lembrou que o governo est\u00e1 estudando modifica\u00e7\u00f5es no programa Minha Casa, Minha Vida para 2020. Uma das ideias \u00e9 conceder um voucher para a compra direta da casa pr\u00f3pria pelas fam\u00edlias de baixa renda.<\/p>\n<p>Edi\u00e7\u00e3o e reportagem: Ag\u00eancia C\u00e2mara dos Deputados \/<\/p>\n","protected":false},"excerpt":{"rendered":"<p>Da Ag\u00eancia C\u00e2mara\u00a0 dos Deputados\u00a0 Outubro, 2019 &#8211; Em audi\u00eancia na Comiss\u00e3o de Integra\u00e7\u00e3o Nacional da C\u00e2mara, o representante do Minist\u00e9rio do Desenvolvimento Regional, Daniel Ferreira, disse que os pagamentos em atraso do programa Minha Casa, Minha Vida somam R$ 500 milh\u00f5es. Essa parcela \u00e9 correspondente \u00e0 faixa do programa que atende fam\u00edlias com renda [&hellip;]<\/p>\n","protected":false},"author":1,"featured_media":12809,"comment_status":"open","ping_status":"open","sticky":false,"template":"","format":"standard","meta":{"_uag_custom_page_level_css":"","footnotes":""},"categories":[30],"tags":[17919,1574,17915,17916,2029,2826,17917,17914,14985,17918],"class_list":["post-12808","post","type-post","status-publish","format-standard","has-post-thumbnail","hentry","category-imoveis","tag-banco-do-brasil-e-caixa-seguram-repasses-do-mcmv","tag-brasilia-df","tag-caixa-segura-pagamentos","tag-camara-dos-deputaods","tag-cbic","tag-construcao-civil","tag-desemprego-em-massa-na-construcao","tag-minha-casa-minha-vida-sem-dinheiro","tag-ministerio-da-economia","tag-paulo-guedes"],"blocksy_meta":[],"spectra_blocks_featured_image_url":{"thumbnail":{"url":"https:\/\/construcaocivil.siriusmarketingedesign.com.br\/wp-content\/uploads\/2019\/10\/MINHA-CASA-150x150.jpg","width":150,"height":150},"medium":{"url":"https:\/\/construcaocivil.siriusmarketingedesign.com.br\/wp-content\/uploads\/2019\/10\/MINHA-CASA-300x200.jpg","width":300,"height":200},"medium_large":{"url":"https:\/\/construcaocivil.siriusmarketingedesign.com.br\/wp-content\/uploads\/2019\/10\/MINHA-CASA.jpg","width":585,"height":390},"large":{"url":"https:\/\/construcaocivil.siriusmarketingedesign.com.br\/wp-content\/uploads\/2019\/10\/MINHA-CASA.jpg","width":585,"height":390},"full":{"url":"https:\/\/construcaocivil.siriusmarketingedesign.com.br\/wp-content\/uploads\/2019\/10\/MINHA-CASA.jpg","width":585,"height":390}},"spectra_blocks_author_info":{"display_name":"Jornal da Constru\u00e7\u00e3o Civil","avatar_url":"https:\/\/secure.gravatar.com\/avatar\/973c9774fd44ddaceb026973c4962faa70fc512bc4c9da68e8ebb40fecee6540?s=96&d=mm&r=g","author_link":"https:\/\/construcaocivil.siriusmarketingedesign.com.br\/?author=1","description":"Desde de 2013, levando muitas informa\u00e7\u00f5es, lan\u00e7amentos e produtos de qualidade para toda cadeia produtiva da constru\u00e7\u00e3o. O Futuro da constru\u00e7\u00e3o passa por aqui,"},"uagb_featured_image_src":{"full":["https:\/\/construcaocivil.siriusmarketingedesign.com.br\/wp-content\/uploads\/2019\/10\/MINHA-CASA.jpg",585,390,false],"thumbnail":["https:\/\/construcaocivil.siriusmarketingedesign.com.br\/wp-content\/uploads\/2019\/10\/MINHA-CASA-150x150.jpg",150,150,true],"medium":["https:\/\/construcaocivil.siriusmarketingedesign.com.br\/wp-content\/uploads\/2019\/10\/MINHA-CASA-300x200.jpg",300,200,true],"medium_large":["https:\/\/construcaocivil.siriusmarketingedesign.com.br\/wp-content\/uploads\/2019\/10\/MINHA-CASA.jpg",585,390,false],"large":["https:\/\/construcaocivil.siriusmarketingedesign.com.br\/wp-content\/uploads\/2019\/10\/MINHA-CASA.jpg",585,390,false],"1536x1536":["https:\/\/construcaocivil.siriusmarketingedesign.com.br\/wp-content\/uploads\/2019\/10\/MINHA-CASA.jpg",585,390,false],"2048x2048":["https:\/\/construcaocivil.siriusmarketingedesign.com.br\/wp-content\/uploads\/2019\/10\/MINHA-CASA.jpg",585,390,false]},"uagb_author_info":{"display_name":"Jornal da Constru\u00e7\u00e3o Civil","author_link":"https:\/\/construcaocivil.siriusmarketingedesign.com.br\/?author=1"},"uagb_comment_info":0,"uagb_excerpt":"Da Ag\u00eancia C\u00e2mara\u00a0 dos Deputados\u00a0 Outubro, 2019 &#8211; Em audi\u00eancia na Comiss\u00e3o de Integra\u00e7\u00e3o Nacional da C\u00e2mara, o representante do Minist\u00e9rio do Desenvolvimento Regional, Daniel Ferreira, disse que os pagamentos em atraso do programa Minha Casa, Minha Vida somam R$ 500 milh\u00f5es. Essa parcela \u00e9 correspondente \u00e0 faixa do programa que atende fam\u00edlias com renda&hellip;","_links":{"self":[{"href":"https:\/\/construcaocivil.siriusmarketingedesign.com.br\/index.php?rest_route=\/wp\/v2\/posts\/12808","targetHints":{"allow":["GET"]}}],"collection":[{"href":"https:\/\/construcaocivil.siriusmarketingedesign.com.br\/index.php?rest_route=\/wp\/v2\/posts"}],"about":[{"href":"https:\/\/construcaocivil.siriusmarketingedesign.com.br\/index.php?rest_route=\/wp\/v2\/types\/post"}],"author":[{"embeddable":true,"href":"https:\/\/construcaocivil.siriusmarketingedesign.com.br\/index.php?rest_route=\/wp\/v2\/users\/1"}],"replies":[{"embeddable":true,"href":"https:\/\/construcaocivil.siriusmarketingedesign.com.br\/index.php?rest_route=%2Fwp%2Fv2%2Fcomments&post=12808"}],"version-history":[{"count":0,"href":"https:\/\/construcaocivil.siriusmarketingedesign.com.br\/index.php?rest_route=\/wp\/v2\/posts\/12808\/revisions"}],"wp:featuredmedia":[{"embeddable":true,"href":"https:\/\/construcaocivil.siriusmarketingedesign.com.br\/index.php?rest_route=\/wp\/v2\/media\/12809"}],"wp:attachment":[{"href":"https:\/\/construcaocivil.siriusmarketingedesign.com.br\/index.php?rest_route=%2Fwp%2Fv2%2Fmedia&parent=12808"}],"wp:term":[{"taxonomy":"category","embeddable":true,"href":"https:\/\/construcaocivil.siriusmarketingedesign.com.br\/index.php?rest_route=%2Fwp%2Fv2%2Fcategories&post=12808"},{"taxonomy":"post_tag","embeddable":true,"href":"https:\/\/construcaocivil.siriusmarketingedesign.com.br\/index.php?rest_route=%2Fwp%2Fv2%2Ftags&post=12808"}],"curies":[{"name":"wp","href":"https:\/\/api.w.org\/{rel}","templated":true}]}}