{"id":12854,"date":"2019-11-12T12:53:59","date_gmt":"2019-11-12T14:53:59","guid":{"rendered":"https:\/\/www.jornaldaconstrucaocivil.com.br\/?p=12854"},"modified":"2019-11-12T12:53:59","modified_gmt":"2019-11-12T14:53:59","slug":"feirapretafaz18-festival-ocupa-a-cidade-ate-8-12-com-extensa-programacao-focada-na-cultura-e-empreendedorismo-negro","status":"publish","type":"post","link":"https:\/\/construcaocivil.siriusmarketingedesign.com.br\/?p=12854","title":{"rendered":"#FeiraPretaFaz18: Festival ocupa a cidade at\u00e9 8\/12, com extensa programa\u00e7\u00e3o focada na cultura e empreendedorismo negro"},"content":{"rendered":"<div style=\"text-align: justify;\">S\u00e3o Paulo, novembro de 2019\u00a0&#8211;\u00a0O\u00a0<span style=\"text-decoration: underline;\"><span style=\"color: #0000ff;\"><a style=\"color: #0000ff; text-decoration: underline;\" href=\"http:\/\/feirapreta.com.br\/#programacao.\" target=\"_blank\" rel=\"noopener noreferrer\">Festival Feira Preta 2019\u00a0<\/a><\/span><\/span>,\u00a0maior evento de cultura e empreendedorismo negros da Am\u00e9rica Latina, que neste ano chega \u00e0 maioridade, ocupa diferentes territ\u00f3rios da cidade de S\u00e3o Paulo durante todo o m\u00eas de novembro e dezembro. O evento, que reuniu mais de 50 mil pessoas em 2018, distribui pela capital paulista uma extensa programa\u00e7\u00e3o, que inclui feiras de produtos e servi\u00e7os, palestras, workshops, shows, exposi\u00e7\u00f5es, gastronomia, cinema e literatura.<\/p>\n<\/div>\n<div style=\"text-align: justify;\">Entre os destaques da programa\u00e7\u00e3o do evento, est\u00e3o o\u00a0<span style=\"color: #0000ff;\"><strong>Encontro Internacional Afrofeminismos<\/strong><\/span> de Abya Yala\u00a0com show de encerramento da cantora Fabiana Cozza, a primeira edi\u00e7\u00e3o do\u00a0<span style=\"text-decoration: underline;\"><span style=\"color: #0000ff;\"><a style=\"color: #0000ff; text-decoration: underline;\" href=\"http:\/\/feirapreta.com.br\/event\/preta-jazz-festival\/\" target=\"_blank\" rel=\"noopener noreferrer\">Preta Jazz Festival\u00a0<\/a><\/span><\/span>, a apresenta\u00e7\u00e3o de m\u00fasicos refugiados da di\u00e1spora africana no\u00a0\u00c1frica em n\u00f3s\u00a0e a exposi\u00e7\u00e3o\u00a0Indument\u00e1rias Negras Em Foco. Al\u00e9m de trazer pela primeira vez ao pa\u00eds, uma amostra do Afropunk, maior festival de cultura negra do mundo, nos dias 19 e 20 de Novembro, com a festa<span style=\"text-decoration: underline;\"><span style=\"color: #0000ff; text-decoration: underline;\">\u00a0<a style=\"color: #0000ff; text-decoration: underline;\" href=\"http:\/\/feirapreta.com.br\/event\/festa-afropunk-e-feira-preta-black-to-the-future-2\/\" target=\"_blank\" rel=\"noopener noreferrer\">Black to the Future\u00a0<\/a>.<\/span><\/span><\/p>\n<\/div>\n<div style=\"text-align: justify;\">Com a expectativa de reunir cerca de 100 empreendedores negros, de diferentes regi\u00f5es do pa\u00eds, e receber mais de 30 mil visitantes, a\u00a0Feira Preta\u00a0encerra o Festival, nos dias 7 e 8 de dezembro.<\/p>\n<\/div>\n<div style=\"text-align: justify;\">&#8220;Em 18 anos, constru\u00edmos o maior festival de cultura negra e a maior feira de afroempreendedorismo da Am\u00e9rica Latina. Nesse per\u00edodo, a Feira Preta reuniu mais de 170 mil pessoas, 900 artistas nacionais e internacionais, 1.200 expositores do Brasil e Am\u00e9rica Latina e movimentou cerca de R$ 5 milh\u00f5es na venda de produtos e servi\u00e7os. Neste ano, a programa\u00e7\u00e3o art\u00edstica e cultural ser\u00e1 focada na trajet\u00f3ria da pr\u00f3pria Feira e no prop\u00f3sito de unir experi\u00eancia, design e conex\u00e3o, com o tema Passado, Presente e Futuro&#8221;, conta Adriana Barbosa, CEO da PretaHub e presidente da Feira Preta.<\/p>\n<\/div>\n<div style=\"text-align: justify;\">Organizado pela\u00a0pretahub, o evento tem como objetivo mostrar a riqueza, pluralidade e import\u00e2ncia da cultura africana e afro-brasileira, com produtos desenvolvidos por empreendedores negros.<\/p>\n<\/div>\n<div style=\"text-align: justify;\">A programa\u00e7\u00e3o completa do Festival Feira Preta est\u00e1 dispon\u00edvel no site<span style=\"text-decoration: underline;\"><span style=\"color: #0000ff; text-decoration: underline;\">\u00a0http:\/\/feirapreta.com.br\/#programacao.<\/span><\/span><\/p>\n<\/div>\n<div>Confira a programa\u00e7\u00e3o:<\/p>\n<\/div>\n<div>02 Nov &#8211;\u00a0<span style=\"color: #0000ff;\"><a style=\"color: #0000ff;\" href=\"http:\/\/feirapreta.com.br\/event\/pade-de-jucara-marcal-e-kiko-dinucci\/\" target=\"_blank\" rel=\"noopener noreferrer\">&#8220;Pad\u00ea&#8221;, de Ju\u00e7ara Mar\u00e7al e Kiko Dinucci<\/a><\/span><\/p>\n<\/div>\n<div>Local: Petra Belas Artes<\/p>\n<\/div>\n<div>Hor\u00e1rio: 22h<\/p>\n<\/div>\n<div>Ingressos: R$ 40,00 e R$ 20,00<\/p>\n<\/div>\n<div>09 Nov\u00a0&#8211;<span style=\"color: #0000ff;\">\u00a0<a style=\"color: #0000ff;\" href=\"http:\/\/feirapreta.com.br\/event\/1o-festival-a-vida-no-centro\/\" target=\"_blank\" rel=\"noopener noreferrer\">1\u00ba Festival A Vida no Centro<\/a><\/span><\/p>\n<\/div>\n<div>Local: Pra\u00e7a Ant\u00f4nio Prado<\/p>\n<\/div>\n<div>Hor\u00e1rio: a partir das 10:30<\/p>\n<\/div>\n<div>Ingressos:\u00a0Gratuito<\/p>\n<\/div>\n<div>19 Nov\u00a0&#8211;\u00a0<a href=\"http:\/\/feirapreta.com.br\/event\/indumentarias-negras-em-foco\/\" target=\"_blank\" rel=\"noopener noreferrer\"><span style=\"color: #0000ff;\">Indument\u00e1rias<\/span>\u00a0<\/a>Negras em Foco<\/p>\n<\/div>\n<div>Local: IMS Paulista<\/p>\n<\/div>\n<div>Hor\u00e1rio: 10h<\/p>\n<\/div>\n<div>Ingressos: Gratuito<\/p>\n<\/div>\n<div>19\u00a0Nov <span style=\"color: #0000ff;\">&#8211;\u00a0<a style=\"color: #0000ff;\" href=\"http:\/\/feirapreta.com.br\/event\/tecendo-existencias-e-narrando-experiencias-a-partir-da-organizacao-de-mulheres-negras-em-abya-yala-teia-1-mobilizando-nos\/\" target=\"_blank\" rel=\"noopener noreferrer\">ENCONTRO INTERNACIONAL AFROFEMINISMOS DE ABYA YALA: Uma aposta cr\u00edtica para o agora &#8211; Teia 1 &#8211; Mobilizando-nos<\/a><\/span><\/p>\n<\/div>\n<div>Tecendo Exist\u00eancias e narrando experi\u00eancias a partir da organiza\u00e7\u00e3o de mulheres negras em Abya Yala &#8211;<\/p>\n<\/div>\n<div>Local:\u00a0Sesc 24 de Maio<\/p>\n<\/div>\n<div>Hor\u00e1rio: 14h \u00e0s 17h<\/p>\n<\/div>\n<div>Ingressos:\u00a0Gratuito. Retirada uma hora antes do evento<\/p>\n<\/div>\n<div>19 Nov\u00a0&#8211;\u00a0<span style=\"color: #0000ff;\"><a style=\"color: #0000ff;\" href=\"http:\/\/feirapreta.com.br\/event\/vozes-e-corporeidades-contra-hegemonicas-na-fe-na-luta-e-nas-artes-negras-em-abya-yala-teia-2-expressando-nos\/\" target=\"_blank\" rel=\"noopener noreferrer\">ENCONTRO INTERNACIONAL AFROFEMINISMOS DE ABYA YALA: Uma aposta cr\u00edtica para o agora &#8211; &#8211; Teia 2 &#8211; Expressando-nos<\/a><\/span><\/p>\n<\/div>\n<div>Vozes e corporeidades contra hegem\u00f4nicas na f\u00e9, na luta e nas artes negras em Abya Yala\u00a0Local:\u00a0Sesc 24 de Maio<\/p>\n<\/div>\n<div>Hor\u00e1rio:\u00a019h \u00e0s 21h<\/p>\n<\/div>\n<div>Ingressos:\u00a0Gratuito. Retirada uma hora antes do evento<\/p>\n<\/div>\n<div>19 Nov &#8211;\u00a0<span style=\"color: #0000ff;\"><a style=\"color: #0000ff;\" href=\"http:\/\/feirapreta.com.br\/event\/festa-afropunk-e-feira-preta-black-to-the-future\/\" target=\"_blank\" rel=\"noopener noreferrer\">FESTA Afropunk e Feira Preta: Black to the Future<\/a><\/span><\/p>\n<\/div>\n<div>Local: Audio Club<\/p>\n<\/div>\n<div>Hor\u00e1rio: 22h<\/p>\n<\/div>\n<div>Ingressos:\u00a0LOTE 1: R$ 40 (MEIA) \/ R$ 80 (INTEIRA)<\/p>\n<\/div>\n<div>LOTE 2: R$ 50 (MEIA) \/ R$ 100 (INTEIRA)<\/p>\n<\/div>\n<div>LOTE 3: R$ 60 (MEIA) \/ R$ 120 (INTEIRA)<\/p>\n<\/div>\n<div>PASSAPORTE, Nov 19 &amp; 20: R$ 60 (MEIA) \/ R$ 120 (INTEIRA)<\/p>\n<\/div>\n<div>20 Nov &#8211;<span style=\"color: #0000ff;\">\u00a0<a style=\"color: #0000ff;\" href=\"http:\/\/feirapreta.com.br\/event\/afro-feminismos-antirracistas-e-justica-social-teia-3-transformando\/\" target=\"_blank\" rel=\"noopener noreferrer\">ENCONTRO INTERNACIONAL AFROFEMINISMOS DE ABYA YALA: Uma aposta cr\u00edtica para o agora &#8211; Teia 3 &#8211; Transformando<\/a><\/span><\/p>\n<\/div>\n<div>Afro-feminismos antirracistas e justi\u00e7a social<\/p>\n<\/div>\n<div>Local: Sesc 24 de Maio<\/p>\n<\/div>\n<div>Hor\u00e1rio: 14h \u00e0s 17h<\/p>\n<\/div>\n<div>Ingressos:\u00a0Gratuito. Retirada uma hora antes do evento<\/p>\n<\/div>\n<div>20 Nov &#8211;\u00a0<span style=\"color: #0000ff;\"><a style=\"color: #0000ff;\" href=\"http:\/\/feirapreta.com.br\/event\/o-artista-em-processo-mooc-utilizando-os-seus-acessos-para-impulsionar-as-construcoes-de-novas-realidades-do-futuro\/\" target=\"_blank\" rel=\"noopener noreferrer\">O artista em processo | MOOC: Utilizando os seus acessos para impulsionar as constru\u00e7\u00f5es de novas realidades do futuro<\/a><\/span><\/p>\n<\/div>\n<div>Local: Instituto Moreira Salles<\/p>\n<\/div>\n<div>Hor\u00e1rio: 16h30<\/p>\n<\/div>\n<div>Ingressos:\u00a0Gratuito.<\/p>\n<\/div>\n<div>20 Nov &#8211;\u00a0Preta Jazz Festival<\/p>\n<\/div>\n<div>Local: Audit\u00f3rio Ibirapuera<\/p>\n<\/div>\n<div>Hor\u00e1rio: 17h<\/p>\n<\/div>\n<div>Ingressos:\u00a0Gratuito.\u00a0Distribui\u00e7\u00e3o de ingressos na bilheteria do Audit\u00f3rio, uma hora e meia antes da apresenta\u00e7\u00e3o. Limite de dois ingressos por pessoa.<\/p>\n<\/div>\n<div>20 Nov &#8211;\u00a0FESTA Afropunk e Feira Preta: Black to the Future<\/p>\n<\/div>\n<div>Local: Audio Club<\/p>\n<\/div>\n<div>Hor\u00e1rio: 22h<\/p>\n<\/div>\n<div>Ingressos: LOTE 1: R$ 40 (MEIA) \/ R$ 80 (INTEIRA)<\/p>\n<\/div>\n<div>LOTE 2: R$ 50 (MEIA) \/ R$ 100 (INTEIRA)<\/p>\n<\/div>\n<div>LOTE 3: R$ 60 (MEIA) \/ R$ 120 (INTEIRA)<\/p>\n<\/div>\n<div>PASSAPORTE, Nov 19 &amp; 20: R$ 60 (MEIA) \/ R$ 120 (INTEIRA)<\/p>\n<\/div>\n<div>21 Nov &#8211;\u00a0<span style=\"color: #0000ff;\"><a style=\"color: #0000ff;\" href=\"http:\/\/feirapreta.com.br\/event\/pixinguinha-do-lundu-ao-choro\/\" target=\"_blank\" rel=\"noopener noreferrer\">Pixinguinha: do Lund\u00fa ao Choro<\/a><\/span><\/p>\n<\/div>\n<div>Local: Instituto Moreira Salles<\/p>\n<\/div>\n<div>Hor\u00e1rio: 18h30 \u00e0s 21h30<\/p>\n<\/div>\n<div>Ingressos:\u00a0Inscri\u00e7\u00e3o pr\u00e9via at\u00e9 dia 19 de novembro pelo e-mail educativo.paulista@ims.com.br<\/p>\n<\/div>\n<div>23 Nov &#8211;<span style=\"color: #0000ff;\">\u00a0<a style=\"color: #0000ff;\" href=\"http:\/\/feirapreta.com.br\/event\/caminhada-sao-paulo-negra\/\" target=\"_blank\" rel=\"noopener noreferrer\">Caminhada S\u00e3o Paulo Negra<\/a><\/span><\/p>\n<\/div>\n<div>Local: Ladeira da Mem\u00f3ria<\/p>\n<\/div>\n<div>Hor\u00e1rio: 10h<\/p>\n<\/div>\n<div>Ingressos:\u00a0R$ 20 &#8211;\u00a0<span style=\"text-decoration: underline;\"><span style=\"color: #0000ff; text-decoration: underline;\">http:\/\/www.diaspora.black<\/span><\/span><\/p>\n<\/div>\n<div>23 Nov &#8211;\u00a0CINE PIPOQUINHA no Petra Belas Artes<\/p>\n<\/div>\n<div>Exibi\u00e7\u00e3o especial do filme Kiriku e a Feiticeira<\/p>\n<\/div>\n<div>Local: Petra Belas Artes<\/p>\n<\/div>\n<div>Hor\u00e1rio: 10h30<\/p>\n<\/div>\n<div>23 Nov &#8211;<span style=\"text-decoration: underline;\"><span style=\"color: #0000ff; text-decoration: underline;\">\u00a0<a style=\"color: #0000ff; text-decoration: underline;\" href=\"http:\/\/feirapreta.com.br\/event\/arte-na-rua-passado-presente-e-futuro\/\" target=\"_blank\" rel=\"noopener noreferrer\">Arte na Rua: Passado, Presente e Futuro<\/a><\/span><\/span><\/p>\n<\/div>\n<div>Hor\u00e1rio: 12h \u00e0s 20h<\/p>\n<\/div>\n<div>Ingressos:\u00a0Gratuito.<\/p>\n<\/div>\n<div>23 Nov &#8211;<span style=\"text-decoration: underline;\"><span style=\"color: #0000ff; text-decoration: underline;\">\u00a0<a style=\"color: #0000ff; text-decoration: underline;\" href=\"http:\/\/feirapreta.com.br\/event\/fotolivro-de-cabeceira-laroye-2000-de-mario-cravo-neto-com-aline-motta\/\" target=\"_blank\" rel=\"noopener noreferrer\">Fotolivro de cabeceira | Lar\u00f3y\u00e8 (2000), de Mario Cravo Neto, com Aline Motta<\/a><\/span><\/span><\/p>\n<\/div>\n<div>Local: Instituto Moreira Salles<\/p>\n<\/div>\n<div>Hor\u00e1rio: 11h \u00e0s 12h30<\/p>\n<\/div>\n<div>Ingressos:\u00a0Distribui\u00e7\u00e3o de senhas 60 minutos antes do evento. Limite de 1 senha por pessoa.<\/p>\n<\/div>\n<div>23 Nov &#8211;\u00a0<span style=\"text-decoration: underline;\"><span style=\"color: #0000ff;\"><a style=\"color: #0000ff; text-decoration: underline;\" href=\"http:\/\/feirapreta.com.br\/event\/somos-rainhas-e-reis-e-oficina-de-turbantes-com-ludere-afroludico\/\" target=\"_blank\" rel=\"noopener noreferrer\">&#8220;Somos Rainhas e Reis&#8221; e Oficina de turbantes, Com Luder\u00ea Afrol\u00fadico<\/a><\/span><\/span><\/p>\n<\/div>\n<div>Local: Instituto Moreira Salles<\/p>\n<\/div>\n<div>Hor\u00e1rio: 15h30 \u00e0s 17h<\/p>\n<\/div>\n<div>Ingressos:\u00a0Gratuito.\u00a0Distribui\u00e7\u00e3o de senhas 60 minutos antes do evento. Limite de 1 senha por pessoa.<\/p>\n<\/div>\n<div>24 Nov &#8211;<span style=\"text-decoration: underline;\"><span style=\"color: #0000ff; text-decoration: underline;\">\u00a0<a style=\"color: #0000ff; text-decoration: underline;\" href=\"http:\/\/feirapreta.com.br\/event\/africa-em-nos\/\" target=\"_blank\" rel=\"noopener noreferrer\">\u00c1frica em n\u00f3s<\/a><\/span><\/span><\/p>\n<\/div>\n<div>Local: Instituto Moreira Salles<\/p>\n<\/div>\n<div>Hor\u00e1rio: 16h \u00e0s 17h30<\/p>\n<\/div>\n<div>Ingressos:\u00a0Gratuito.<\/p>\n<\/div>\n<div>29 Nov &#8211;<span style=\"text-decoration: underline;\"><span style=\"color: #0000ff; text-decoration: underline;\">\u00a0<a style=\"color: #0000ff; text-decoration: underline;\" href=\"http:\/\/feirapreta.com.br\/event\/roupas-de-preta-olhares-de-branco-indumentaria-e-imagens-coloniais-com-hanayra-negreiros\/\" target=\"_blank\" rel=\"noopener noreferrer\">Roupas de preta, olhares de branco: indument\u00e1ria e imagens coloniais, com Hanayr\u00e1 Negreiros<\/a><\/span><\/span><\/p>\n<\/div>\n<div>Local: Instituto Moreira Salles<\/p>\n<\/div>\n<div>Hor\u00e1rio: 19h30 \u00e0s 21h<\/p>\n<\/div>\n<div>Ingressos:\u00a0Gratuito. Distribui\u00e7\u00e3o de senhas 60 minutos antes do evento. Limite de 1 senha por pessoa.<\/p>\n<\/div>\n<div>3 a 5 Dez &#8211;\u00a0PRESERVA\u00c7\u00c3O AUDIOVISUAL | MEM\u00d3RIAS PRETAS EM MOVIMENTO<\/p>\n<\/div>\n<div>Local: IMS Paulista<\/p>\n<\/div>\n<div>Hor\u00e1rio: ter, 03\/12, 10:30 e qui, 05\/12, 10:30<\/p>\n<\/div>\n<div>Ingresso: GR\u00c1TIS, inscri\u00e7\u00e3o pr\u00e9via.<\/p>\n<\/div>\n<div>7 Dez &#8211;\u00a0<span style=\"text-decoration: underline;\"><span style=\"color: #0000ff;\"><a style=\"color: #0000ff; text-decoration: underline;\" href=\"http:\/\/feirapreta.com.br\/event\/feira-preta\/\" target=\"_blank\" rel=\"noopener noreferrer\">Feira Preta<\/a><\/span><\/span><\/p>\n<\/div>\n<div>Local: Memorial da Am\u00e9rica Latina<\/p>\n<\/div>\n<div>Hor\u00e1rio: 12h \u00e0s 22h<\/p>\n<\/div>\n<div>Ingressos:\u00a0Gratuito.<\/p>\n<\/div>\n<div>8 Dez &#8211;<span style=\"text-decoration: underline;\"><span style=\"color: #0000ff; text-decoration: underline;\">\u00a0<a style=\"color: #0000ff; text-decoration: underline;\" href=\"http:\/\/feirapreta.com.br\/event\/feira-preta-2\/\" target=\"_blank\" rel=\"noopener noreferrer\">Feira Preta<\/a><\/span><\/span><\/p>\n<\/div>\n<div>Local: Memorial da Am\u00e9rica Latina<\/p>\n<\/div>\n<div>Hor\u00e1rio: 12h \u00e0s 22h<\/p>\n<\/div>\n<div>Ingressos:\u00a0Gratuito.<\/p>\n<\/div>\n<div>TERRIT\u00d3RIOS\u00a0FESTIVAL FEIRA PRETA em S\u00e3o Paulo<\/p>\n<\/div>\n<div>ENDERE\u00c7OS<\/p>\n<\/div>\n<div>IMS Paulista\u00a0&#8211; Av. Paulista, 2424 &#8211; Consola\u00e7\u00e3o, S\u00e3o Paulo<\/p>\n<\/div>\n<div>Audio Club\u00a0&#8211;\u00a0Av. Francisco Matarazzo, 694 &#8211; Barra Funda, S\u00e3o Paulo<\/p>\n<\/div>\n<div>Sesc 24 de Maio\u00a0&#8211; R. 24 de Maio, 109 &#8211; Rep\u00fablica, S\u00e3o Paulo<\/p>\n<\/div>\n<div>Petra Belas Artes &#8211;\u00a0R. da Consola\u00e7\u00e3o, 2423 &#8211; Consola\u00e7\u00e3o, S\u00e3o Paulo<\/p>\n<\/div>\n<div>Mercado Livre<\/p>\n<\/div>\n<div>Audit\u00f3rio Ibirapuera &#8211;\u00a0Av. Pedro \u00c1lvares Cabral &#8211; Vila Mariana, S\u00e3o Paulo<\/p>\n<\/div>\n<div>Pra\u00e7a Dom Orione &#8211; Bela Vista<\/p>\n<\/div>\n<div>Memorial da Am\u00e9rica Latina &#8211;\u00a0Av. Auro Soares de Moura Andrade, 664 &#8211; Barra Funda, S\u00e3o Paulo\u00a0&#8211;\u00a0(Metr\u00f4 Barra Funda, linha vermelha)<\/div>\n<p>&nbsp;<\/p>\n<p>Quer saber mais?<span style=\"text-decoration: underline;\"><span style=\"color: #0000ff; text-decoration: underline;\"><a style=\"color: #0000ff; text-decoration: underline;\" href=\"http:\/\/ybilabiedenatsotereat.i-mpr.com\/link.php?code=bDpodHRwJTNBJTJGJTJGd3d3LnByZXRhaHViLmNvbSUyRjo1ODY5MzA2NDI6c3VzYW5hLmRwc2FybWllbnRvQHNwLnNlbmFjLmJyOmRhOGVjOA==\" target=\"_blank\" rel=\"noopener noreferrer\">\u00a0<\/a>http:\/\/www.pretahub.com\u00a0<\/span><\/span><\/p>\n","protected":false},"excerpt":{"rendered":"<p>S\u00e3o Paulo, novembro de 2019\u00a0&#8211;\u00a0O\u00a0Festival Feira Preta 2019\u00a0,\u00a0maior evento de cultura e empreendedorismo negros da Am\u00e9rica Latina, que neste ano chega \u00e0 maioridade, ocupa diferentes territ\u00f3rios da cidade de S\u00e3o Paulo durante todo o m\u00eas de novembro e dezembro. O evento, que reuniu mais de 50 mil pessoas em 2018, distribui pela capital paulista uma [&hellip;]<\/p>\n","protected":false},"author":1,"featured_media":12855,"comment_status":"open","ping_status":"open","sticky":false,"template":"","format":"standard","meta":{"_uag_custom_page_level_css":"","footnotes":""},"categories":[27],"tags":[17970,17977,17976,17972,17973,17974,17975,17971,5357,17978,8287,10679],"class_list":["post-12854","post","type-post","status-publish","format-standard","has-post-thumbnail","hentry","category-acontece","tag-feirapretafaz18","tag-cinema-e-literatura","tag-credito-e-oportunidade-para-afro-brasileiros","tag-cultura-africana-e-afro-brasileira","tag-encontro-internacional-afrofeminismos","tag-feira-de-moda","tag-feira-preta-empreendedorismo-negros-da-america-latina","tag-feira-preta-2019","tag-gastronomia","tag-instituto-moreira-salles","tag-novos-negocios","tag-sao-paulo-sp"],"blocksy_meta":[],"spectra_blocks_featured_image_url":{"thumbnail":{"url":"https:\/\/construcaocivil.siriusmarketingedesign.com.br\/wp-content\/uploads\/2019\/11\/FEIRA-PRETA-150x150.jpg","width":150,"height":150},"medium":{"url":"https:\/\/construcaocivil.siriusmarketingedesign.com.br\/wp-content\/uploads\/2019\/11\/FEIRA-PRETA-300x211.jpg","width":300,"height":211},"medium_large":{"url":"https:\/\/construcaocivil.siriusmarketingedesign.com.br\/wp-content\/uploads\/2019\/11\/FEIRA-PRETA-768x540.jpg","width":768,"height":540},"large":{"url":"https:\/\/construcaocivil.siriusmarketingedesign.com.br\/wp-content\/uploads\/2019\/11\/FEIRA-PRETA-1024x721.jpg","width":1024,"height":721},"full":{"url":"https:\/\/construcaocivil.siriusmarketingedesign.com.br\/wp-content\/uploads\/2019\/11\/FEIRA-PRETA.jpg","width":3750,"height":2639}},"spectra_blocks_author_info":{"display_name":"Jornal da Constru\u00e7\u00e3o Civil","avatar_url":"https:\/\/secure.gravatar.com\/avatar\/973c9774fd44ddaceb026973c4962faa70fc512bc4c9da68e8ebb40fecee6540?s=96&d=mm&r=g","author_link":"https:\/\/construcaocivil.siriusmarketingedesign.com.br\/?author=1","description":"Desde de 2013, levando muitas informa\u00e7\u00f5es, lan\u00e7amentos e produtos de qualidade para toda cadeia produtiva da constru\u00e7\u00e3o. O Futuro da constru\u00e7\u00e3o passa por aqui,"},"uagb_featured_image_src":{"full":["https:\/\/construcaocivil.siriusmarketingedesign.com.br\/wp-content\/uploads\/2019\/11\/FEIRA-PRETA.jpg",3750,2639,false],"thumbnail":["https:\/\/construcaocivil.siriusmarketingedesign.com.br\/wp-content\/uploads\/2019\/11\/FEIRA-PRETA-150x150.jpg",150,150,true],"medium":["https:\/\/construcaocivil.siriusmarketingedesign.com.br\/wp-content\/uploads\/2019\/11\/FEIRA-PRETA-300x211.jpg",300,211,true],"medium_large":["https:\/\/construcaocivil.siriusmarketingedesign.com.br\/wp-content\/uploads\/2019\/11\/FEIRA-PRETA-768x540.jpg",768,540,true],"large":["https:\/\/construcaocivil.siriusmarketingedesign.com.br\/wp-content\/uploads\/2019\/11\/FEIRA-PRETA-1024x721.jpg",1024,721,true],"1536x1536":["https:\/\/construcaocivil.siriusmarketingedesign.com.br\/wp-content\/uploads\/2019\/11\/FEIRA-PRETA.jpg",1536,1081,false],"2048x2048":["https:\/\/construcaocivil.siriusmarketingedesign.com.br\/wp-content\/uploads\/2019\/11\/FEIRA-PRETA.jpg",2048,1441,false]},"uagb_author_info":{"display_name":"Jornal da Constru\u00e7\u00e3o Civil","author_link":"https:\/\/construcaocivil.siriusmarketingedesign.com.br\/?author=1"},"uagb_comment_info":0,"uagb_excerpt":"S\u00e3o Paulo, novembro de 2019\u00a0&#8211;\u00a0O\u00a0Festival Feira Preta 2019\u00a0,\u00a0maior evento de cultura e empreendedorismo negros da Am\u00e9rica Latina, que neste ano chega \u00e0 maioridade, ocupa diferentes territ\u00f3rios da cidade de S\u00e3o Paulo durante todo o m\u00eas de novembro e dezembro. O evento, que reuniu mais de 50 mil pessoas em 2018, distribui pela capital paulista uma&hellip;","_links":{"self":[{"href":"https:\/\/construcaocivil.siriusmarketingedesign.com.br\/index.php?rest_route=\/wp\/v2\/posts\/12854","targetHints":{"allow":["GET"]}}],"collection":[{"href":"https:\/\/construcaocivil.siriusmarketingedesign.com.br\/index.php?rest_route=\/wp\/v2\/posts"}],"about":[{"href":"https:\/\/construcaocivil.siriusmarketingedesign.com.br\/index.php?rest_route=\/wp\/v2\/types\/post"}],"author":[{"embeddable":true,"href":"https:\/\/construcaocivil.siriusmarketingedesign.com.br\/index.php?rest_route=\/wp\/v2\/users\/1"}],"replies":[{"embeddable":true,"href":"https:\/\/construcaocivil.siriusmarketingedesign.com.br\/index.php?rest_route=%2Fwp%2Fv2%2Fcomments&post=12854"}],"version-history":[{"count":0,"href":"https:\/\/construcaocivil.siriusmarketingedesign.com.br\/index.php?rest_route=\/wp\/v2\/posts\/12854\/revisions"}],"wp:featuredmedia":[{"embeddable":true,"href":"https:\/\/construcaocivil.siriusmarketingedesign.com.br\/index.php?rest_route=\/wp\/v2\/media\/12855"}],"wp:attachment":[{"href":"https:\/\/construcaocivil.siriusmarketingedesign.com.br\/index.php?rest_route=%2Fwp%2Fv2%2Fmedia&parent=12854"}],"wp:term":[{"taxonomy":"category","embeddable":true,"href":"https:\/\/construcaocivil.siriusmarketingedesign.com.br\/index.php?rest_route=%2Fwp%2Fv2%2Fcategories&post=12854"},{"taxonomy":"post_tag","embeddable":true,"href":"https:\/\/construcaocivil.siriusmarketingedesign.com.br\/index.php?rest_route=%2Fwp%2Fv2%2Ftags&post=12854"}],"curies":[{"name":"wp","href":"https:\/\/api.w.org\/{rel}","templated":true}]}}