{"id":12857,"date":"2019-11-12T15:02:21","date_gmt":"2019-11-12T17:02:21","guid":{"rendered":"https:\/\/www.jornaldaconstrucaocivil.com.br\/?p=12857"},"modified":"2019-11-12T15:02:21","modified_gmt":"2019-11-12T17:02:21","slug":"passo-importante-vice-presidente-do-brasil-hamilton-mourao-annucia-primeira-viagem-oficial-ao-continente-africano-durante-forum-africa-2019","status":"publish","type":"post","link":"https:\/\/construcaocivil.siriusmarketingedesign.com.br\/?p=12857","title":{"rendered":"Passo importante: Vice-Presidente do Brasil Hamilton Mour\u00e3o annucia primeira viagem oficial ao continente africano durante F\u00f3rum \u00c1frica 2019"},"content":{"rendered":"<p style=\"text-align: justify;\"><span style=\"color: #993300;\">Novembro, 2019<\/span> &#8211; O Vice-Presidente do Brasil, Hamilton Mour\u00e3o, anunciou para mar\u00e7o de 2020 a primeira viagem oficial do Governo Federal ao continente africano. A declara\u00e7\u00e3o foi feita durante a abertura do F\u00f3rum Brasil \u00c1frica 2019. &#8220;As rela\u00e7\u00f5es com a \u00c1frica s\u00e3o e ser\u00e3o priorit\u00e1rias para o Brasil e o para os brasileiros\u201d, declarou..<\/p>\n<p style=\"text-align: justify;\">Em sua fala, o vice-presidente afirmou que o governo brasileiro tem procurado atuar de forma \u201cflex\u00edvel\u201d e \u201cpragm\u00e1tica\u201d. \u201cEstamos vivendo um momento de transi\u00e7\u00e3o geopol\u00edtica com o ressurgimento da China como o principal parceiro comercial tanto para o Brasil como para a \u00c1frica\u201d, exemplifica.<\/p>\n<p style=\"text-align: justify;\">O vice-presidente brasileiro refor\u00e7ou o protagonismo do Brasil na \u00e1rea de pesquisa agr\u00edcola. Ele lembrou que, em 40 anos, o pa\u00eds aumentou a produtividade em mais de 400% e que as condi\u00e7\u00f5es clim\u00e1ticas do Brasil e de alguns pa\u00edses africanos s\u00e3o semelhantes, o que pode facilitar negocia\u00e7\u00f5es bilaterais. \u201cAtualmente, o Brasil alimenta aproximadamente 1 bilh\u00e3o de pessoas em todo o mundo. \u00c9 poss\u00edvel compartilhar nossas melhores pr\u00e1ticas com os pa\u00edses africanos, apoiando ent\u00e3o, principalmente, nos programas de alimenta\u00e7\u00e3o escolar \u201d.<\/p>\n<p style=\"text-align: justify;\">Ele tamb\u00e9m lembrou do protagonismo do Brasil na seguran\u00e7a do Atl\u00e2ntico Sul, onde o pa\u00eds participa de diversas a\u00e7\u00f5es, como o combate \u00e0 pirataria no golfo da Guin\u00e9. Parafraseando o africanista Alberto da Costa e Silva, Hamilton Mour\u00e3o chamou o Oceano Atl\u00e2ntico de um \u201crio\u201d que une Brasil e \u00c1frica. \u201cO continente africano \u00e9 culturalmente plural. A \u00c1frica do s\u00e9culo XXI \u00e9 um polo econ\u00f4mico e pol\u00edtico emergente e o Brasil deseja contribuir para o seu desenvolvimento e sucesso\u201d, afirmou.<\/p>\n<p style=\"text-align: justify;\"><strong>Novo momento do Brasil\u00a0<\/strong><\/p>\n<p style=\"text-align: justify;\">Durante sua fala, o vice-presidente Hamilton Mour\u00e3o tamb\u00e9m tentou chamar a aten\u00e7\u00e3o dos estrangeiros presentes ao mostrar o momento de otimismo que o Brasil vive atualmente.<\/p>\n<p style=\"text-align: justify;\">Diminuir o tamanho do Estado e acabar com as regula\u00e7\u00f5es excessivas s\u00e3o algumas das metas gerais do governo brasileiro neste momento. Tamb\u00e9m lembrou da reforma previdenci\u00e1ria, j\u00e1 aprovada pelo Congresso e de outras que est\u00e3o em discuss\u00e3o. \u201cO Brasil realiza o mais importante conjunto de reformas entre os pa\u00edses em desenvolvimento\u201d, revela.<\/p>\n<p style=\"text-align: justify;\">O F\u00f3rum Brasil \u00c1frica acontece em S\u00e3o Paulo. O evento apresenta o tema principal \u201cSeguran\u00e7a Alimentar: caminho para o crescimento econ\u00f4mico\u201d. Al\u00e9m do vice-presidente do Brasil, cerca de 300 representantes de governos, setor privado, academia e poss\u00edveis investidores participam do evento.<\/p>\n<p style=\"text-align: justify;\">Mais informa\u00e7\u00f5es em:\u00a0<span style=\"text-decoration: underline;\"><span style=\"color: #0000ff;\"><a style=\"color: #0000ff; text-decoration: underline;\" href=\"https:\/\/forumbrazilafrica.com\/pt\/\" target=\"_blank\" rel=\"noopener noreferrer\">https:\/\/forumbrazilafrica.com\/pt\/<\/a><\/span><\/span><\/p>\n","protected":false},"excerpt":{"rendered":"<p>Novembro, 2019 &#8211; O Vice-Presidente do Brasil, Hamilton Mour\u00e3o, anunciou para mar\u00e7o de 2020 a primeira viagem oficial do Governo Federal ao continente africano. A declara\u00e7\u00e3o foi feita durante a abertura do F\u00f3rum Brasil \u00c1frica 2019. &#8220;As rela\u00e7\u00f5es com a \u00c1frica s\u00e3o e ser\u00e3o priorit\u00e1rias para o Brasil e o para os brasileiros\u201d, declarou.. Em [&hellip;]<\/p>\n","protected":false},"author":1,"featured_media":12858,"comment_status":"open","ping_status":"open","sticky":false,"template":"","format":"standard","meta":{"_uag_custom_page_level_css":"","footnotes":""},"categories":[33],"tags":[529,17982,17979,17983,17981,17980,17984,8287,17985],"class_list":["post-12857","post","type-post","status-publish","format-standard","has-post-thumbnail","hentry","category-mercado","tag-agricultura","tag-biomanguinhos","tag-brasil-precisa-investir-na-africa","tag-comercio-brasil-africa","tag-construtoras-do-brasil-na-africa","tag-forum-brasil-africa-2019","tag-hamilton-mourao-vice-presidente-do-brasil","tag-novos-negocios","tag-rumos-comercio-exterior"],"blocksy_meta":[],"spectra_blocks_featured_image_url":{"thumbnail":{"url":"https:\/\/construcaocivil.siriusmarketingedesign.com.br\/wp-content\/uploads\/2019\/11\/Hamiltn-Mourao-150x150.jpg","width":150,"height":150},"medium":{"url":"https:\/\/construcaocivil.siriusmarketingedesign.com.br\/wp-content\/uploads\/2019\/11\/Hamiltn-Mourao-300x200.jpg","width":300,"height":200},"medium_large":{"url":"https:\/\/construcaocivil.siriusmarketingedesign.com.br\/wp-content\/uploads\/2019\/11\/Hamiltn-Mourao-768x512.jpg","width":768,"height":512},"large":{"url":"https:\/\/construcaocivil.siriusmarketingedesign.com.br\/wp-content\/uploads\/2019\/11\/Hamiltn-Mourao-1024x682.jpg","width":1024,"height":682},"full":{"url":"https:\/\/construcaocivil.siriusmarketingedesign.com.br\/wp-content\/uploads\/2019\/11\/Hamiltn-Mourao.jpg","width":1280,"height":853}},"spectra_blocks_author_info":{"display_name":"Jornal da Constru\u00e7\u00e3o Civil","avatar_url":"https:\/\/secure.gravatar.com\/avatar\/973c9774fd44ddaceb026973c4962faa70fc512bc4c9da68e8ebb40fecee6540?s=96&d=mm&r=g","author_link":"https:\/\/construcaocivil.siriusmarketingedesign.com.br\/?author=1","description":"Desde de 2013, levando muitas informa\u00e7\u00f5es, lan\u00e7amentos e produtos de qualidade para toda cadeia produtiva da constru\u00e7\u00e3o. O Futuro da constru\u00e7\u00e3o passa por aqui,"},"uagb_featured_image_src":{"full":["https:\/\/construcaocivil.siriusmarketingedesign.com.br\/wp-content\/uploads\/2019\/11\/Hamiltn-Mourao.jpg",1280,853,false],"thumbnail":["https:\/\/construcaocivil.siriusmarketingedesign.com.br\/wp-content\/uploads\/2019\/11\/Hamiltn-Mourao-150x150.jpg",150,150,true],"medium":["https:\/\/construcaocivil.siriusmarketingedesign.com.br\/wp-content\/uploads\/2019\/11\/Hamiltn-Mourao-300x200.jpg",300,200,true],"medium_large":["https:\/\/construcaocivil.siriusmarketingedesign.com.br\/wp-content\/uploads\/2019\/11\/Hamiltn-Mourao-768x512.jpg",768,512,true],"large":["https:\/\/construcaocivil.siriusmarketingedesign.com.br\/wp-content\/uploads\/2019\/11\/Hamiltn-Mourao-1024x682.jpg",1024,682,true],"1536x1536":["https:\/\/construcaocivil.siriusmarketingedesign.com.br\/wp-content\/uploads\/2019\/11\/Hamiltn-Mourao.jpg",1280,853,false],"2048x2048":["https:\/\/construcaocivil.siriusmarketingedesign.com.br\/wp-content\/uploads\/2019\/11\/Hamiltn-Mourao.jpg",1280,853,false]},"uagb_author_info":{"display_name":"Jornal da Constru\u00e7\u00e3o Civil","author_link":"https:\/\/construcaocivil.siriusmarketingedesign.com.br\/?author=1"},"uagb_comment_info":0,"uagb_excerpt":"Novembro, 2019 &#8211; O Vice-Presidente do Brasil, Hamilton Mour\u00e3o, anunciou para mar\u00e7o de 2020 a primeira viagem oficial do Governo Federal ao continente africano. A declara\u00e7\u00e3o foi feita durante a abertura do F\u00f3rum Brasil \u00c1frica 2019. &#8220;As rela\u00e7\u00f5es com a \u00c1frica s\u00e3o e ser\u00e3o priorit\u00e1rias para o Brasil e o para os brasileiros\u201d, declarou.. Em&hellip;","_links":{"self":[{"href":"https:\/\/construcaocivil.siriusmarketingedesign.com.br\/index.php?rest_route=\/wp\/v2\/posts\/12857","targetHints":{"allow":["GET"]}}],"collection":[{"href":"https:\/\/construcaocivil.siriusmarketingedesign.com.br\/index.php?rest_route=\/wp\/v2\/posts"}],"about":[{"href":"https:\/\/construcaocivil.siriusmarketingedesign.com.br\/index.php?rest_route=\/wp\/v2\/types\/post"}],"author":[{"embeddable":true,"href":"https:\/\/construcaocivil.siriusmarketingedesign.com.br\/index.php?rest_route=\/wp\/v2\/users\/1"}],"replies":[{"embeddable":true,"href":"https:\/\/construcaocivil.siriusmarketingedesign.com.br\/index.php?rest_route=%2Fwp%2Fv2%2Fcomments&post=12857"}],"version-history":[{"count":0,"href":"https:\/\/construcaocivil.siriusmarketingedesign.com.br\/index.php?rest_route=\/wp\/v2\/posts\/12857\/revisions"}],"wp:featuredmedia":[{"embeddable":true,"href":"https:\/\/construcaocivil.siriusmarketingedesign.com.br\/index.php?rest_route=\/wp\/v2\/media\/12858"}],"wp:attachment":[{"href":"https:\/\/construcaocivil.siriusmarketingedesign.com.br\/index.php?rest_route=%2Fwp%2Fv2%2Fmedia&parent=12857"}],"wp:term":[{"taxonomy":"category","embeddable":true,"href":"https:\/\/construcaocivil.siriusmarketingedesign.com.br\/index.php?rest_route=%2Fwp%2Fv2%2Fcategories&post=12857"},{"taxonomy":"post_tag","embeddable":true,"href":"https:\/\/construcaocivil.siriusmarketingedesign.com.br\/index.php?rest_route=%2Fwp%2Fv2%2Ftags&post=12857"}],"curies":[{"name":"wp","href":"https:\/\/api.w.org\/{rel}","templated":true}]}}