{"id":12860,"date":"2019-11-14T12:38:57","date_gmt":"2019-11-14T14:38:57","guid":{"rendered":"https:\/\/www.jornaldaconstrucaocivil.com.br\/?p=12860"},"modified":"2019-11-14T12:38:57","modified_gmt":"2019-11-14T14:38:57","slug":"porto-do-acu-promove-5o-encontro-de-agentes-maritimos-no-empreendimento","status":"publish","type":"post","link":"https:\/\/construcaocivil.siriusmarketingedesign.com.br\/?p=12860","title":{"rendered":"Porto do A\u00e7u promove 5\u00ba Encontro de Agentes Mar\u00edtimos no empreendimento"},"content":{"rendered":"<p style=\"font-weight: 400; text-align: justify;\"><span style=\"color: #993300;\">Novembro, 2019 <\/span><strong>\u2013<\/strong>\u00a0O Porto do A\u00e7u promoveu ontem, 12, o 5\u00ba Encontro de Agentes Mar\u00edtimos no empreendimento, em S\u00e3o Jo\u00e3o da Barra. Estiveram presentes no evento profissionais de ag\u00eancias mar\u00edtimas que j\u00e1 atuam no Complexo, operadores que atuam nos terminais instalados no empreendimento ou nas empresas de apoio portu\u00e1rio (rebocadores, lanchas da praticagem, barcos de servi\u00e7os). O objetivo do encontro foi aproximar ainda mais os diversos atores envolvidos nas opera\u00e7\u00f5es do porto e atualiz\u00e1-los sobre o atual cen\u00e1rio do A\u00e7u.<\/p>\n<p style=\"font-weight: 400; text-align: justify;\">Na palestra<span style=\"color: #993300;\"> \u201cComunidade Mar\u00edtima Portu\u00e1ria no Porto do A\u00e7u\u201d<\/span>, foram abordados temas relevantes, tais como: sistema de controle de tr\u00e1fego VTS\/VTMIS utilizado no Porto do A\u00e7u e Regulamento Portu\u00e1rio \u2013 atribui\u00e7\u00f5es e facilidades para os usu\u00e1rios do A\u00e7u. O encontro tamb\u00e9m abordou assuntos do dia a dia dos agentes mar\u00edtimos que atuam no Complexo.<\/p>\n<p style=\"font-weight: 400; text-align: justify;\">O A\u00e7u conta com VTS no controle do tr\u00e1fego aquavi\u00e1rio desde 2015 e, segundo Mario Rodrigues, gerente de Navega\u00e7\u00e3o da Porto do A\u00e7u, a empresa tem compartilhado sua experi\u00eancia com outros portos brasileiros interessados em absorver as melhores pr\u00e1ticas de monitoramento em seus terminais. \u201cComo primeiro porto brasileiro a contar com o VTS, continuamos empenhados em manter nosso sistema de monitoramento sempre atualizado, com as melhores tecnologias e viabilizando a m\u00e1xima seguran\u00e7a mar\u00edtima. Considerando somente o ano de 2019 deveremos atingir a marca de 6.000 manobras monitoradas pelo VTS sem nenhum acidente. O entendimento do agente mar\u00edtimo sobre as funcionalidades do VTS \u00e9 essencial para a dissemina\u00e7\u00e3o do conceito de seguran\u00e7a nas opera\u00e7\u00f5es mar\u00edtimas\u201d.<\/p>\n<p style=\"font-weight: 400; text-align: justify;\">O especialista em Opera\u00e7\u00f5es Mar\u00edtimas da Porto do A\u00e7u, Rogerio Oeda, falou sobre a satisfa\u00e7\u00e3o de sediar \u00e0 5\u00ba edi\u00e7\u00e3o deste encontro: \u201cAcho fundamental que os encontros continuem acontecendo, sempre mesclando informa\u00e7\u00e3o sobre o Complexo e promovendo networking, O Complexo tem novos n\u00fameros, novos neg\u00f3cios e muitas informa\u00e7\u00f5es para serem divididas. Fazemos quest\u00e3o de manter todos atualizados, contribuindo para o estreitamento da rela\u00e7\u00e3o entre os agentes mar\u00edtimos e os profissionais do empreendimento\u201d, concluiu.<\/p>\n<p>Fonte: Imprensa\/ Prumo Log\u00edstica<\/p>\n","protected":false},"excerpt":{"rendered":"<p>Novembro, 2019 \u2013\u00a0O Porto do A\u00e7u promoveu ontem, 12, o 5\u00ba Encontro de Agentes Mar\u00edtimos no empreendimento, em S\u00e3o Jo\u00e3o da Barra. Estiveram presentes no evento profissionais de ag\u00eancias mar\u00edtimas que j\u00e1 atuam no Complexo, operadores que atuam nos terminais instalados no empreendimento ou nas empresas de apoio portu\u00e1rio (rebocadores, lanchas da praticagem, barcos de [&hellip;]<\/p>\n","protected":false},"author":1,"featured_media":12861,"comment_status":"open","ping_status":"open","sticky":false,"template":"","format":"standard","meta":{"_uag_custom_page_level_css":"","footnotes":""},"categories":[27],"tags":[17986,17987,17988,9146,9810,10648,17989],"class_list":["post-12860","post","type-post","status-publish","format-standard","has-post-thumbnail","hentry","category-acontece","tag-5o-encontro-de-agentes-maritimos","tag-controle-de-trafego-vts-vtmis","tag-exportacao-de-minerio-e-graos","tag-porto-do-acu","tag-prumo-logistica","tag-sao-joao-da-barra-rj","tag-servicos-portuarios"],"blocksy_meta":[],"spectra_blocks_featured_image_url":{"thumbnail":{"url":"https:\/\/construcaocivil.siriusmarketingedesign.com.br\/wp-content\/uploads\/2019\/11\/5\u00ba-Encontro-Agentes-Mar\u00edtimos-150x150.jpeg","width":150,"height":150},"medium":{"url":"https:\/\/construcaocivil.siriusmarketingedesign.com.br\/wp-content\/uploads\/2019\/11\/5\u00ba-Encontro-Agentes-Mar\u00edtimos-300x225.jpeg","width":300,"height":225},"medium_large":{"url":"https:\/\/construcaocivil.siriusmarketingedesign.com.br\/wp-content\/uploads\/2019\/11\/5\u00ba-Encontro-Agentes-Mar\u00edtimos-768x576.jpeg","width":768,"height":576},"large":{"url":"https:\/\/construcaocivil.siriusmarketingedesign.com.br\/wp-content\/uploads\/2019\/11\/5\u00ba-Encontro-Agentes-Mar\u00edtimos-1024x768.jpeg","width":1024,"height":768},"full":{"url":"https:\/\/construcaocivil.siriusmarketingedesign.com.br\/wp-content\/uploads\/2019\/11\/5\u00ba-Encontro-Agentes-Mar\u00edtimos.jpeg","width":1280,"height":960}},"spectra_blocks_author_info":{"display_name":"Jornal da Constru\u00e7\u00e3o Civil","avatar_url":"https:\/\/secure.gravatar.com\/avatar\/973c9774fd44ddaceb026973c4962faa70fc512bc4c9da68e8ebb40fecee6540?s=96&d=mm&r=g","author_link":"https:\/\/construcaocivil.siriusmarketingedesign.com.br\/?author=1","description":"Desde de 2013, levando muitas informa\u00e7\u00f5es, lan\u00e7amentos e produtos de qualidade para toda cadeia produtiva da constru\u00e7\u00e3o. O Futuro da constru\u00e7\u00e3o passa por aqui,"},"uagb_featured_image_src":{"full":["https:\/\/construcaocivil.siriusmarketingedesign.com.br\/wp-content\/uploads\/2019\/11\/5\u00ba-Encontro-Agentes-Mar\u00edtimos.jpeg",1280,960,false],"thumbnail":["https:\/\/construcaocivil.siriusmarketingedesign.com.br\/wp-content\/uploads\/2019\/11\/5\u00ba-Encontro-Agentes-Mar\u00edtimos-150x150.jpeg",150,150,true],"medium":["https:\/\/construcaocivil.siriusmarketingedesign.com.br\/wp-content\/uploads\/2019\/11\/5\u00ba-Encontro-Agentes-Mar\u00edtimos-300x225.jpeg",300,225,true],"medium_large":["https:\/\/construcaocivil.siriusmarketingedesign.com.br\/wp-content\/uploads\/2019\/11\/5\u00ba-Encontro-Agentes-Mar\u00edtimos-768x576.jpeg",768,576,true],"large":["https:\/\/construcaocivil.siriusmarketingedesign.com.br\/wp-content\/uploads\/2019\/11\/5\u00ba-Encontro-Agentes-Mar\u00edtimos-1024x768.jpeg",1024,768,true],"1536x1536":["https:\/\/construcaocivil.siriusmarketingedesign.com.br\/wp-content\/uploads\/2019\/11\/5\u00ba-Encontro-Agentes-Mar\u00edtimos.jpeg",1280,960,false],"2048x2048":["https:\/\/construcaocivil.siriusmarketingedesign.com.br\/wp-content\/uploads\/2019\/11\/5\u00ba-Encontro-Agentes-Mar\u00edtimos.jpeg",1280,960,false]},"uagb_author_info":{"display_name":"Jornal da Constru\u00e7\u00e3o Civil","author_link":"https:\/\/construcaocivil.siriusmarketingedesign.com.br\/?author=1"},"uagb_comment_info":0,"uagb_excerpt":"Novembro, 2019 \u2013\u00a0O Porto do A\u00e7u promoveu ontem, 12, o 5\u00ba Encontro de Agentes Mar\u00edtimos no empreendimento, em S\u00e3o Jo\u00e3o da Barra. Estiveram presentes no evento profissionais de ag\u00eancias mar\u00edtimas que j\u00e1 atuam no Complexo, operadores que atuam nos terminais instalados no empreendimento ou nas empresas de apoio portu\u00e1rio (rebocadores, lanchas da praticagem, barcos de&hellip;","_links":{"self":[{"href":"https:\/\/construcaocivil.siriusmarketingedesign.com.br\/index.php?rest_route=\/wp\/v2\/posts\/12860","targetHints":{"allow":["GET"]}}],"collection":[{"href":"https:\/\/construcaocivil.siriusmarketingedesign.com.br\/index.php?rest_route=\/wp\/v2\/posts"}],"about":[{"href":"https:\/\/construcaocivil.siriusmarketingedesign.com.br\/index.php?rest_route=\/wp\/v2\/types\/post"}],"author":[{"embeddable":true,"href":"https:\/\/construcaocivil.siriusmarketingedesign.com.br\/index.php?rest_route=\/wp\/v2\/users\/1"}],"replies":[{"embeddable":true,"href":"https:\/\/construcaocivil.siriusmarketingedesign.com.br\/index.php?rest_route=%2Fwp%2Fv2%2Fcomments&post=12860"}],"version-history":[{"count":0,"href":"https:\/\/construcaocivil.siriusmarketingedesign.com.br\/index.php?rest_route=\/wp\/v2\/posts\/12860\/revisions"}],"wp:featuredmedia":[{"embeddable":true,"href":"https:\/\/construcaocivil.siriusmarketingedesign.com.br\/index.php?rest_route=\/wp\/v2\/media\/12861"}],"wp:attachment":[{"href":"https:\/\/construcaocivil.siriusmarketingedesign.com.br\/index.php?rest_route=%2Fwp%2Fv2%2Fmedia&parent=12860"}],"wp:term":[{"taxonomy":"category","embeddable":true,"href":"https:\/\/construcaocivil.siriusmarketingedesign.com.br\/index.php?rest_route=%2Fwp%2Fv2%2Fcategories&post=12860"},{"taxonomy":"post_tag","embeddable":true,"href":"https:\/\/construcaocivil.siriusmarketingedesign.com.br\/index.php?rest_route=%2Fwp%2Fv2%2Ftags&post=12860"}],"curies":[{"name":"wp","href":"https:\/\/api.w.org\/{rel}","templated":true}]}}