{"id":12863,"date":"2019-11-14T13:12:09","date_gmt":"2019-11-14T15:12:09","guid":{"rendered":"https:\/\/www.jornaldaconstrucaocivil.com.br\/?p=12863"},"modified":"2019-11-14T13:12:09","modified_gmt":"2019-11-14T15:12:09","slug":"nota-publica-a-cana-sera-devastadora-para-a-amazonia-e-insustentavel-para-o-planeta","status":"publish","type":"post","link":"https:\/\/construcaocivil.siriusmarketingedesign.com.br\/?p=12863","title":{"rendered":"Nota P\u00fablica: A cana ser\u00e1 devastadora para a Amaz\u00f4nia e insustent\u00e1vel para o planeta"},"content":{"rendered":"<blockquote><p><span style=\"color: #0000ff;\"><em>\u201cDessa maneira, a Igreja se compromete a ser aliada dos povos amaz\u00f4nicos para denunciar os ataques \u00e0 vida das comunidades ind\u00edgenas, os projetos que afetam o meio ambiente, a falta de demarca\u00e7\u00e3o de seus territ\u00f3rios e o modelo econ\u00f4mico. De desenvolvimento predat\u00f3rio e ecocida.\u201d Documento Final do S\u00ednodo da Amaz\u00f4nia, n. 46<\/em><\/span><\/p><\/blockquote>\n<p style=\"text-align: justify;\">A perspectiva da sustentabilidade e do bem viver na Amaz\u00f4nia s\u00f3 tende a piorar depois do Decreto 10.084 de 05 de Novembro de 2019 do Governo Federal, que aguardou a finaliza\u00e7\u00e3o do S\u00ednodo da Amaz\u00f4nia para revogar o zoneamento ambiental de 2009 e liberar a produ\u00e7\u00e3o de cana-de-a\u00e7\u00facar para etanol na Amaz\u00f4nia e no Pantanal. As comunidades amaz\u00f4nidas e pantaneiras devem resistir e se opor mais uma vez, como em 2005, contra o plantio de cana e as usinas de etanol, que amea\u00e7am expandir o latif\u00fandio e originar mais viol\u00eancia e conflitos agr\u00e1rios, pois prejudicam especialmente os\u00a0 territ\u00f3rios da Amaz\u00f4nia e do Pantanal, desequilibrando os ecossistemas e a vida em dois dos biomas naturais mais importantes do Brasil.<\/p>\n<p style=\"text-align: justify;\">A libera\u00e7\u00e3o do plantio de cana-de-a\u00e7\u00facar j\u00e1 estava prevista e agora aparece claramente como um dos fatores que provocou o aumento da grilagem e das queimadas este ano, assim como o acirramento dos despejos de camponeses em 2019, criando mais cobi\u00e7a e press\u00e3o fundi\u00e1ria acima dos territ\u00f3rios das comunidades tradicionais e de pequenos agricultores. Antes mesmo do decreto, promotores de usinas de etanol j\u00e1 estavam incentivando o cultivo intensivo de cana em algumas regi\u00f5es amaz\u00f4nicas, como no Estado do Acre e em Porto Velho (RO), oferecendo supostas vantagens aos pequenos produtores, com o objetivo de transformar o territ\u00f3rio de vida do campesinato nas monoculturas da morte do agroneg\u00f3cio.<\/p>\n<p style=\"text-align: justify;\">J\u00e1 \u00e9 comprovado que os problemas ambientais e sociais da monocultura da cana atingem diretamente os povos ind\u00edgenas e as comunidades tradicionais, afetando todos os camponeses com a contamina\u00e7\u00e3o dos entornos dos canaviais pelo uso de agrot\u00f3xicos. A monocultura adoece as pessoas, emprega com superexplora\u00e7\u00e3o ou por trabalho escravo, contamina o solo e as \u00e1guas, envenena a vegeta\u00e7\u00e3o e os animais, provoca inseguran\u00e7a alimentar e a morte dos peixes, dos campos naturais e dos cultivos das v\u00e1rzeas. O plantio de cana no Pantanal incidir\u00e1 diretamente no turismo regional e intensivamente nas \u00e1reas ind\u00edgenas. Considerando inicialmente que a cana compete com \u00e1reas da soja e pecu\u00e1ria, na Amaz\u00f4nia produz-se o deslocamento da fronteira agr\u00edcola para os limites das \u00e1reas protegidas e territ\u00f3rios tradicionais, traduzindo-se em mais grilagem, desmatamento, viol\u00eancia e conflitos no campo. Ainda, a queima da cana para a colheita traz mais risco de inc\u00eandios e queimadas. Assim o plantio tamb\u00e9m ser\u00e1 respons\u00e1vel direta e indiretamente pela redu\u00e7\u00e3o das chuvas fornecidas pelos rios voadores, que carregam umidade da Bacia Amaz\u00f4nica para o Centro-Oeste, Sudeste e Sul do Brasil, Um cen\u00e1rio que contribui com o aquecimento global e agrava os efeitos das mudan\u00e7as clim\u00e1ticas, com resultados negativos na redu\u00e7\u00e3o de emiss\u00f5es brasileiras de carbono.<\/p>\n<p style=\"text-align: justify;\">\u00c9 uma fal\u00e1cia achar que o uso da porcentagem de etanol na gasolina dos carros, seja aqui ou na Uni\u00e3o Europeia, faz mais sustent\u00e1vel o transporte. O etanol na Amaz\u00f4nia e no Pantanal representa um cen\u00e1rio de mais viol\u00eancia, morte e destrui\u00e7\u00e3o para os povos e para os biomas atingidos, que tamb\u00e9m n\u00e3o resultar\u00e1 em maiores lucros para o setor sucroalcooleiro, pois deve motivar a redu\u00e7\u00e3o das exporta\u00e7\u00f5es sujas com as cinzas das florestas amaz\u00f4nicas, e inclusive comprometer os programas europeus de uso de etanol.<\/p>\n<p style=\"text-align: justify;\">O sacrif\u00edcio em novembro de 2005 do ambientalista Francisco Anselmo (Francelmo) e a persist\u00eancia das comunidades aben\u00e7oadas pela Cria\u00e7\u00e3o Divina, que protegem e guardam as \u00e1guas, os campos e as florestas tropicais da Amaz\u00f4nia e do Pantanal, n\u00e3o ser\u00e3o em v\u00e3o.<\/p>\n<p style=\"text-align: center;\"><b>Articula\u00e7\u00e3o das CPT\u2019s da Amaz\u00f4nia, 14 de Novembro de 2019<\/b><\/p>\n<p>Imprensa\/Comiss\u00e3o Pastoral da Terra<\/p>\n","protected":false},"excerpt":{"rendered":"<p>\u201cDessa maneira, a Igreja se compromete a ser aliada dos povos amaz\u00f4nicos para denunciar os ataques \u00e0 vida das comunidades ind\u00edgenas, os projetos que afetam o meio ambiente, a falta de demarca\u00e7\u00e3o de seus territ\u00f3rios e o modelo econ\u00f4mico. De desenvolvimento predat\u00f3rio e ecocida.\u201d Documento Final do S\u00ednodo da Amaz\u00f4nia, n. 46 A perspectiva da [&hellip;]<\/p>\n","protected":false},"author":1,"featured_media":12864,"comment_status":"open","ping_status":"open","sticky":false,"template":"","format":"standard","meta":{"_uag_custom_page_level_css":"","footnotes":""},"categories":[37],"tags":[529,17991,1574,2499,4094,17990,14662],"class_list":["post-12863","post","type-post","status-publish","format-standard","has-post-thumbnail","hentry","category-sustentabilidade","tag-agricultura","tag-agricultura-sustentavel-x-destruicao","tag-brasilia-df","tag-comissao-pastoral-da-terra","tag-embrapa","tag-producao-de-cana-de-acucar-na-amazonia-gera-polemica","tag-regiao-amazonica"],"blocksy_meta":[],"spectra_blocks_featured_image_url":{"thumbnail":{"url":"https:\/\/construcaocivil.siriusmarketingedesign.com.br\/wp-content\/uploads\/2019\/11\/CANA-150x150.jpg","width":150,"height":150},"medium":{"url":"https:\/\/construcaocivil.siriusmarketingedesign.com.br\/wp-content\/uploads\/2019\/11\/CANA.jpg","width":297,"height":170},"medium_large":{"url":"https:\/\/construcaocivil.siriusmarketingedesign.com.br\/wp-content\/uploads\/2019\/11\/CANA.jpg","width":297,"height":170},"large":{"url":"https:\/\/construcaocivil.siriusmarketingedesign.com.br\/wp-content\/uploads\/2019\/11\/CANA.jpg","width":297,"height":170},"full":{"url":"https:\/\/construcaocivil.siriusmarketingedesign.com.br\/wp-content\/uploads\/2019\/11\/CANA.jpg","width":297,"height":170}},"spectra_blocks_author_info":{"display_name":"Jornal da Constru\u00e7\u00e3o Civil","avatar_url":"https:\/\/secure.gravatar.com\/avatar\/973c9774fd44ddaceb026973c4962faa70fc512bc4c9da68e8ebb40fecee6540?s=96&d=mm&r=g","author_link":"https:\/\/construcaocivil.siriusmarketingedesign.com.br\/?author=1","description":"Desde de 2013, levando muitas informa\u00e7\u00f5es, lan\u00e7amentos e produtos de qualidade para toda cadeia produtiva da constru\u00e7\u00e3o. O Futuro da constru\u00e7\u00e3o passa por aqui,"},"uagb_featured_image_src":{"full":["https:\/\/construcaocivil.siriusmarketingedesign.com.br\/wp-content\/uploads\/2019\/11\/CANA.jpg",297,170,false],"thumbnail":["https:\/\/construcaocivil.siriusmarketingedesign.com.br\/wp-content\/uploads\/2019\/11\/CANA-150x150.jpg",150,150,true],"medium":["https:\/\/construcaocivil.siriusmarketingedesign.com.br\/wp-content\/uploads\/2019\/11\/CANA.jpg",297,170,false],"medium_large":["https:\/\/construcaocivil.siriusmarketingedesign.com.br\/wp-content\/uploads\/2019\/11\/CANA.jpg",297,170,false],"large":["https:\/\/construcaocivil.siriusmarketingedesign.com.br\/wp-content\/uploads\/2019\/11\/CANA.jpg",297,170,false],"1536x1536":["https:\/\/construcaocivil.siriusmarketingedesign.com.br\/wp-content\/uploads\/2019\/11\/CANA.jpg",297,170,false],"2048x2048":["https:\/\/construcaocivil.siriusmarketingedesign.com.br\/wp-content\/uploads\/2019\/11\/CANA.jpg",297,170,false]},"uagb_author_info":{"display_name":"Jornal da Constru\u00e7\u00e3o Civil","author_link":"https:\/\/construcaocivil.siriusmarketingedesign.com.br\/?author=1"},"uagb_comment_info":0,"uagb_excerpt":"\u201cDessa maneira, a Igreja se compromete a ser aliada dos povos amaz\u00f4nicos para denunciar os ataques \u00e0 vida das comunidades ind\u00edgenas, os projetos que afetam o meio ambiente, a falta de demarca\u00e7\u00e3o de seus territ\u00f3rios e o modelo econ\u00f4mico. De desenvolvimento predat\u00f3rio e ecocida.\u201d Documento Final do S\u00ednodo da Amaz\u00f4nia, n. 46 A perspectiva da&hellip;","_links":{"self":[{"href":"https:\/\/construcaocivil.siriusmarketingedesign.com.br\/index.php?rest_route=\/wp\/v2\/posts\/12863","targetHints":{"allow":["GET"]}}],"collection":[{"href":"https:\/\/construcaocivil.siriusmarketingedesign.com.br\/index.php?rest_route=\/wp\/v2\/posts"}],"about":[{"href":"https:\/\/construcaocivil.siriusmarketingedesign.com.br\/index.php?rest_route=\/wp\/v2\/types\/post"}],"author":[{"embeddable":true,"href":"https:\/\/construcaocivil.siriusmarketingedesign.com.br\/index.php?rest_route=\/wp\/v2\/users\/1"}],"replies":[{"embeddable":true,"href":"https:\/\/construcaocivil.siriusmarketingedesign.com.br\/index.php?rest_route=%2Fwp%2Fv2%2Fcomments&post=12863"}],"version-history":[{"count":0,"href":"https:\/\/construcaocivil.siriusmarketingedesign.com.br\/index.php?rest_route=\/wp\/v2\/posts\/12863\/revisions"}],"wp:featuredmedia":[{"embeddable":true,"href":"https:\/\/construcaocivil.siriusmarketingedesign.com.br\/index.php?rest_route=\/wp\/v2\/media\/12864"}],"wp:attachment":[{"href":"https:\/\/construcaocivil.siriusmarketingedesign.com.br\/index.php?rest_route=%2Fwp%2Fv2%2Fmedia&parent=12863"}],"wp:term":[{"taxonomy":"category","embeddable":true,"href":"https:\/\/construcaocivil.siriusmarketingedesign.com.br\/index.php?rest_route=%2Fwp%2Fv2%2Fcategories&post=12863"},{"taxonomy":"post_tag","embeddable":true,"href":"https:\/\/construcaocivil.siriusmarketingedesign.com.br\/index.php?rest_route=%2Fwp%2Fv2%2Ftags&post=12863"}],"curies":[{"name":"wp","href":"https:\/\/api.w.org\/{rel}","templated":true}]}}