{"id":1291,"date":"2016-04-05T17:39:08","date_gmt":"2016-04-05T17:39:08","guid":{"rendered":"http:\/\/www.jornaldaconstrucaocivil.com.br\/?p=1291"},"modified":"2016-04-05T17:39:08","modified_gmt":"2016-04-05T17:39:08","slug":"mobilidade-urbana-linha-4-do-metro-rj","status":"publish","type":"post","link":"https:\/\/construcaocivil.siriusmarketingedesign.com.br\/?p=1291","title":{"rendered":"Mobilidade Urbana: Linha 4 do Metr\u00f4-RJ"},"content":{"rendered":"<div><\/div>\n<div>\n<p><span style=\"color: #ff0000;\"><strong>Tatuz\u00e3o na reta final<\/strong><\/span><\/p>\n<p><span style=\"color: #000000;\">Faltam apenas 46 metros para a conclus\u00e3o da escava\u00e7\u00e3o dos t\u00faneis da Linha 4 do Metr\u00f4 no eixo Barra da Tijuca &#8211; Ipanema. Neste v\u00eddeo, gravado entre a expans\u00e3o da Esta\u00e7\u00e3o General Os\u00f3rio, em Ipanema, e a Esta\u00e7\u00e3o Jardim de Alah, no Leblon, \u00e9 poss\u00edvel ver os t\u00faneis prontos, inclusive com trilhos instalados. Para a conclus\u00e3o da instala\u00e7\u00e3o dos trilhos, resta apenas um quil\u00f4metro. As imagens simulam o avan\u00e7o do \u2018Tatuz\u00e3o\u2019, que j\u00e1 passou pelas esta\u00e7\u00f5es Nossa Senhora da Paz, Jardim de Alah e Antero de Quental. Agora, a m\u00e1quina se encontra sob o maci\u00e7o do Alto Leblon.<\/span><\/p>\n<p>Assista ao V\u00eddeo:<\/p>\n<div style=\"width: 1290px;\" class=\"wp-video\"><video class=\"wp-video-shortcode\" id=\"video-1291-1\" width=\"1290\" height=\"726\" preload=\"metadata\" controls=\"controls\"><source type=\"video\/mp4\" src=\"http:\/\/www.jornaldaconstrucaocivil.com.br\/wp-content\/uploads\/2016\/04\/Meu-Filme.mp4?_=1\" \/><a href=\"http:\/\/www.jornaldaconstrucaocivil.com.br\/wp-content\/uploads\/2016\/04\/Meu-Filme.mp4\">http:\/\/www.jornaldaconstrucaocivil.com.br\/wp-content\/uploads\/2016\/04\/Meu-Filme.mp4<\/a><\/video><\/div>\n<p><strong><span style=\"color: #800000;\">Fonte: Assessoria de imprensa\u00a0da Linha 4 do Metr\u00f4<\/span><\/strong><\/p>\n<\/div>\n","protected":false},"excerpt":{"rendered":"<p>Tatuz\u00e3o na reta final Faltam apenas 46 metros para a conclus\u00e3o da escava\u00e7\u00e3o dos t\u00faneis da Linha 4 do Metr\u00f4 no eixo Barra da Tijuca &#8211; Ipanema. Neste v\u00eddeo, gravado entre a expans\u00e3o da Esta\u00e7\u00e3o General Os\u00f3rio, em Ipanema, e a Esta\u00e7\u00e3o Jardim de Alah, no Leblon, \u00e9 poss\u00edvel ver os t\u00faneis prontos, inclusive com [&hellip;]<\/p>\n","protected":false},"author":1,"featured_media":0,"comment_status":"open","ping_status":"open","sticky":false,"template":"","format":"standard","meta":{"_uag_custom_page_level_css":"","footnotes":""},"categories":[31],"tags":[6895,7773,10368,10375,11530],"class_list":["post-1291","post","type-post","status-publish","format-standard","hentry","category-infraestrutura","tag-linha-4-do-metro","tag-mobilidade-urbana","tag-rio-2016","tag-rio-de-janeiro","tag-tatuzao"],"blocksy_meta":[],"spectra_blocks_featured_image_url":null,"spectra_blocks_author_info":{"display_name":"Jornal da Constru\u00e7\u00e3o Civil","avatar_url":"https:\/\/secure.gravatar.com\/avatar\/973c9774fd44ddaceb026973c4962faa70fc512bc4c9da68e8ebb40fecee6540?s=96&d=mm&r=g","author_link":"https:\/\/construcaocivil.siriusmarketingedesign.com.br\/?author=1","description":"Desde de 2013, levando muitas informa\u00e7\u00f5es, lan\u00e7amentos e produtos de qualidade para toda cadeia produtiva da constru\u00e7\u00e3o. O Futuro da constru\u00e7\u00e3o passa por aqui,"},"uagb_featured_image_src":{"full":false,"thumbnail":false,"medium":false,"medium_large":false,"large":false,"1536x1536":false,"2048x2048":false},"uagb_author_info":{"display_name":"Jornal da Constru\u00e7\u00e3o Civil","author_link":"https:\/\/construcaocivil.siriusmarketingedesign.com.br\/?author=1"},"uagb_comment_info":0,"uagb_excerpt":"Tatuz\u00e3o na reta final Faltam apenas 46 metros para a conclus\u00e3o da escava\u00e7\u00e3o dos t\u00faneis da Linha 4 do Metr\u00f4 no eixo Barra da Tijuca &#8211; Ipanema. Neste v\u00eddeo, gravado entre a expans\u00e3o da Esta\u00e7\u00e3o General Os\u00f3rio, em Ipanema, e a Esta\u00e7\u00e3o Jardim de Alah, no Leblon, \u00e9 poss\u00edvel ver os t\u00faneis prontos, inclusive com&hellip;","_links":{"self":[{"href":"https:\/\/construcaocivil.siriusmarketingedesign.com.br\/index.php?rest_route=\/wp\/v2\/posts\/1291","targetHints":{"allow":["GET"]}}],"collection":[{"href":"https:\/\/construcaocivil.siriusmarketingedesign.com.br\/index.php?rest_route=\/wp\/v2\/posts"}],"about":[{"href":"https:\/\/construcaocivil.siriusmarketingedesign.com.br\/index.php?rest_route=\/wp\/v2\/types\/post"}],"author":[{"embeddable":true,"href":"https:\/\/construcaocivil.siriusmarketingedesign.com.br\/index.php?rest_route=\/wp\/v2\/users\/1"}],"replies":[{"embeddable":true,"href":"https:\/\/construcaocivil.siriusmarketingedesign.com.br\/index.php?rest_route=%2Fwp%2Fv2%2Fcomments&post=1291"}],"version-history":[{"count":0,"href":"https:\/\/construcaocivil.siriusmarketingedesign.com.br\/index.php?rest_route=\/wp\/v2\/posts\/1291\/revisions"}],"wp:attachment":[{"href":"https:\/\/construcaocivil.siriusmarketingedesign.com.br\/index.php?rest_route=%2Fwp%2Fv2%2Fmedia&parent=1291"}],"wp:term":[{"taxonomy":"category","embeddable":true,"href":"https:\/\/construcaocivil.siriusmarketingedesign.com.br\/index.php?rest_route=%2Fwp%2Fv2%2Fcategories&post=1291"},{"taxonomy":"post_tag","embeddable":true,"href":"https:\/\/construcaocivil.siriusmarketingedesign.com.br\/index.php?rest_route=%2Fwp%2Fv2%2Ftags&post=1291"}],"curies":[{"name":"wp","href":"https:\/\/api.w.org\/{rel}","templated":true}]}}