{"id":12913,"date":"2019-11-25T11:52:01","date_gmt":"2019-11-25T13:52:01","guid":{"rendered":"https:\/\/www.jornaldaconstrucaocivil.com.br\/?p=12913"},"modified":"2019-11-25T11:54:25","modified_gmt":"2019-11-25T13:54:25","slug":"construcao-civil-reunida-para-celebrar-e-prospectar-2020","status":"publish","type":"post","link":"https:\/\/construcaocivil.siriusmarketingedesign.com.br\/?p=12913","title":{"rendered":"Constru\u00e7\u00e3o Civil reunida para celebrar e prospectar 2020"},"content":{"rendered":"<p style=\"font-weight: 400; text-align: justify;\"><span style=\"color: #993300;\">Novembro, 2019<\/span> &#8211; Gestores, autoridades e grandes nomes das principais empresas da constru\u00e7\u00e3o civil e do mercado imobili\u00e1rio estar\u00e3o se reunindo no <strong>Museu Hist\u00f3rico Nacional<\/strong>\u00a0no pr\u00f3ximo\u00a0<strong>dia 26 de novembro<\/strong>\u00a0para uma noite de comemora\u00e7\u00f5es e perspectivas do segmento para 2020. O\u00a0<strong>Confraterniza Rio<\/strong>, promovido pelo Sindicato das Ind\u00fastrias da Constru\u00e7\u00e3o Civil (<strong>Sinduscon-Rio<\/strong>), pelo Servi\u00e7o Social da Ind\u00fastria da Constru\u00e7\u00e3o no Rio (<strong>Seconci-Rio<\/strong>) e pela Associa\u00e7\u00e3o de Dirigentes de Empresas do Mercado Imobili\u00e1rio (<strong>Ademi-Rio<\/strong>) celebrar\u00e1 ainda os 100 anos do Sinduscon-Rio e\u00a0 a premia\u00e7\u00e3o dos vencedores do Pr\u00eamio Vitae-Rio. Criado para dar mais visibilidade aos padr\u00f5es de excel\u00eancia em sa\u00fade e seguran\u00e7a das empresas de constru\u00e7\u00e3o, o Pr\u00eamio Vitae-Rio \u00e9 tamb\u00e9m um reconhecimento aos resultados positivos do setor no Munic\u00edpio do Rio de Janeiro, e que tem como objetivo contribuir para a evolu\u00e7\u00e3o dos processos de sa\u00fade e seguran\u00e7a do trabalho.<\/p>\n<p style=\"font-weight: 400; text-align: justify;\">Num ano marcado por dificuldades, h\u00e1 uma clara percep\u00e7\u00e3o de retomada: indicadores sinalizam que o segmento de edifica\u00e7\u00f5es residenciais aumentar\u00e1 nos pr\u00f3ximo dois anos, impulsionando o setor de servi\u00e7os especializados. Com um cen\u00e1rio favor\u00e1vel\u00a0 por\u00e9m modesto (infla\u00e7\u00e3o abaixo da meta, baixa de juros real, obras no mercado imobili\u00e1rio e \u00edndice de emprego em 3,5%), o evento visa consolidar a conquistas do setor e refletir sobre os obst\u00e1culos \u00e0 retomada, como o d\u00e9ficit habitacional \u00a0e a prec\u00e1ria infra-estrutura do pa\u00eds.\u00a0 \u00c9 preciso olhar para frente com estrat\u00e9gias de conting\u00eancia para reduzir custos de produ\u00e7\u00e3o e fomentar o investimento em habita\u00e7\u00e3o social, com papel preponderantes no crescimento.<\/p>\n<p style=\"font-weight: 400;\"><strong>SERVI\u00c7O:<\/strong><\/p>\n<p style=\"font-weight: 400;\">Confraterniza Rio<\/p>\n<p style=\"font-weight: 400;\">Data: 26 de novembro\u00a0 de 2019<\/p>\n<p style=\"font-weight: 400;\">Local: Museu Hist\u00f3rico Nacional<\/p>\n<p style=\"font-weight: 400;\">Endere\u00e7o: Pra\u00e7a Marechal \u00c2ncora, s\/n\u00ba &#8211; Centro \u2013 RJ<\/p>\n<p style=\"font-weight: 400;\">Hor\u00e1rio: A partir das 19h<\/p>\n<p>Fonte: Imprensa\/Seconci-Rio<\/p>\n","protected":false},"excerpt":{"rendered":"<p>Novembro, 2019 &#8211; Gestores, autoridades e grandes nomes das principais empresas da constru\u00e7\u00e3o civil e do mercado imobili\u00e1rio estar\u00e3o se reunindo no Museu Hist\u00f3rico Nacional\u00a0no pr\u00f3ximo\u00a0dia 26 de novembro\u00a0para uma noite de comemora\u00e7\u00f5es e perspectivas do segmento para 2020. O\u00a0Confraterniza Rio, promovido pelo Sindicato das Ind\u00fastrias da Constru\u00e7\u00e3o Civil (Sinduscon-Rio), pelo Servi\u00e7o Social da Ind\u00fastria [&hellip;]<\/p>\n","protected":false},"author":1,"featured_media":12914,"comment_status":"open","ping_status":"open","sticky":false,"template":"","format":"standard","meta":{"_uag_custom_page_level_css":"","footnotes":""},"categories":[33],"tags":[18058,18057,2826,18059,7563,18056,9348,10107,10375,10732,11164],"class_list":["post-12913","post","type-post","status-publish","format-standard","has-post-thumbnail","hentry","category-mercado","tag-ademi-rio","tag-construcao-mercado-2020","tag-construcao-civil","tag-credito-para-novas-construcoes","tag-mercado-imobiliario","tag-museu-historico-nacional-rj","tag-premio-vitae-rio","tag-regiao-metropolitana-rj","tag-rio-de-janeiro","tag-seconci-rio","tag-sinduscon-rio"],"blocksy_meta":[],"spectra_blocks_featured_image_url":{"thumbnail":{"url":"https:\/\/construcaocivil.siriusmarketingedesign.com.br\/wp-content\/uploads\/2019\/11\/MERCADO-150x150.jpg","width":150,"height":150},"medium":{"url":"https:\/\/construcaocivil.siriusmarketingedesign.com.br\/wp-content\/uploads\/2019\/11\/MERCADO-300x167.jpg","width":300,"height":167},"medium_large":{"url":"https:\/\/construcaocivil.siriusmarketingedesign.com.br\/wp-content\/uploads\/2019\/11\/MERCADO-768x427.jpg","width":768,"height":427},"large":{"url":"https:\/\/construcaocivil.siriusmarketingedesign.com.br\/wp-content\/uploads\/2019\/11\/MERCADO.jpg","width":800,"height":445},"full":{"url":"https:\/\/construcaocivil.siriusmarketingedesign.com.br\/wp-content\/uploads\/2019\/11\/MERCADO.jpg","width":800,"height":445}},"spectra_blocks_author_info":{"display_name":"Jornal da Constru\u00e7\u00e3o Civil","avatar_url":"https:\/\/secure.gravatar.com\/avatar\/973c9774fd44ddaceb026973c4962faa70fc512bc4c9da68e8ebb40fecee6540?s=96&d=mm&r=g","author_link":"https:\/\/construcaocivil.siriusmarketingedesign.com.br\/?author=1","description":"Desde de 2013, levando muitas informa\u00e7\u00f5es, lan\u00e7amentos e produtos de qualidade para toda cadeia produtiva da constru\u00e7\u00e3o. O Futuro da constru\u00e7\u00e3o passa por aqui,"},"uagb_featured_image_src":{"full":["https:\/\/construcaocivil.siriusmarketingedesign.com.br\/wp-content\/uploads\/2019\/11\/MERCADO.jpg",800,445,false],"thumbnail":["https:\/\/construcaocivil.siriusmarketingedesign.com.br\/wp-content\/uploads\/2019\/11\/MERCADO-150x150.jpg",150,150,true],"medium":["https:\/\/construcaocivil.siriusmarketingedesign.com.br\/wp-content\/uploads\/2019\/11\/MERCADO-300x167.jpg",300,167,true],"medium_large":["https:\/\/construcaocivil.siriusmarketingedesign.com.br\/wp-content\/uploads\/2019\/11\/MERCADO-768x427.jpg",768,427,true],"large":["https:\/\/construcaocivil.siriusmarketingedesign.com.br\/wp-content\/uploads\/2019\/11\/MERCADO.jpg",800,445,false],"1536x1536":["https:\/\/construcaocivil.siriusmarketingedesign.com.br\/wp-content\/uploads\/2019\/11\/MERCADO.jpg",800,445,false],"2048x2048":["https:\/\/construcaocivil.siriusmarketingedesign.com.br\/wp-content\/uploads\/2019\/11\/MERCADO.jpg",800,445,false]},"uagb_author_info":{"display_name":"Jornal da Constru\u00e7\u00e3o Civil","author_link":"https:\/\/construcaocivil.siriusmarketingedesign.com.br\/?author=1"},"uagb_comment_info":0,"uagb_excerpt":"Novembro, 2019 &#8211; Gestores, autoridades e grandes nomes das principais empresas da constru\u00e7\u00e3o civil e do mercado imobili\u00e1rio estar\u00e3o se reunindo no Museu Hist\u00f3rico Nacional\u00a0no pr\u00f3ximo\u00a0dia 26 de novembro\u00a0para uma noite de comemora\u00e7\u00f5es e perspectivas do segmento para 2020. O\u00a0Confraterniza Rio, promovido pelo Sindicato das Ind\u00fastrias da Constru\u00e7\u00e3o Civil (Sinduscon-Rio), pelo Servi\u00e7o Social da Ind\u00fastria&hellip;","_links":{"self":[{"href":"https:\/\/construcaocivil.siriusmarketingedesign.com.br\/index.php?rest_route=\/wp\/v2\/posts\/12913","targetHints":{"allow":["GET"]}}],"collection":[{"href":"https:\/\/construcaocivil.siriusmarketingedesign.com.br\/index.php?rest_route=\/wp\/v2\/posts"}],"about":[{"href":"https:\/\/construcaocivil.siriusmarketingedesign.com.br\/index.php?rest_route=\/wp\/v2\/types\/post"}],"author":[{"embeddable":true,"href":"https:\/\/construcaocivil.siriusmarketingedesign.com.br\/index.php?rest_route=\/wp\/v2\/users\/1"}],"replies":[{"embeddable":true,"href":"https:\/\/construcaocivil.siriusmarketingedesign.com.br\/index.php?rest_route=%2Fwp%2Fv2%2Fcomments&post=12913"}],"version-history":[{"count":0,"href":"https:\/\/construcaocivil.siriusmarketingedesign.com.br\/index.php?rest_route=\/wp\/v2\/posts\/12913\/revisions"}],"wp:featuredmedia":[{"embeddable":true,"href":"https:\/\/construcaocivil.siriusmarketingedesign.com.br\/index.php?rest_route=\/wp\/v2\/media\/12914"}],"wp:attachment":[{"href":"https:\/\/construcaocivil.siriusmarketingedesign.com.br\/index.php?rest_route=%2Fwp%2Fv2%2Fmedia&parent=12913"}],"wp:term":[{"taxonomy":"category","embeddable":true,"href":"https:\/\/construcaocivil.siriusmarketingedesign.com.br\/index.php?rest_route=%2Fwp%2Fv2%2Fcategories&post=12913"},{"taxonomy":"post_tag","embeddable":true,"href":"https:\/\/construcaocivil.siriusmarketingedesign.com.br\/index.php?rest_route=%2Fwp%2Fv2%2Ftags&post=12913"}],"curies":[{"name":"wp","href":"https:\/\/api.w.org\/{rel}","templated":true}]}}