{"id":12945,"date":"2019-11-29T14:21:19","date_gmt":"2019-11-29T16:21:19","guid":{"rendered":"https:\/\/www.jornaldaconstrucaocivil.com.br\/?p=12945"},"modified":"2019-11-29T14:21:19","modified_gmt":"2019-11-29T16:21:19","slug":"juros-baixos-impulsionam-mercado-imobiliario","status":"publish","type":"post","link":"https:\/\/construcaocivil.siriusmarketingedesign.com.br\/?p=12945","title":{"rendered":"Juros baixos impulsionam mercado imobili\u00e1rio"},"content":{"rendered":"<div>\n<div>\n<p style=\"text-align: justify;\"><span style=\"color: #993300;\">Novembro, 2019<\/span> &#8211; Considerado um dos mercados positivamente mais afetados pela Selic, o setor imobili\u00e1rio est\u00e1 reaquecido devido a taxa mais baixa j\u00e1 registrada na hist\u00f3ria (5%), aliado ao aumento de 0,4% no PIB e o crescimento de mais de 70 mil empregos de carteira assinada no Pa\u00eds, segundo o Minist\u00e9rio da Economia. Especialistas afirmam que esta \u00e9 a hora de compra de im\u00f3veis.<\/p>\n<p style=\"text-align: justify;\">Os bons indicadores da economia trazem tanto aquele que compra para morar quanto para investir. Com emprego, aquele que precisa comprar para morar tem como pagar as parcelas. Com a taxa de juros baixa, que \u00e9 hist\u00f3rica, a presta\u00e7\u00e3o cai muito, cerca de 30%.\u00a0\u201cO consumidor se sente mais seguro para comprar com os juros mais baixo, pois o valor da parcela cai, o que viabiliza a compra\u201d, explica o diretor da Partini Neg\u00f3cios Imobili\u00e1rios, Adriano Carrijo.<\/p>\n<p style=\"text-align: justify;\">J\u00e1 para quem quer investir, o maior atrativo \u00e9 o potencial de valoriza\u00e7\u00e3o dos im\u00f3veis, que se tornou bem maior do que o rendimento das aplica\u00e7\u00f5es financeiras &#8211; essas, por sua vez, ca\u00edram com a nova taxa Selic. Aplica\u00e7\u00f5es conservadoras como a caderneta de poupan\u00e7a perde para a infla\u00e7\u00e3o projetada para os pr\u00f3ximos 12 meses. \u201cEnquanto isso, a valoriza\u00e7\u00e3o do im\u00f3vel na capital, chegou a 25,9% nos \u00faltimos cinco anos, segundo pesquisa da Associa\u00e7\u00e3o das Empresas do Mercado Imobili\u00e1rio em Goi\u00e2nia. \u201cMesmo em um cen\u00e1rio de recupera\u00e7\u00e3o, n\u00e3o houve perdas para o investidor em im\u00f3veis, e agora o cen\u00e1rio \u00e9 de crescimento\u201d, diz Fernando Razuk, diretor da Somos Desenvolvimento Imobili\u00e1rio.<\/p>\n<p style=\"text-align: justify;\">Quem aproveitou esse momento favor\u00e1vel para a compra de um im\u00f3vel foi a aposentada Maria Dolores. Ela que j\u00e1 tem apartamento pr\u00f3prio, comprou outros tr\u00eas para investir. Um deles foi o apartamento no residencial Talk Marista, empreendimento da\u00a0GPL Incorporadora, Partini Neg\u00f3cios Imobili\u00e1rios e Somos Desenvolvimento Imobili\u00e1rio, lan\u00e7ado em novembro na Rua 146 do setor Marista, na Capital.<\/p>\n<p style=\"text-align: justify;\">\u201cNa hora de aplicar dinheiro acho mais interessante comprar im\u00f3veis, porque o investimento no banco d\u00e1 uma rentabilidade m\u00ednima. Se comprar o apartamento na planta, a tend\u00eancia \u00e9 que ele valorize quase o dobro quando estiver finalizado, me dando um retorno muito maior que na poupan\u00e7a, por exemplo\u201d, ressalta.<\/p>\n<p style=\"text-align: justify;\">Quem tamb\u00e9m quis aproveitar as taxas baixas foi a dona de casa Let\u00edcia Melo, que visitou o empreendimento. Ela que mora no Jardim Goi\u00e1s, est\u00e1 a procura de um apartamento maior, mais centralizado e que tenha um condom\u00ednio baixo. \u201cMesmo com as taxas e as presta\u00e7\u00f5es mais baixas, a gente n\u00e3o pode deixar de pensar no condom\u00ednio, que vai somar \u00e0s contas no fim do m\u00eas\u201d, frisa ela que cita a import\u00e2ncia da sustentabilidade e a gera\u00e7\u00e3o de energia limpa nos empreendimentos mais modernos para baixar o valor do condom\u00ednio.<\/p>\n<p style=\"text-align: justify;\">O Talk Marista atende exatamente esse perfil de p\u00fablico. Com torre \u00fanica, 26 pavimentos e apartamentos com 140 m\u00b2, o residencial conta com \u00e1rea de lazer completa e traz como diferencial, paineis de energia fotovoltaica que atender\u00e3o 100% da \u00e1rea comum, proporcionando uma economia anual estimada em R$ 80 mil para o condom\u00ednio.<\/p>\n<\/div>\n<\/div>\n","protected":false},"excerpt":{"rendered":"<p>Novembro, 2019 &#8211; Considerado um dos mercados positivamente mais afetados pela Selic, o setor imobili\u00e1rio est\u00e1 reaquecido devido a taxa mais baixa j\u00e1 registrada na hist\u00f3ria (5%), aliado ao aumento de 0,4% no PIB e o crescimento de mais de 70 mil empregos de carteira assinada no Pa\u00eds, segundo o Minist\u00e9rio da Economia. Especialistas afirmam [&hellip;]<\/p>\n","protected":false},"author":1,"featured_media":12946,"comment_status":"open","ping_status":"open","sticky":false,"template":"","format":"standard","meta":{"_uag_custom_page_level_css":"","footnotes":""},"categories":[30],"tags":[18099,18101,18103,5514,18102,18100,12275],"class_list":["post-12945","post","type-post","status-publish","format-standard","has-post-thumbnail","hentry","category-imoveis","tag-ademi-go","tag-aquecimento-das-vendas-de-imoveis","tag-bairro-setor-marista","tag-goiania-go","tag-partini-negocios-imobiliarios","tag-taxa-selic-mais-baixa-da-historia","tag-vendas-de-imoveis"],"blocksy_meta":[],"spectra_blocks_featured_image_url":{"thumbnail":{"url":"https:\/\/construcaocivil.siriusmarketingedesign.com.br\/wp-content\/uploads\/2019\/11\/TALK-17-150x150.jpg","width":150,"height":150},"medium":{"url":"https:\/\/construcaocivil.siriusmarketingedesign.com.br\/wp-content\/uploads\/2019\/11\/TALK-17-300x200.jpg","width":300,"height":200},"medium_large":{"url":"https:\/\/construcaocivil.siriusmarketingedesign.com.br\/wp-content\/uploads\/2019\/11\/TALK-17-768x512.jpg","width":768,"height":512},"large":{"url":"https:\/\/construcaocivil.siriusmarketingedesign.com.br\/wp-content\/uploads\/2019\/11\/TALK-17-1024x683.jpg","width":1024,"height":683},"full":{"url":"https:\/\/construcaocivil.siriusmarketingedesign.com.br\/wp-content\/uploads\/2019\/11\/TALK-17-scaled.jpg","width":2560,"height":1706}},"spectra_blocks_author_info":{"display_name":"Jornal da Constru\u00e7\u00e3o Civil","avatar_url":"https:\/\/secure.gravatar.com\/avatar\/973c9774fd44ddaceb026973c4962faa70fc512bc4c9da68e8ebb40fecee6540?s=96&d=mm&r=g","author_link":"https:\/\/construcaocivil.siriusmarketingedesign.com.br\/?author=1","description":"Desde de 2013, levando muitas informa\u00e7\u00f5es, lan\u00e7amentos e produtos de qualidade para toda cadeia produtiva da constru\u00e7\u00e3o. O Futuro da constru\u00e7\u00e3o passa por aqui,"},"uagb_featured_image_src":{"full":["https:\/\/construcaocivil.siriusmarketingedesign.com.br\/wp-content\/uploads\/2019\/11\/TALK-17-scaled.jpg",2560,1706,false],"thumbnail":["https:\/\/construcaocivil.siriusmarketingedesign.com.br\/wp-content\/uploads\/2019\/11\/TALK-17-150x150.jpg",150,150,true],"medium":["https:\/\/construcaocivil.siriusmarketingedesign.com.br\/wp-content\/uploads\/2019\/11\/TALK-17-300x200.jpg",300,200,true],"medium_large":["https:\/\/construcaocivil.siriusmarketingedesign.com.br\/wp-content\/uploads\/2019\/11\/TALK-17-768x512.jpg",768,512,true],"large":["https:\/\/construcaocivil.siriusmarketingedesign.com.br\/wp-content\/uploads\/2019\/11\/TALK-17-1024x683.jpg",1024,683,true],"1536x1536":["https:\/\/construcaocivil.siriusmarketingedesign.com.br\/wp-content\/uploads\/2019\/11\/TALK-17-1536x1024.jpg",1536,1024,true],"2048x2048":["https:\/\/construcaocivil.siriusmarketingedesign.com.br\/wp-content\/uploads\/2019\/11\/TALK-17-2048x1365.jpg",2048,1365,true]},"uagb_author_info":{"display_name":"Jornal da Constru\u00e7\u00e3o Civil","author_link":"https:\/\/construcaocivil.siriusmarketingedesign.com.br\/?author=1"},"uagb_comment_info":0,"uagb_excerpt":"Novembro, 2019 &#8211; Considerado um dos mercados positivamente mais afetados pela Selic, o setor imobili\u00e1rio est\u00e1 reaquecido devido a taxa mais baixa j\u00e1 registrada na hist\u00f3ria (5%), aliado ao aumento de 0,4% no PIB e o crescimento de mais de 70 mil empregos de carteira assinada no Pa\u00eds, segundo o Minist\u00e9rio da Economia. Especialistas afirmam&hellip;","_links":{"self":[{"href":"https:\/\/construcaocivil.siriusmarketingedesign.com.br\/index.php?rest_route=\/wp\/v2\/posts\/12945","targetHints":{"allow":["GET"]}}],"collection":[{"href":"https:\/\/construcaocivil.siriusmarketingedesign.com.br\/index.php?rest_route=\/wp\/v2\/posts"}],"about":[{"href":"https:\/\/construcaocivil.siriusmarketingedesign.com.br\/index.php?rest_route=\/wp\/v2\/types\/post"}],"author":[{"embeddable":true,"href":"https:\/\/construcaocivil.siriusmarketingedesign.com.br\/index.php?rest_route=\/wp\/v2\/users\/1"}],"replies":[{"embeddable":true,"href":"https:\/\/construcaocivil.siriusmarketingedesign.com.br\/index.php?rest_route=%2Fwp%2Fv2%2Fcomments&post=12945"}],"version-history":[{"count":0,"href":"https:\/\/construcaocivil.siriusmarketingedesign.com.br\/index.php?rest_route=\/wp\/v2\/posts\/12945\/revisions"}],"wp:featuredmedia":[{"embeddable":true,"href":"https:\/\/construcaocivil.siriusmarketingedesign.com.br\/index.php?rest_route=\/wp\/v2\/media\/12946"}],"wp:attachment":[{"href":"https:\/\/construcaocivil.siriusmarketingedesign.com.br\/index.php?rest_route=%2Fwp%2Fv2%2Fmedia&parent=12945"}],"wp:term":[{"taxonomy":"category","embeddable":true,"href":"https:\/\/construcaocivil.siriusmarketingedesign.com.br\/index.php?rest_route=%2Fwp%2Fv2%2Fcategories&post=12945"},{"taxonomy":"post_tag","embeddable":true,"href":"https:\/\/construcaocivil.siriusmarketingedesign.com.br\/index.php?rest_route=%2Fwp%2Fv2%2Ftags&post=12945"}],"curies":[{"name":"wp","href":"https:\/\/api.w.org\/{rel}","templated":true}]}}