{"id":12948,"date":"2019-11-29T14:37:35","date_gmt":"2019-11-29T16:37:35","guid":{"rendered":"https:\/\/www.jornaldaconstrucaocivil.com.br\/?p=12948"},"modified":"2019-11-29T14:37:35","modified_gmt":"2019-11-29T16:37:35","slug":"rio-de-janeiro-recebe-o-8o-campeonato-brasileiro-de-power-soccer","status":"publish","type":"post","link":"https:\/\/construcaocivil.siriusmarketingedesign.com.br\/?p=12948","title":{"rendered":"Rio de Janeiro recebe o 8\u00ba Campeonato Brasileiro de Power Soccer"},"content":{"rendered":"<p style=\"text-align: justify;\"><span style=\"color: #993300;\">Novembro de 2019<\/span> &#8211; O Rio de Janeiro (RJ) receber\u00e1 o 8\u00ba Campeonato de Power Soccer Brasileiro, esporte praticado por atletas que jogam futebol usando cadeiras de rodas motorizadas. O torneio ocorre nos dias 30 de novembro e 1\u00ba de dezembro, na Arena Ol\u00edmpica 3 do Parque Ol\u00edmpico, na Barra da Tijuca e a entrada \u00e9 gratuita.<\/p>\n<div style=\"text-align: justify;\">A modalidade\u00a0\u00e9 inclusiva e promove o futebol entre\u00a0atletas\u00a0cadeirantes.\u00a0Cada time tem\u00a0quatro\u00a0jogadores, sendo um deles o goleiro. No campo, n\u00e3o h\u00e1 distin\u00e7\u00e3o de g\u00eaneros: meninos e meninas podem participar dos jogos. A partida \u00e9 dividida em dois per\u00edodos de 20 minutos e a bola utilizada \u00e9 um pouco maior\u00a0do\u00a0que a convencional, medindo 32,5 cent\u00edmetros.<\/p>\n<\/div>\n<div>\n<figure id=\"attachment_12950\" aria-describedby=\"caption-attachment-12950\" style=\"width: 231px\" class=\"wp-caption alignleft\"><img loading=\"lazy\" decoding=\"async\" class=\" wp-image-12950\" src=\"https:\/\/www.jornaldaconstrucaocivil.com.br\/wp-content\/uploads\/2019\/11\/CAD-I-300x200.jpeg\" alt=\"\" width=\"231\" height=\"154\" srcset=\"https:\/\/construcaocivil.siriusmarketingedesign.com.br\/wp-content\/uploads\/2019\/11\/CAD-I-300x200.jpeg 300w, https:\/\/construcaocivil.siriusmarketingedesign.com.br\/wp-content\/uploads\/2019\/11\/CAD-I-768x512.jpeg 768w, https:\/\/construcaocivil.siriusmarketingedesign.com.br\/wp-content\/uploads\/2019\/11\/CAD-I-450x300.jpeg 450w, https:\/\/construcaocivil.siriusmarketingedesign.com.br\/wp-content\/uploads\/2019\/11\/CAD-I.jpeg 782w\" sizes=\"auto, (max-width: 231px) 100vw, 231px\" \/><figcaption id=\"caption-attachment-12950\" class=\"wp-caption-text\">Divulga\u00e7\u00e3o<\/figcaption><\/figure>\n<\/div>\n<div style=\"text-align: justify;\">De acordo com Marcos Ant\u00f4nio de Jesus, presidente da Associa\u00e7\u00e3o de Futebol em Cadeira de Rodas (ABFC), o crescimento da participa\u00e7\u00e3o da modalidade \u00e9 incentivador.\u00a0&#8220;No \u00faltimo evento deste ano, recebemos mais de 4 mil pessoas para torcer conosco. \u00c9 um passo muito grande para o esporte brasileiro, garantindo a qualidade de vida e inclus\u00e3o desses atletas&#8221;, comenta.<\/div>\n<div>\n<figure id=\"attachment_12951\" aria-describedby=\"caption-attachment-12951\" style=\"width: 257px\" class=\"wp-caption alignright\"><img loading=\"lazy\" decoding=\"async\" class=\" wp-image-12951\" src=\"https:\/\/www.jornaldaconstrucaocivil.com.br\/wp-content\/uploads\/2019\/11\/CAD-BB-300x209.jpeg\" alt=\"\" width=\"257\" height=\"179\" srcset=\"https:\/\/construcaocivil.siriusmarketingedesign.com.br\/wp-content\/uploads\/2019\/11\/CAD-BB-300x209.jpeg 300w, https:\/\/construcaocivil.siriusmarketingedesign.com.br\/wp-content\/uploads\/2019\/11\/CAD-BB.jpeg 664w\" sizes=\"auto, (max-width: 257px) 100vw, 257px\" \/><figcaption id=\"caption-attachment-12951\" class=\"wp-caption-text\">Divulga\u00e7\u00e3o<\/figcaption><\/figure>\n<\/div>\n<div style=\"text-align: justify;\">A Sarepta, l\u00edder em medicamentos gen\u00e9ticos para doen\u00e7as neuromusculares raras,\u00a0\u00e9\u00a0patrocinadora dos torneios. Segundo F\u00e1bio\u00a0Ivankovich, diretor-geral da Sarepta,\u00a0a empresa tem como objetivo colaborar com a modalidade esportiva para\u00a0pessoas com defici\u00eancia, garantindo que eles tenham maior visibilidade. &#8220;A miss\u00e3o da Sarepta est\u00e1 alinhada com a do Power Soccer: queremos promover a inclus\u00e3o e estimular essa pr\u00e1tica entre as pessoas. O esporte \u00e9 uma excelente maneira de compartilhar, torcer e unir a todos&#8221;, refor\u00e7a.<\/p>\n<\/div>\n<div>Mais informa\u00e7\u00f5es podem ser obtidas em\u00a0<span style=\"color: #0000ff;\">http:\/\/www.facebook.com\/abfc.brasil\/.<\/span><\/p>\n<\/div>\n<div><span style=\"color: #993300;\">Servi\u00e7o\u00a0&#8211;\u00a08\u00ba Campeonato de\u00a0Power\u00a0Soccer<\/span><\/p>\n<\/div>\n<div><span style=\"color: #993300;\">Data\u00a0e hor\u00e1rio:\u00a030 de novembro\u00a0a partir das 13h; dia\u00a01\u00ba de dezembro\u00a0a partir das 9h, com o jogo final marcado para 14h<\/span><\/p>\n<\/div>\n<div><span style=\"color: #993300;\">Local:\u00a0Arena Ol\u00edmpica 3 do Parque Ol\u00edmpico no Rio de Janeiro &#8211;\u00a0Av. Embaixador Abelardo Bueno &#8211; Barra da Tijuca, Rio de Janeiro<\/span><\/div>\n<p>&nbsp;<\/p>\n<p>Fonte: Imprensa\/\u00a0 Sarepta<\/p>\n<p>&nbsp;<\/p>\n<p>&nbsp;<\/p>\n","protected":false},"excerpt":{"rendered":"<p>Novembro de 2019 &#8211; O Rio de Janeiro (RJ) receber\u00e1 o 8\u00ba Campeonato de Power Soccer Brasileiro, esporte praticado por atletas que jogam futebol usando cadeiras de rodas motorizadas. O torneio ocorre nos dias 30 de novembro e 1\u00ba de dezembro, na Arena Ol\u00edmpica 3 do Parque Ol\u00edmpico, na Barra da Tijuca e a entrada [&hellip;]<\/p>\n","protected":false},"author":1,"featured_media":12949,"comment_status":"open","ping_status":"open","sticky":false,"template":"","format":"standard","meta":{"_uag_custom_page_level_css":"","footnotes":""},"categories":[27],"tags":[18104,18108,18106,18109,18110,18105,18111,18107],"class_list":["post-12948","post","type-post","status-publish","format-standard","has-post-thumbnail","hentry","category-acontece","tag-8o-campeonato-de-power-soccer-brasileiro","tag-abfc","tag-arena-olimpica-3-do-parque-olimpico-rj","tag-atletas-cadeirantes","tag-esporte-e-vida","tag-futebol-de-cadeiras-de-roda","tag-futebol-power-soccer","tag-sarepta-therapeutics"],"blocksy_meta":[],"spectra_blocks_featured_image_url":{"thumbnail":{"url":"https:\/\/construcaocivil.siriusmarketingedesign.com.br\/wp-content\/uploads\/2019\/11\/CADEIRANTES-150x150.jpeg","width":150,"height":150},"medium":{"url":"https:\/\/construcaocivil.siriusmarketingedesign.com.br\/wp-content\/uploads\/2019\/11\/CADEIRANTES-300x195.jpeg","width":300,"height":195},"medium_large":{"url":"https:\/\/construcaocivil.siriusmarketingedesign.com.br\/wp-content\/uploads\/2019\/11\/CADEIRANTES-768x498.jpeg","width":768,"height":498},"large":{"url":"https:\/\/construcaocivil.siriusmarketingedesign.com.br\/wp-content\/uploads\/2019\/11\/CADEIRANTES.jpeg","width":800,"height":519},"full":{"url":"https:\/\/construcaocivil.siriusmarketingedesign.com.br\/wp-content\/uploads\/2019\/11\/CADEIRANTES.jpeg","width":800,"height":519}},"spectra_blocks_author_info":{"display_name":"Jornal da Constru\u00e7\u00e3o Civil","avatar_url":"https:\/\/secure.gravatar.com\/avatar\/973c9774fd44ddaceb026973c4962faa70fc512bc4c9da68e8ebb40fecee6540?s=96&d=mm&r=g","author_link":"https:\/\/construcaocivil.siriusmarketingedesign.com.br\/?author=1","description":"Desde de 2013, levando muitas informa\u00e7\u00f5es, lan\u00e7amentos e produtos de qualidade para toda cadeia produtiva da constru\u00e7\u00e3o. O Futuro da constru\u00e7\u00e3o passa por aqui,"},"uagb_featured_image_src":{"full":["https:\/\/construcaocivil.siriusmarketingedesign.com.br\/wp-content\/uploads\/2019\/11\/CADEIRANTES.jpeg",800,519,false],"thumbnail":["https:\/\/construcaocivil.siriusmarketingedesign.com.br\/wp-content\/uploads\/2019\/11\/CADEIRANTES-150x150.jpeg",150,150,true],"medium":["https:\/\/construcaocivil.siriusmarketingedesign.com.br\/wp-content\/uploads\/2019\/11\/CADEIRANTES-300x195.jpeg",300,195,true],"medium_large":["https:\/\/construcaocivil.siriusmarketingedesign.com.br\/wp-content\/uploads\/2019\/11\/CADEIRANTES-768x498.jpeg",768,498,true],"large":["https:\/\/construcaocivil.siriusmarketingedesign.com.br\/wp-content\/uploads\/2019\/11\/CADEIRANTES.jpeg",800,519,false],"1536x1536":["https:\/\/construcaocivil.siriusmarketingedesign.com.br\/wp-content\/uploads\/2019\/11\/CADEIRANTES.jpeg",800,519,false],"2048x2048":["https:\/\/construcaocivil.siriusmarketingedesign.com.br\/wp-content\/uploads\/2019\/11\/CADEIRANTES.jpeg",800,519,false]},"uagb_author_info":{"display_name":"Jornal da Constru\u00e7\u00e3o Civil","author_link":"https:\/\/construcaocivil.siriusmarketingedesign.com.br\/?author=1"},"uagb_comment_info":0,"uagb_excerpt":"Novembro de 2019 &#8211; O Rio de Janeiro (RJ) receber\u00e1 o 8\u00ba Campeonato de Power Soccer Brasileiro, esporte praticado por atletas que jogam futebol usando cadeiras de rodas motorizadas. O torneio ocorre nos dias 30 de novembro e 1\u00ba de dezembro, na Arena Ol\u00edmpica 3 do Parque Ol\u00edmpico, na Barra da Tijuca e a entrada&hellip;","_links":{"self":[{"href":"https:\/\/construcaocivil.siriusmarketingedesign.com.br\/index.php?rest_route=\/wp\/v2\/posts\/12948","targetHints":{"allow":["GET"]}}],"collection":[{"href":"https:\/\/construcaocivil.siriusmarketingedesign.com.br\/index.php?rest_route=\/wp\/v2\/posts"}],"about":[{"href":"https:\/\/construcaocivil.siriusmarketingedesign.com.br\/index.php?rest_route=\/wp\/v2\/types\/post"}],"author":[{"embeddable":true,"href":"https:\/\/construcaocivil.siriusmarketingedesign.com.br\/index.php?rest_route=\/wp\/v2\/users\/1"}],"replies":[{"embeddable":true,"href":"https:\/\/construcaocivil.siriusmarketingedesign.com.br\/index.php?rest_route=%2Fwp%2Fv2%2Fcomments&post=12948"}],"version-history":[{"count":0,"href":"https:\/\/construcaocivil.siriusmarketingedesign.com.br\/index.php?rest_route=\/wp\/v2\/posts\/12948\/revisions"}],"wp:featuredmedia":[{"embeddable":true,"href":"https:\/\/construcaocivil.siriusmarketingedesign.com.br\/index.php?rest_route=\/wp\/v2\/media\/12949"}],"wp:attachment":[{"href":"https:\/\/construcaocivil.siriusmarketingedesign.com.br\/index.php?rest_route=%2Fwp%2Fv2%2Fmedia&parent=12948"}],"wp:term":[{"taxonomy":"category","embeddable":true,"href":"https:\/\/construcaocivil.siriusmarketingedesign.com.br\/index.php?rest_route=%2Fwp%2Fv2%2Fcategories&post=12948"},{"taxonomy":"post_tag","embeddable":true,"href":"https:\/\/construcaocivil.siriusmarketingedesign.com.br\/index.php?rest_route=%2Fwp%2Fv2%2Ftags&post=12948"}],"curies":[{"name":"wp","href":"https:\/\/api.w.org\/{rel}","templated":true}]}}