{"id":1296,"date":"2016-04-06T16:08:06","date_gmt":"2016-04-06T16:08:06","guid":{"rendered":"http:\/\/www.jornaldaconstrucaocivil.com.br\/?p=1296"},"modified":"2016-04-06T16:08:06","modified_gmt":"2016-04-06T16:08:06","slug":"uso-sustentavel-do-plastico-e-destaque-na-industria-da-construcao-civil","status":"publish","type":"post","link":"https:\/\/construcaocivil.siriusmarketingedesign.com.br\/?p=1296","title":{"rendered":"Uso sustent\u00e1vel do pl\u00e1stico \u00e9 destaque na ind\u00fastria da constru\u00e7\u00e3o civil"},"content":{"rendered":"<p><span style=\"color: #800080;\">Da Reda\u00e7\u00e3o\u00a0<\/span><\/p>\n<p><strong><span style=\"color: #000080;\">Organizado pelo sistema Firjan no final de fevereiro, F\u00f3rum Inovar Para Construir, abordou solu\u00e7\u00f5es tecnol\u00f3gicas do pl\u00e1stico na Constru\u00e7\u00e3o civil.<\/span><\/strong><\/p>\n<p><span style=\"color: #000000;\">\u00a0O<em> Inovar para Construir<\/em> mostrou para empres\u00e1rios, estudantes e t\u00e9cnicos que a utiliza\u00e7\u00e3o do pl\u00e1stico nas obras pode ser um excelente neg\u00f3cio para o presente e futuro.<\/span><\/p>\n<figure id=\"attachment_1297\" aria-describedby=\"caption-attachment-1297\" style=\"width: 300px\" class=\"wp-caption alignleft\"><a href=\"http:\/\/www.jornaldaconstrucaocivil.com.br\/wp-content\/uploads\/2016\/04\/FIRJAN.jpg\"><img loading=\"lazy\" decoding=\"async\" class=\"wp-image-1297 size-medium\" src=\"http:\/\/www.jornaldaconstrucaocivil.com.br\/wp-content\/uploads\/2016\/04\/FIRJAN-300x199.jpg\" alt=\"FIRJAN\" width=\"300\" height=\"199\" \/><\/a><figcaption id=\"caption-attachment-1297\" class=\"wp-caption-text\"><span style=\"color: #ff0000;\">Miles Watkins(esquerda), Roberto de Souza(centro) e Felipe Martins(direita). Foto: Leandro Ferreira<\/span><\/figcaption><\/figure>\n<p><span style=\"color: #000000;\">O evento contou com a presen\u00e7a de diversos especialistas do setor. Miles Watkins (BRE Consultoria), Felipe Cordeiro Martins (Diretor de Projetos da FCM Arquitetura), Roberto de Souza (Diretor Presidente do CTE) , \u00a0Luis C\u00e9sio de Souza Caetano Alves ( \u00a0Diretor da Braskem) ,\u00a0 Jos\u00e9 da Rocha Pinto (Presidente do SIMPERJ), Wagner Ramos ( Assessor de Responsabilidade Social da Firjan) e Roberto Kauffman , (Presidente do Conselho Empresarial da Ind\u00fastria da Constru\u00e7\u00e3o\u00a0 e do Sinduscon-Rio).<\/span><\/p>\n<p><span style=\"color: #000000;\">\u00a0Coube ao Assessor de Responsabilidade Social da Firjan, Wagner Ramos, mostrar os resultados do Projeto Inovar para Construir, que foi construindo h\u00e1 exatos tr\u00eas anos passados. \u201cEsta a\u00e7\u00e3o foi realizada em 2013 e teve como principais metas disseminar conhecimento sobre novas tecnologias pl\u00e1sticas, aumentando a produtividade e reduzindo os custos na constru\u00e7\u00e3o\u201d. \u00a0<\/span><\/p>\n<p><span style=\"color: #000000;\">O palestrante Felipe Cordeiro Martins, destacou os diversos fatores positivos do pl\u00e1stico na constru\u00e7\u00e3o civil. Segundo Martins, h\u00e1 uma redu\u00e7\u00e3o em mais 60% do custo na obra, tem uma alta durabilidade e a baixa polui\u00e7\u00e3o, s\u00e3o elementos importantes para se expandir o consumo sustent\u00e1vel do pl\u00e1stico, na arquitetura, engenharia, nos cursos t\u00e9cnicos e nas demais \u00e1reas do setor. \u00a0\u00a0<\/span><\/p>\n<figure id=\"attachment_1298\" aria-describedby=\"caption-attachment-1298\" style=\"width: 215px\" class=\"wp-caption alignright\"><a href=\"http:\/\/www.jornaldaconstrucaocivil.com.br\/wp-content\/uploads\/2016\/04\/Felipe-OK.jpg\"><img loading=\"lazy\" decoding=\"async\" class=\"wp-image-1298 size-medium\" src=\"http:\/\/www.jornaldaconstrucaocivil.com.br\/wp-content\/uploads\/2016\/04\/Felipe-OK-215x300.jpg\" alt=\"\" width=\"215\" height=\"300\" \/><\/a><figcaption id=\"caption-attachment-1298\" class=\"wp-caption-text\"><span style=\"color: #ff0000;\">Diretor de Projetos, da FCM Arquitetura, Felipe Martins. Foto: Leandro Ferreira <\/span><\/figcaption><\/figure>\n<p><span style=\"color: #000000;\"><em><span style=\"color: #3366ff;\">&#8211; Ao se utilizar o pl\u00e1stico como produto principal durante uma obra, o custo final fica mais barato do que se utilizar outro material, se, claro, compararmos com outros materiais como alvenaria e o vidro, o pl\u00e1stico pode ser facilmente utilizado na prote\u00e7\u00e3o externa e interna das edifica\u00e7\u00f5es, no revestimento, acabamento e na decora\u00e7\u00e3o das edifica\u00e7\u00f5es em substitui\u00e7\u00e3o a outros materiais. Portanto, o baixo consumo do pl\u00e1stico nas obras est\u00e1 totalmente ligado \u00e0 falta de empenho, ou seja: o acesso de modo geral tem que ser mais direto das f\u00e1bricas, fornecedores, dos distribuidores dentro das academias de arquitetura, engenharia, cursos t\u00e9cnicos levando o conhecimento, do uso e o reuso do pl\u00e1stico na constru\u00e7\u00e3o civil em larga escala \u2013<\/span> Diz\u00a0 Felipe Martins. \u00a0<\/em><\/span><\/p>\n<p><span style=\"color: #000000;\">Apesar das in\u00fameras utilidades que o pl\u00e1stico pode proporcionar \u00e0 constru\u00e7\u00e3o civil, o uso do material ainda \u00e9 muito baixo. Nas obras dos Jogos Ol\u00edmpicos \u2013 Rio 2016, a sua utiliza\u00e7\u00e3o n\u00e3o chega a 10%. Uns dos mais respeitados especialistas do assunto, Miles Watkins, respondeu duas perguntas para o site do Jornal da Constru\u00e7\u00e3o Civil.<\/span><\/p>\n<figure id=\"attachment_1299\" aria-describedby=\"caption-attachment-1299\" style=\"width: 199px\" class=\"wp-caption alignleft\"><a href=\"http:\/\/www.jornaldaconstrucaocivil.com.br\/wp-content\/uploads\/2016\/04\/Milles.jpg\"><img loading=\"lazy\" decoding=\"async\" class=\"wp-image-1299 size-medium\" src=\"http:\/\/www.jornaldaconstrucaocivil.com.br\/wp-content\/uploads\/2016\/04\/Milles-199x300.jpg\" alt=\"Milles\" width=\"199\" height=\"300\" \/><\/a><figcaption id=\"caption-attachment-1299\" class=\"wp-caption-text\"><span style=\"color: #ff0000;\">Miles Watkins, da BRE. Foto: Leandro Ferreira<\/span><\/figcaption><\/figure>\n<p>&nbsp;<\/p>\n<p><span style=\"color: #000000;\">JCC- A constru\u00e7\u00e3o emprega bilh\u00f5es de d\u00f3lares no uso de diversos materiais. Ent\u00e3o, como aumentar o consumo?<\/span><\/p>\n<p><span style=\"color: #3366ff;\"><em><span style=\"color: #800000;\">Miles Watkins<\/span> &#8211; A ind\u00fastria da constru\u00e7\u00e3o precisa assimilar esse novo uso do pl\u00e1stico \u00e0 constru\u00e7\u00e3o para come\u00e7ar a demandar mais consumo do produto. S\u00f3 assim a constru\u00e7\u00e3o poder\u00e1 trocar o mau uso de materiais pelo pl\u00e1stico e, dessa forma, enxerg\u00e1-lo como uma boa maneira de utiliza\u00e7\u00e3o nas mais diversas constru\u00e7\u00f5es. <\/em><\/span><\/p>\n<p><span style=\"color: #000000;\">JCC- Quais s\u00e3o os benef\u00edcios do pl\u00e1stico na constru\u00e7\u00e3o?<\/span><\/p>\n<p><span style=\"color: #3366ff;\"><em><span style=\"color: #800000;\">Miles Watkins<\/span> &#8211;\u00a0 Ele pode tornar-se uma maneira de adequar o ambiente humano ao estimular a rela\u00e7\u00e3o sustent\u00e1vel entre o homem e a constru\u00e7\u00e3o. Bem como, harmonizar, customizar o ambiente e permitir a intera\u00e7\u00e3o entre a constru\u00e7\u00e3o e o homem, porque, o pl\u00e1stico \u00e9 mais toc\u00e1vel. Por isso, digo que o pl\u00e1stico \u00e9 uma \u00f3tima maneira de constru\u00e7\u00e3o para n\u00f3s. <\/em><\/span><\/p>\n<p><span style=\"color: #000000;\">Durante o evento aconteceram as entregas dos resultados do Projeto Inovar para Construir, numa parceria do Sistema FIRJAN com a Braskem, o SESI-DN e o CNPq, que tem por objetivo disseminar o conhecimento sobre novas tecnologias pl\u00e1sticas para o setor da Constru\u00e7\u00e3o Civil.<\/span><\/p>\n","protected":false},"excerpt":{"rendered":"<p>Da Reda\u00e7\u00e3o\u00a0 Organizado pelo sistema Firjan no final de fevereiro, F\u00f3rum Inovar Para Construir, abordou solu\u00e7\u00f5es tecnol\u00f3gicas do pl\u00e1stico na Constru\u00e7\u00e3o civil. \u00a0O Inovar para Construir mostrou para empres\u00e1rios, estudantes e t\u00e9cnicos que a utiliza\u00e7\u00e3o do pl\u00e1stico nas obras pode ser um excelente neg\u00f3cio para o presente e futuro. O evento contou com a presen\u00e7a [&hellip;]<\/p>\n","protected":false},"author":1,"featured_media":1297,"comment_status":"open","ping_status":"open","sticky":false,"template":"","format":"standard","meta":{"_uag_custom_page_level_css":"","footnotes":""},"categories":[33],"tags":[1579,2826,4954,5096,5214,6016,7660,9012,12487],"class_list":["post-1296","post","type-post","status-publish","format-standard","has-post-thumbnail","hentry","category-mercado","tag-braskem","tag-construcao-civil","tag-felipe-martins-fcm-arquitetura","tag-firjan","tag-forum-inovar-para-construir","tag-industria","tag-miles-watkins-bre-consultoria","tag-plastico","tag-wagner-ramos-firjan"],"blocksy_meta":[],"spectra_blocks_featured_image_url":[],"spectra_blocks_author_info":{"display_name":"Jornal da Constru\u00e7\u00e3o Civil","avatar_url":"https:\/\/secure.gravatar.com\/avatar\/973c9774fd44ddaceb026973c4962faa70fc512bc4c9da68e8ebb40fecee6540?s=96&d=mm&r=g","author_link":"https:\/\/construcaocivil.siriusmarketingedesign.com.br\/?author=1","description":"Desde de 2013, levando muitas informa\u00e7\u00f5es, lan\u00e7amentos e produtos de qualidade para toda cadeia produtiva da constru\u00e7\u00e3o. O Futuro da constru\u00e7\u00e3o passa por aqui,"},"uagb_featured_image_src":{"full":false,"thumbnail":false,"medium":false,"medium_large":false,"large":false,"1536x1536":false,"2048x2048":false},"uagb_author_info":{"display_name":"Jornal da Constru\u00e7\u00e3o Civil","author_link":"https:\/\/construcaocivil.siriusmarketingedesign.com.br\/?author=1"},"uagb_comment_info":0,"uagb_excerpt":"Da Reda\u00e7\u00e3o\u00a0 Organizado pelo sistema Firjan no final de fevereiro, F\u00f3rum Inovar Para Construir, abordou solu\u00e7\u00f5es tecnol\u00f3gicas do pl\u00e1stico na Constru\u00e7\u00e3o civil. \u00a0O Inovar para Construir mostrou para empres\u00e1rios, estudantes e t\u00e9cnicos que a utiliza\u00e7\u00e3o do pl\u00e1stico nas obras pode ser um excelente neg\u00f3cio para o presente e futuro. O evento contou com a presen\u00e7a&hellip;","_links":{"self":[{"href":"https:\/\/construcaocivil.siriusmarketingedesign.com.br\/index.php?rest_route=\/wp\/v2\/posts\/1296","targetHints":{"allow":["GET"]}}],"collection":[{"href":"https:\/\/construcaocivil.siriusmarketingedesign.com.br\/index.php?rest_route=\/wp\/v2\/posts"}],"about":[{"href":"https:\/\/construcaocivil.siriusmarketingedesign.com.br\/index.php?rest_route=\/wp\/v2\/types\/post"}],"author":[{"embeddable":true,"href":"https:\/\/construcaocivil.siriusmarketingedesign.com.br\/index.php?rest_route=\/wp\/v2\/users\/1"}],"replies":[{"embeddable":true,"href":"https:\/\/construcaocivil.siriusmarketingedesign.com.br\/index.php?rest_route=%2Fwp%2Fv2%2Fcomments&post=1296"}],"version-history":[{"count":0,"href":"https:\/\/construcaocivil.siriusmarketingedesign.com.br\/index.php?rest_route=\/wp\/v2\/posts\/1296\/revisions"}],"wp:attachment":[{"href":"https:\/\/construcaocivil.siriusmarketingedesign.com.br\/index.php?rest_route=%2Fwp%2Fv2%2Fmedia&parent=1296"}],"wp:term":[{"taxonomy":"category","embeddable":true,"href":"https:\/\/construcaocivil.siriusmarketingedesign.com.br\/index.php?rest_route=%2Fwp%2Fv2%2Fcategories&post=1296"},{"taxonomy":"post_tag","embeddable":true,"href":"https:\/\/construcaocivil.siriusmarketingedesign.com.br\/index.php?rest_route=%2Fwp%2Fv2%2Ftags&post=1296"}],"curies":[{"name":"wp","href":"https:\/\/api.w.org\/{rel}","templated":true}]}}