{"id":12963,"date":"2019-12-03T12:39:52","date_gmt":"2019-12-03T14:39:52","guid":{"rendered":"https:\/\/www.jornaldaconstrucaocivil.com.br\/?p=12963"},"modified":"2019-12-03T12:40:43","modified_gmt":"2019-12-03T14:40:43","slug":"via-parque-shopping-tera-a-primeira-fazenda-urbana-do-rio-de-janeiro-e-a-segunda-da-america-latina","status":"publish","type":"post","link":"https:\/\/construcaocivil.siriusmarketingedesign.com.br\/?p=12963","title":{"rendered":"Via Parque Shopping ter\u00e1 a primeira fazenda urbana do Rio de Janeiro e a segunda da Am\u00e9rica Latina"},"content":{"rendered":"<p style=\"text-align: justify;\"><span style=\"color: #993300;\">Dezembro, 2019<\/span> &#8211; Cultivar novas experi\u00eancias, fazer uma produ\u00e7\u00e3o sustent\u00e1vel e n\u00e3o prejudicar o meio ambiente. Essas s\u00e3o algumas das premissas que sustentam o conceito de fazenda urbana. Em uma parceria in\u00e9dita entre o Via Parque Shopping e a BeGreen, o Rio de Janeiro vai receber a primeira fazenda urbana do estado e a segunda da Am\u00e9rica Latina.<\/p>\n<p style=\"text-align: justify;\">A BeGreen, que tem como objetivo reconectar as pessoas com a origem dos alimentos saud\u00e1veis, vai ter um espa\u00e7o pra produ\u00e7\u00e3o de hortali\u00e7as que n\u00e3o contam com a presen\u00e7a de agrot\u00f3xicos com sistema inovador de cultivo em cons\u00f3rcio com cria\u00e7\u00e3o de peixes. O projeto tamb\u00e9m contempla diversas inciativas que promovem a conserva\u00e7\u00e3o do meio ambiente.<\/p>\n<figure id=\"attachment_12965\" aria-describedby=\"caption-attachment-12965\" style=\"width: 300px\" class=\"wp-caption alignleft\"><img loading=\"lazy\" decoding=\"async\" class=\"size-medium wp-image-12965\" src=\"https:\/\/www.jornaldaconstrucaocivil.com.br\/wp-content\/uploads\/2019\/12\/Giuliano-Bittencourt-CEO-da-BeGreen-300x200.jpg\" alt=\"\" width=\"300\" height=\"200\" srcset=\"https:\/\/construcaocivil.siriusmarketingedesign.com.br\/wp-content\/uploads\/2019\/12\/Giuliano-Bittencourt-CEO-da-BeGreen-300x200.jpg 300w, https:\/\/construcaocivil.siriusmarketingedesign.com.br\/wp-content\/uploads\/2019\/12\/Giuliano-Bittencourt-CEO-da-BeGreen-1024x682.jpg 1024w, https:\/\/construcaocivil.siriusmarketingedesign.com.br\/wp-content\/uploads\/2019\/12\/Giuliano-Bittencourt-CEO-da-BeGreen-768x512.jpg 768w, https:\/\/construcaocivil.siriusmarketingedesign.com.br\/wp-content\/uploads\/2019\/12\/Giuliano-Bittencourt-CEO-da-BeGreen-1536x1024.jpg 1536w, https:\/\/construcaocivil.siriusmarketingedesign.com.br\/wp-content\/uploads\/2019\/12\/Giuliano-Bittencourt-CEO-da-BeGreen-450x300.jpg 450w, https:\/\/construcaocivil.siriusmarketingedesign.com.br\/wp-content\/uploads\/2019\/12\/Giuliano-Bittencourt-CEO-da-BeGreen.jpg 1556w\" sizes=\"auto, (max-width: 300px) 100vw, 300px\" \/><figcaption id=\"caption-attachment-12965\" class=\"wp-caption-text\">Giuliano Bittencourt &#8211; CEO da BeGreen<br \/>Divulga\u00e7\u00e3o<\/figcaption><\/figure>\n<p style=\"text-align: justify;\">O novo complexo, que ser\u00e1 inaugurado em 5 de dezembro, ainda ter\u00e1 uma loja para venda dos produtos cultivados no local, restaurante com conceito da \u2018fazenda para a mesa\u2019, al\u00e9m de conscientiza\u00e7\u00e3o de crian\u00e7as e jovens em uma experi\u00eancia inovadora. Segundo Giuliano Bittencourt, fundador da BeGreen, a fazenda BeGreen Via Parque contar\u00e1 com uma experi\u00eancia educacional completa para crian\u00e7as e adolescentes que poder\u00e3o aprender na pr\u00e1tica v\u00e1rios conceitos de sustentabilidade.<\/p>\n<p style=\"text-align: justify;\">O local promete ser um verdadeiro parque de divers\u00f5es para quem segue uma vida saud\u00e1vel e trar\u00e1 uma s\u00e9rie de benef\u00edcios para os consumidores e para o meio ambiente. O maior objetivo da BeGreen \u00e9 disseminar a cultura de consumo de alimentos sem agrot\u00f3xico.<\/p>\n<p style=\"text-align: justify;\">O Via Parque est\u00e1 sempre preocupado em trazer novidades para seus clientes. \u201cNossa principal motiva\u00e7\u00e3o em trazer o BeGreen \u00e9 ter a oportunidade de oferecer uma alimenta\u00e7\u00e3o mais saud\u00e1vel para os nossos clientes, com a garantia da proced\u00eancia, ao alcance das m\u00e3os, sem precisar sair do shopping\u201c, diz Fernando Cairo, superintendente, do Via Parque Shopping.<\/p>\n<p>Fonte: imprensa\/BeGreen<\/p>\n","protected":false},"excerpt":{"rendered":"<p>Dezembro, 2019 &#8211; Cultivar novas experi\u00eancias, fazer uma produ\u00e7\u00e3o sustent\u00e1vel e n\u00e3o prejudicar o meio ambiente. Essas s\u00e3o algumas das premissas que sustentam o conceito de fazenda urbana. Em uma parceria in\u00e9dita entre o Via Parque Shopping e a BeGreen, o Rio de Janeiro vai receber a primeira fazenda urbana do estado e a segunda [&hellip;]<\/p>\n","protected":false},"author":1,"featured_media":12964,"comment_status":"open","ping_status":"open","sticky":false,"template":"","format":"standard","meta":{"_uag_custom_page_level_css":"","footnotes":""},"categories":[37],"tags":[15395,18133,18131,18134,18129,15600,18132,10375,18130],"class_list":["post-12963","post","type-post","status-publish","format-standard","has-post-thumbnail","hentry","category-sustentabilidade","tag-agricultura-urbana","tag-alimento-saudavel","tag-begreen","tag-fazenda-urbana","tag-horta-urbana","tag-hortalicas","tag-meio-ambiente-producao-sustentavel","tag-rio-de-janeiro","tag-via-parque-shopping"],"blocksy_meta":[],"spectra_blocks_featured_image_url":{"thumbnail":{"url":"https:\/\/construcaocivil.siriusmarketingedesign.com.br\/wp-content\/uploads\/2019\/12\/HORTA-150x150.jpg","width":150,"height":150},"medium":{"url":"https:\/\/construcaocivil.siriusmarketingedesign.com.br\/wp-content\/uploads\/2019\/12\/HORTA-300x200.jpg","width":300,"height":200},"medium_large":{"url":"https:\/\/construcaocivil.siriusmarketingedesign.com.br\/wp-content\/uploads\/2019\/12\/HORTA-768x512.jpg","width":768,"height":512},"large":{"url":"https:\/\/construcaocivil.siriusmarketingedesign.com.br\/wp-content\/uploads\/2019\/12\/HORTA-1024x683.jpg","width":1024,"height":683},"full":{"url":"https:\/\/construcaocivil.siriusmarketingedesign.com.br\/wp-content\/uploads\/2019\/12\/HORTA.jpg","width":1348,"height":899}},"spectra_blocks_author_info":{"display_name":"Jornal da Constru\u00e7\u00e3o Civil","avatar_url":"https:\/\/secure.gravatar.com\/avatar\/973c9774fd44ddaceb026973c4962faa70fc512bc4c9da68e8ebb40fecee6540?s=96&d=mm&r=g","author_link":"https:\/\/construcaocivil.siriusmarketingedesign.com.br\/?author=1","description":"Desde de 2013, levando muitas informa\u00e7\u00f5es, lan\u00e7amentos e produtos de qualidade para toda cadeia produtiva da constru\u00e7\u00e3o. O Futuro da constru\u00e7\u00e3o passa por aqui,"},"uagb_featured_image_src":{"full":["https:\/\/construcaocivil.siriusmarketingedesign.com.br\/wp-content\/uploads\/2019\/12\/HORTA.jpg",1348,899,false],"thumbnail":["https:\/\/construcaocivil.siriusmarketingedesign.com.br\/wp-content\/uploads\/2019\/12\/HORTA-150x150.jpg",150,150,true],"medium":["https:\/\/construcaocivil.siriusmarketingedesign.com.br\/wp-content\/uploads\/2019\/12\/HORTA-300x200.jpg",300,200,true],"medium_large":["https:\/\/construcaocivil.siriusmarketingedesign.com.br\/wp-content\/uploads\/2019\/12\/HORTA-768x512.jpg",768,512,true],"large":["https:\/\/construcaocivil.siriusmarketingedesign.com.br\/wp-content\/uploads\/2019\/12\/HORTA-1024x683.jpg",1024,683,true],"1536x1536":["https:\/\/construcaocivil.siriusmarketingedesign.com.br\/wp-content\/uploads\/2019\/12\/HORTA.jpg",1348,899,false],"2048x2048":["https:\/\/construcaocivil.siriusmarketingedesign.com.br\/wp-content\/uploads\/2019\/12\/HORTA.jpg",1348,899,false]},"uagb_author_info":{"display_name":"Jornal da Constru\u00e7\u00e3o Civil","author_link":"https:\/\/construcaocivil.siriusmarketingedesign.com.br\/?author=1"},"uagb_comment_info":0,"uagb_excerpt":"Dezembro, 2019 &#8211; Cultivar novas experi\u00eancias, fazer uma produ\u00e7\u00e3o sustent\u00e1vel e n\u00e3o prejudicar o meio ambiente. Essas s\u00e3o algumas das premissas que sustentam o conceito de fazenda urbana. Em uma parceria in\u00e9dita entre o Via Parque Shopping e a BeGreen, o Rio de Janeiro vai receber a primeira fazenda urbana do estado e a segunda&hellip;","_links":{"self":[{"href":"https:\/\/construcaocivil.siriusmarketingedesign.com.br\/index.php?rest_route=\/wp\/v2\/posts\/12963","targetHints":{"allow":["GET"]}}],"collection":[{"href":"https:\/\/construcaocivil.siriusmarketingedesign.com.br\/index.php?rest_route=\/wp\/v2\/posts"}],"about":[{"href":"https:\/\/construcaocivil.siriusmarketingedesign.com.br\/index.php?rest_route=\/wp\/v2\/types\/post"}],"author":[{"embeddable":true,"href":"https:\/\/construcaocivil.siriusmarketingedesign.com.br\/index.php?rest_route=\/wp\/v2\/users\/1"}],"replies":[{"embeddable":true,"href":"https:\/\/construcaocivil.siriusmarketingedesign.com.br\/index.php?rest_route=%2Fwp%2Fv2%2Fcomments&post=12963"}],"version-history":[{"count":0,"href":"https:\/\/construcaocivil.siriusmarketingedesign.com.br\/index.php?rest_route=\/wp\/v2\/posts\/12963\/revisions"}],"wp:featuredmedia":[{"embeddable":true,"href":"https:\/\/construcaocivil.siriusmarketingedesign.com.br\/index.php?rest_route=\/wp\/v2\/media\/12964"}],"wp:attachment":[{"href":"https:\/\/construcaocivil.siriusmarketingedesign.com.br\/index.php?rest_route=%2Fwp%2Fv2%2Fmedia&parent=12963"}],"wp:term":[{"taxonomy":"category","embeddable":true,"href":"https:\/\/construcaocivil.siriusmarketingedesign.com.br\/index.php?rest_route=%2Fwp%2Fv2%2Fcategories&post=12963"},{"taxonomy":"post_tag","embeddable":true,"href":"https:\/\/construcaocivil.siriusmarketingedesign.com.br\/index.php?rest_route=%2Fwp%2Fv2%2Ftags&post=12963"}],"curies":[{"name":"wp","href":"https:\/\/api.w.org\/{rel}","templated":true}]}}