{"id":12996,"date":"2019-12-06T14:13:22","date_gmt":"2019-12-06T16:13:22","guid":{"rendered":"https:\/\/www.jornaldaconstrucaocivil.com.br\/?p=12996"},"modified":"2019-12-06T14:14:38","modified_gmt":"2019-12-06T16:14:38","slug":"primeira-cadeirante-negra-a-se-apresentar-no-teatro-municipal-faz-oficina-no-ccbb-sao-paulo","status":"publish","type":"post","link":"https:\/\/construcaocivil.siriusmarketingedesign.com.br\/?p=12996","title":{"rendered":"Primeira cadeirante negra a se apresentar no Teatro Municipal faz oficina no CCBB S\u00e3o Paulo"},"content":{"rendered":"<div>\n<div>\n<div>\n<div style=\"text-align: justify;\"><span style=\"color: #993300;\">Dezembro, 2019<\/span> &#8211; No s\u00e1bado, 07\/12, entre 17 e 19h, o p\u00fablico do \u201cAssim Vivemos \u2013 Festival Internacional de Filmes sobre Defici\u00eancia\u201d &#8211; ter\u00e1 a oportunidade de acompanhar a \u00faltima oficina do evento. A enfermeira, atriz, dan\u00e7arina e ativista das causas raciais e das pessoas com defici\u00eancia Mona Rikumbi faz uma performance \/oficina gratuita no hall do Centro Cultural Banco do Brasil S\u00e3o Paulo com o tema \u201cSant\u2019\u00c1gua\u201d.<\/div>\n<div style=\"text-align: justify;\">Diagnosticada com neuromielite \u00f3ptica aos 30 anos e, na cadeira de rodas desde 2007, Mona afirma que doen\u00e7a n\u00e3o foi o bastante para interromper seu amor pela vida e pela arte. \u201cDefici\u00eancia foi s\u00f3 mais um detalhe na minha vida. Eu nasci mulher, sou negra e m\u00e3e solteira. Uma s\u00e9rie de coisas que nunca fizeram minha vida muito f\u00e1cil.\u201d, conta a bailarina. Dessa forma, al\u00e9m de atriz, enfermeira e dan\u00e7arina, em 2017, Mona foi considerada a primeira cadeirante negra a se apresentar no palco do Theatro Municipal de S\u00e3o Paulo, junto com sua colega Leonice Jorge.<\/div>\n<div style=\"text-align: justify;\"><\/div>\n<div style=\"text-align: justify;\">Os participantes da performance\/oficina \u201cSant\u2019\u00c1gua\u201d ser\u00e3o convidados por Mona a experimentar a viv\u00eancia com o toque dos tambores em uma grande roda. Utilizando os valores da tradi\u00e7\u00e3o Afro-bantu a \u00e1gua \u00e9 reconhecida enquanto divindade traduzindo em si prosperidade e fecundidade , um convite irrecus\u00e1vel para a grande roda da transforma\u00e7\u00e3o ao toque dos tambores. Mona Rikumbi tamb\u00e9m figura nas telas do CCBB com o document\u00e1rio que retrata sua vida, &#8220;Mona \u2013 Trajet\u00f3ria de uma mulher negra cadeirante no Brasil&#8221;, com dire\u00e7\u00e3o Lucca Messer. No filme, ela relata as dificuldades de ser m\u00e3e solteira e a constante preocupa\u00e7\u00e3o de criar um filho negro no Brasil. Atualmente, Mona vive com o filho de 24 anos no bairro American\u00f3polis, na periferia de S\u00e3o Paulo.<\/div>\n<div style=\"text-align: justify;\"><\/div>\n<div style=\"text-align: justify;\">A performance \/ oficina\u00a0 \u201cSant\u2019\u00c1gua\u201d, da Mona Rikumbi faz parte da programa\u00e7\u00e3o da nona edi\u00e7\u00e3o do Festival Internacional de Filmes sobre Defici\u00eancia &#8220;Assim Vivemos&#8221;, que exibe 38 filmes de 20 pa\u00edses participantes, com debates e oficinas at\u00e9 segunda-feira, 09\/12, tamb\u00e9m no CCBB SP. Todas as sess\u00f5es e atividades s\u00e3o gratuitas. E a programa\u00e7\u00e3o completa do festival pode ser conferida em\u00a0<span style=\"color: #0000ff;\"><a style=\"color: #0000ff;\" href=\"http:\/\/www.assimvivemos.com.br\/\" target=\"_blank\" rel=\"noopener noreferrer\" data-saferedirecturl=\"https:\/\/www.google.com\/url?q=http:\/\/www.assimvivemos.com.br&amp;source=gmail&amp;ust=1575730350041000&amp;usg=AFQjCNE6VyPr-pYDnY2Wyi8QW8BN_lh4YQ\">www.assimvivemos.com.br<\/a><\/span><\/div>\n<div style=\"text-align: justify;\"><\/div>\n<div style=\"text-align: justify;\">\u00c9 o primeiro festival de cinema no Brasil a oferecer acessibilidade para pessoas com defici\u00eancia visual (audiodescri\u00e7\u00e3o em todas as sess\u00f5es e cat\u00e1logos em Braille) e para pessoas com defici\u00eancia auditiva (legendas inclusivas nos filmes e interpreta\u00e7\u00e3o em LIBRAS nos debates). As sedes dos CCBBs s\u00e3o acess\u00edveis para pessoas com defici\u00eancia ou com mobilidade reduzida. Antes de S\u00e3o Paulo, o evento passou pelo Rio de Janeiro (23 de outubro e 4 de novembro) e Bras\u00edlia (12 e 24 de novembro).<\/div>\n<div style=\"text-align: justify;\"><\/div>\n<div style=\"text-align: justify;\">Depois de assistirem 38 filmes em 12 dias na programa\u00e7\u00e3o carioca (23 de outubro a 4 de novembro), os jurados da 9\u00aa edi\u00e7\u00e3o do Assim Vivemos \u2013 Festival Internacional de Filmes sobre Defici\u00eancia anunciam as produ\u00e7\u00f5es premiadas com o trof\u00e9u criado pela artista cega Virginia Vendramini. J\u00e1 a obra escolhida pelo voto popular ser\u00e1 conhecida ao fim da edi\u00e7\u00e3o paulista do evento, ap\u00f3s a soma dos votantes das tr\u00eas cidades nas quais o festival \u00e9 realizado: Rio de Janeiro, Bras\u00edlia e S\u00e3o Paulo. As produ\u00e7\u00f5es premiadas foram: o longa su\u00ed\u00e7o \u201cA Jornada\u201d, de Fanny Br\u00e4uning, o longa americano \u201cVidas Inteligentes\u201d, de Dan Habib; o m\u00e9dia-metragem israelense\u00a0 \u201cRei Shimon\u201d, de Ariel Mayrose; o m\u00e9dia-metragem espanhol \u201cPeixes de \u00c1gua Doce (em \u00c1gua Salgada)\u201d, de Marc Serena &amp; Biel Mauri e m\u00e9dia-metragem indiano \u201cL\u00e1grimas Vermelhas\u201d, de Tharindu Ramanayaka, escolhidas nas categorias \u2018Relacionamento\u2019, \u2018Transforma\u00e7\u00e3o\u2019, \u2018Experi\u00eancia\u2019, \u2018Representatividade\u2019 e \u2018Retrato\u2019, respectivamente. Dois longas-metragens receberam men\u00e7\u00e3o especial do j\u00fari, o\u00a0 brasileiro \u201cMeu nome \u00e9 Daniel\u201d, de Daniel Gon\u00e7alves, e o alem\u00e3o \u201cMenina de areia\u201d, de Mark Michel. O j\u00fari t\u00e9cnico foi formado por pessoas com defici\u00eancia, artistas e profissionais ligados ao tema: Felipe Monteiro, Regina Cohen e Cristina Gomes.<\/div>\n<\/div>\n<div style=\"text-align: justify;\">\n<div><\/div>\n<div><strong>OS FILMES PARTICIPANTES<\/strong><br \/>\n(Com exce\u00e7\u00e3o do curta-metragem O Retorno de Sooi Dingemans [14 anos], todos os filmes t\u00eam classifica\u00e7\u00e3o livre)<\/div>\n<div><strong>Alemanha<br \/>\nMenina de areia \u2013 Sandgirl (Alemanha, 2017, 1h 24min) Dir. Mark Michel. LIVRE<\/strong><br \/>\nUma jovem escritora que n\u00e3o anda nem fala nos convida a conhecer seu universo \u00fanico. Um ensaio documental sobre liberdade e percep\u00e7\u00e3o.<\/div>\n<div><\/div>\n<div><strong>B\u00e9lgica<br \/>\nO Retorno de Sooi Dingemans \u2013 The Return of Sooi Dingemans (B\u00e9lgica, 2018, 21 min.) Dir. Marc Bryssinck. 14 ANOS<\/strong><br \/>\nO retrato de Sooi, um homem com s\u00edndrome de Down se mescla com uma recria\u00e7\u00e3o de cenas da Odisseia, de Homero. No curta-metragem, h\u00e1 identidades trocadas, disfarces, desorienta\u00e7\u00e3o. Sooi \u00e9 retratado como algu\u00e9m que est\u00e1 nos primeiros est\u00e1gios da dem\u00eancia. Ele esquece as coisas, vagueia pela casa dos idosos, comete erros de identidade e fica enredado em del\u00edrios.<\/div>\n<div><\/div>\n<div><strong>Bielorr\u00fasia<br \/>\nQuem \u00e9 o \u00daltimo? \u2013 Who is the Last One? (Bielorr\u00fassia, 2018, 60 min.) Dir. Siarhei Isakov. LIVRE<\/strong><br \/>\nO filme retrata um projeto teatral no qual crian\u00e7as com e sem autismo atuam juntas no palco, mostrando como os professores trabalham e como conseguem unir crian\u00e7as com diferentes necessidades emocionais, f\u00edsicas e mentais. No filme, conhecemos quatro personagens, Kostya, Misha, Vlada e Maxim. Na tela, vemos crian\u00e7as estudando e ensaiando com dedica\u00e7\u00e3o no teatro.<\/div>\n<div><\/div>\n<div><strong>B\u00f3snia e Herzegovina<br \/>\nVer a Verdade nos Olhos \u2013 To Watch the Truth in the Eyes (B\u00f3snia e Herzegovina, 2018, 30 min.) Dir. Vesna Marich. LIVRE<\/strong><br \/>\nAs fam\u00edlias Hajrich e Sunjich vivem situa\u00e7\u00f5es bem diferentes. A fam\u00edlia Sunjich tem recursos para proporcionar uma vida plena para sua filha Edna, que \u00e9 uma adolescente feliz e realizada. J\u00e1 os Hajrich est\u00e3o \u00e0s voltas com a falta de acessibilidade para pessoas com defici\u00eancia no pr\u00e9dio onde moram, o que transforma at\u00e9 o direito de ir e vir da sua filha Senka em uma luta di\u00e1ria.<\/div>\n<div><\/div>\n<div><strong>Brasil<br \/>\nMeu nome \u00e9 Daniel \u2013 My name is Daniel (Brasil, 2018, 1h 23min.) Dir. Daniel Gon\u00e7alves. LIVRE<\/strong><br \/>\nDaniel Gon\u00e7alves nasceu com uma defici\u00eancia que nenhum m\u00e9dico conseguiu diagnosticar. Neste document\u00e1rio pessoal, o jovem cineasta narra a trajet\u00f3ria da sua vida para tentar entender sua condi\u00e7\u00e3o. Por meio de imagens de arquivo da fam\u00edlia e imagens gravadas recentemente, acompanhamos sua hist\u00f3ria e suas reflex\u00f5es.<\/div>\n<div><\/div>\n<div><strong>Mona \u2013 Mona (Brasil, 2018, 6 min.) Dir. Lucca Messer. LIVRE<\/strong><br \/>\nEm 2017, Mona se torna a primeira mulher negra cadeirante a se apresentar no Theatro Municipal de S\u00e3o Paulo, Brasil. Quebrando barreiras no mundo da dan\u00e7a, Mona tamb\u00e9m representa a supera\u00e7\u00e3o de preconceitos cotidianos contra pessoas negras na maior cidade da Am\u00e9rica do Sul. Como bailarina e atriz, ela \u00e9 hoje um s\u00edmbolo nacional de resist\u00eancia.<\/div>\n<div><\/div>\n<div><strong>Pagar 4 nunca mais \u2013 Pay 4 Nevermore (Brasil, 2018, 15 min.) Dir. Leide Jacob. LIVRE<\/strong><br \/>\nDocument\u00e1rio sobre a discrimina\u00e7\u00e3o sofrida pela poeta Leide Moreira, quando foi obrigada a pagar quatro ingressos por ir a shows musicais em uma maca.<\/div>\n<div><\/div>\n<div><strong>WCMX-Faca na Cadeira \u2013 WCMX-Brazilian Team (Brasil, 2019, 10 min.) Dir. Loopcius. LIVRE<\/strong><br \/>\nO curta-metragem aborda o esporte adaptado para cadeira de rodas WCMX. Atrav\u00e9s dos olhos de tr\u00eas usu\u00e1rios de cadeira de rodas que fazem parte do Instituto Faca na Cadeira, o filme mostra como o esporte contribui positivamente para a vida de seus integrantes. Dentro e fora do Instituto, descreve os obst\u00e1culos di\u00e1rios a serem superados na vida sobre rodas.<\/div>\n<div><\/div>\n<div><strong>Posso \u2013 I can (Brasil, 2019, 59 min.) Dir. Adama Ouedraogo. LIVRE<\/strong><br \/>\nUm homem surdo prova no dia a dia que \u00e9 poss\u00edvel fazer tudo o que ele sonhou. O filme retrata a hist\u00f3ria de Waldenildo Alves, que, enfrentando adversidades, diz, entusiasmado: eu posso!<\/div>\n<div><\/div>\n<div><strong>Canad\u00e1<br \/>\nAl\u00e9m do Espectro: Um ano de uma fam\u00edlia confrontando o autismo \u2013 Beyond the Spectrum: A Family&#8217;s Year Confronting Autism (Canad\u00e1, 2016, 1h 26min.) Dir. Steven Suderman. LIVRE<\/strong><br \/>\nQuando o filho de dois anos, Oskar, \u00e9 diagnosticado com autismo, essa atarefada fam\u00edlia de sete pessoas decide parar tudo por um ano para se concentrar nas terapias do menino. Enquanto se esfor\u00e7am para se conectar com ele, confrontam-se com uma quest\u00e3o cr\u00edtica: aceitar Oskar significa aceitar seu autismo?<\/div>\n<div><\/div>\n<div><strong>Eslov\u00e1quia<br \/>\nNo Mundo \u2013 Into the World (Eslov\u00e1quia, 2017, 20 min.) Dir. Alzbeta Hrusovska. LIVRE<\/strong><br \/>\nEsse document\u00e1rio segue Majko e Gabika, que est\u00e3o participando do projeto \u201cAutistas Trabalhando\u201d. Embora conseguir um emprego n\u00e3o seja f\u00e1cil para ningu\u00e9m, Majko e Gabika seguem lutando contra as vicissitudes do destino. No seu caso, o autismo se torna uma ferramenta de trabalho.<\/div>\n<div><\/div>\n<div><strong>Espanha<br \/>\nPeixes de \u00c1gua Doce (em \u00c1gua Salgada) \u2013 Freshwater Fish (in Salt Water) (Espanha, 2018, 56 min.) Dir. Marc Serena &amp; Biel Mauri. LIVRE<\/strong><br \/>\nO autismo nos desperta muitas quest\u00f5es que a ci\u00eancia n\u00e3o \u00e9 capaz de responder. Nesse document\u00e1rio, n\u00f3s vamos conhecer as hist\u00f3rias de Mariona (23 anos) e Marc (10 anos) bem como vamos ouvir os maiores especialistas da Espanha. O objetivo \u00e9 apresentar um retrato atualizado das pessoas com autismo e sua diversidade em fun\u00e7\u00e3o do espectro e da idade.<\/div>\n<div><\/div>\n<div><strong>Estados Unidos<br \/>\nVidas Inteligentes \u2013 Intelligent Lives (USA, 2018, 1h 12min.) Dir. Dan Habib. LIVRE<\/strong><br \/>\nTr\u00eas jovens com defici\u00eancia intelectual pioneiros \u2013 Micah, Naieer e Naomie \u2013 desafiam as percep\u00e7\u00f5es de intelig\u00eancia quando v\u00e3o do ensino m\u00e9dio para o ensino superior e para o mercado de trabalho. O ator premiado com um Oscar Chris Cooper narra o document\u00e1rio, contextualiza as vidas desses personagens e compartilha sua perspectiva pessoal, revelando o s\u00f3rdido hist\u00f3rico dos testes de intelig\u00eancia nos EUA.<\/div>\n<div><\/div>\n<div><strong>Seguindo em Frente \u2013 Walk on (USA, 2018, 10 min.) Dir. Ethan Downing and Vincent DeLuca. LIVRE<\/strong><br \/>\nQuando Kendra nasceu com defici\u00eancia f\u00edsica severa, nenhum dos m\u00e9dicos do hospital tinha experi\u00eancia com artrogripose. Eles deram certeza de que Kendra n\u00e3o andaria; isso se sobrevivesse. A m\u00e3e de Kendra criou um plano pr\u00f3prio de terapias incorporando todas as inova\u00e7\u00f5es em fisioterapia. Ningu\u00e9m esperava que a menina teria tantas conquistas em t\u00e3o pouco tempo, nem poderia imaginar que os cavalos teriam um papel t\u00e3o importante no processo.<\/div>\n<div><\/div>\n<div><strong>Charles Curtis Blackwell \u2013 Charles Curtis Blackwell (USA, 2017, 10 min.) Dir. Jeff M. Giordano. LIVRE<\/strong><br \/>\nUm retrato do poeta\/artista afro-americano da regi\u00e3o de S\u00e3o Francisco Charles Curtis Blackwell.<\/div>\n<div><\/div>\n<div><strong>\u00cdndia<br \/>\nL\u00e1grimas Vermelhas \u2013 Red Tears (India, 2019, 20 min). Dir. Tharindu Ramanayaka. LIVRE<\/strong><br \/>\nSubhash Dey \u00e9 o \u00fanico diretor-ator de teatro cego na \u00cdndia que tamb\u00e9m \u00e9 cofundador do grupo Anyadesh Theatre, o \u00fanico grupo de teatro na \u00cdndia para pessoas com defici\u00eancia visual. Ele n\u00e3o \u00e9 apenas ator, mas tamb\u00e9m diretor, cantor e estudioso. Neste filme, atrav\u00e9s de sua narra\u00e7\u00e3o e hist\u00f3rias de sua vida, vemos como ele usa o teatro para superar os contratempos de sua defici\u00eancia e conhecer sua vis\u00e3o, filosofia e processo.<\/div>\n<div><\/div>\n<div><strong>Sonhos Vivos \u2013 Living Dreams (India, 2019, 30 min.) Dir. Ritwik Baiju Chandran. LIVRE<\/strong><br \/>\nJeevan, engenheiro de software de profiss\u00e3o, sofre de Osteog\u00eanese Imperfeita. O document\u00e1rio narra a vida de Jeevan, que reside em Bengaluru, na \u00cdndia, e sua hist\u00f3ria de vida narrada por ele mesmo e por seus pais. O filme retrata uma fam\u00edlia que lutou contra todas as dificuldades para criar um filho com essa condi\u00e7\u00e3o para ser uma pessoa jovial e forte.<\/div>\n<div><\/div>\n<div><strong>Ir\u00e3<br \/>\nDra. Manavi \u2013 Azar (Ir\u00e3, 2019, 9 min.) Dir. Diba Ehteshami. LIVRE<\/strong><br \/>\nO curta document\u00e1rio acompanha um dia na atarefada e surpreendente vida da m\u00e9dica Azar Manavi, que tem defici\u00eancia f\u00edsica.<\/div>\n<div><\/div>\n<div>I<strong>srael<br \/>\nRei Shimon \u2013 King Shimon (Israel, 2018, 59 min.) Dir. Ariel Mayrose. LIVRE<\/strong><br \/>\n\u201cRei Shimon\u201d, um jovem com s\u00edndrome de Down que vive na periferia de Israel e que tem grande conhecimento sobre a m\u00fasica Mizrahi (um estilo musical espec\u00edfico dos judeus de ascend\u00eancia oriental). Shimon quer ser um DJ. Ele tem a oportunidade de realizar este sonho quando \u00e9 aceito em uma escola de radialismo. O filme segue a batalha pessoal e social de Shimon na sua tentativa de comandar um programa na radio da escola.<\/div>\n<div><\/div>\n<div><strong>It\u00e1lia<br \/>\nZulu Rema aprendeu a voar \u2013 Zulu Rema has learned to fly (It\u00e1lia, 2019, 15 min). Dir. Gaia Vianello. LIVRE<\/strong><br \/>\nO filme conta a hist\u00f3ria de Emmer \u2013 AKA B-boy Zulu Rema \u2013 um adolescente da Tun\u00edsia, que teve as duas pernas amputadas quando crian\u00e7a, e da sua paix\u00e3o pela arte e pela dan\u00e7a, que permitiu a ele tornar-se campe\u00e3o tunisiano de break dance um exemplo para os jovens de todo o mundo.<\/div>\n<div><\/div>\n<div><strong>O Homem das \u00c1rvores \u2013 The Man of the Trees (It\u00e1lia, 2018, 19 min.) Dir. Andrea Trivero. LIVRE<\/strong><br \/>\nDaniel Balima \u00e9 um horticultor de Tenkodogo, uma pequena cidade de Burkina Faso, na \u00c1frica Subsaariana, onde mora com sua grande fam\u00edlia e trabalha desde que nasceu, h\u00e1 67 anos. Daniel teve p\u00f3lio na inf\u00e2ncia e, embora cres\u00e7a sem poder usar as pernas, consegue acompanhar seu pai no viveiro de plantas da fam\u00edlia, caminhando com suas m\u00e3os. Em mais de cinquenta anos de atividade, ele deu vida a mais de um milh\u00e3o de \u00e1rvores em seu pa\u00eds \u2013 e pretende plantar mais um milh\u00e3o.<\/div>\n<div><\/div>\n<div>F<strong>olclore para Todos \u2013 Dreaming Folk (It\u00e1lia, 2018, 20 min.) Dir. Alessandro Stevanon. LIVRE<\/strong><br \/>\nCom o tempo, Luca parou de se definir atrav\u00e9s de suas falhas e come\u00e7ou a se identificar com seu talento: foi assim que ele aprendeu a administrar sua defici\u00eancia; e assim realiza seu sonho de m\u00fasica e dan\u00e7a, de roupas populares, de can\u00e7\u00f5es de sua terra: seu sonho de crian\u00e7a. Luca libertou-se dos preconceitos e transformou seus limites em fronteiras a serem cruzadas.<\/div>\n<div><\/div>\n<div><strong>Fecha os Olhos e Voa \u2013 Close Your Eyes and Fly (It\u00e1lia, 2019, 39 min.) Dir. Julia Pietrangeli. LIVRE<\/strong><br \/>\n&#8220;Todo mundo sabia que era imposs\u00edvel&#8221;. O que? Que pessoas cegas poderiam pilotar avi\u00f5es. Sabrina, cega de nascen\u00e7a, com muita perseveran\u00e7a aprendeu a pilotar. Ela nos leva para a Fran\u00e7a, onde participa de um workshop organizado pela Les Mirauds Volants, a Associa\u00e7\u00e3o Europeia de pilotos com defici\u00eancia visual. Esta hist\u00f3ria vai al\u00e9m de supera\u00e7\u00e3o da defici\u00eancia, \u00e9 sobre a for\u00e7a daqueles que vivem de acordo com seus pr\u00f3prios sonhos: nas nuvens n\u00e3o existem barreiras.<\/div>\n<div><\/div>\n<div><strong>Uma Abordagem Diferente \u2013 Laid-Back Approach (It\u00e1lia, 2018, 15 min.) Dir. Gino Ceriachi. LIVRE<\/strong><br \/>\nNicole \u00e9 uma menina \u201cportadora do gene da empatia\u201d, cujo principal meio de comunica\u00e7\u00e3o \u00e9 atrav\u00e9s do olhar. O filme retrata um caso de educa\u00e7\u00e3o verdadeiramente inclusiva. Crian\u00e7as com e sem defici\u00eancia trabalham continuamente lado a lado com seus colegas e professores, sem deixar espa\u00e7o para aulas individuais. As crian\u00e7as e o professor aprendem a se comunicar atrav\u00e9s da linguagem alternativa e aumentativa personalizada para a defici\u00eancia espec\u00edfica de Nicole.<\/div>\n<div><\/div>\n<div><strong>Nig\u00e9ria<br \/>\nVictor \u2013 Victor (Nigeria, 2016, 15 min.) Dir. Chibuzo Mobis. LIVRE<\/strong><br \/>\nVictor encontra seu caminho depois de perder uma perna em um s\u00e9rio acidente de carro.<\/div>\n<div><\/div>\n<div><strong>Nova Zel\u00e2ndia<br \/>\nCeleste \u2013 Celeste (Nova Zel\u00e2ndia, 2016, 6 min.) Dir. Viv Kernick &amp; Kirsty Griffin. LIVRE<\/strong><br \/>\nA soci\u00e1vel, divertida e teatral Celeste passa seus dias rodeada por amigos e colegas de apartamento. Quando precisa ficar sozinha, ela se diverte assistindo suas s\u00e9ries favoritas em seu belo quarto. \u00c0s vezes, o limite entre a realidade e a fantasia se torna impreciso.<\/div>\n<div><\/div>\n<div><strong>Moyzee (Moyzee) \u2013 (Nova Zel\u00e2ndia, 2016, 6 min.) Dir. Viv Kernick &amp; Kirsty Griffin. LIVRE<\/strong><br \/>\nMoyzee \u00e9 cantor e compositor. Ele usa suas m\u00fasicas como uma plataforma para ser ouvido. Suas m\u00fasicas giram em torno do amor &#8211; e especialmente o amor por sua namorada Celeste. Como musa de Moyzee, Celeste forneceu a inspira\u00e7\u00e3o para uma s\u00e9rie de can\u00e7\u00f5es de amor, incluindo sua \u00faltima m\u00fasica &#8211; Mermaid.<\/div>\n<div>Jonathan \u2013 Jonathan (Nova Zel\u00e2ndia, 2016, 6 min.) Dir. Kirsty Griffin &amp; Viv Kernick. LIVRE<br \/>\nOrgulhoso das suas medalhas, Jonathan, campe\u00e3o de marcha atl\u00e9tica, prepara-se para os jogos de ver\u00e3o da Special Olympics. Devido \u00e0 baixa vis\u00e3o, sua maior dificuldade \u00e9 n\u00e3o sair da sua raia, evitando a desclassifica\u00e7\u00e3o.<\/div>\n<div><\/div>\n<div><strong>Jessica \u2013 Jessica (Nova Zel\u00e2ndia, 2016, 6 min.) Dir. Kirsty Griffin, Viv Kernick. LIVRE<\/strong><br \/>\nCom inclina\u00e7\u00e3o pela moda, Jessica tem a ideia de criar um figurino com caixas do cereal que ela gosta. Ela d\u00e1 um importante passo ao entrar em um concurso mostrando sua cria\u00e7\u00e3o como modelo no desfile.<\/div>\n<div><\/div>\n<div><strong>Simon \u2013 Simon (Nova Zel\u00e2ndia, 2016, 6 min.) Dir. Kirsty Griffin and Viv Kernick. LIVRE<\/strong><br \/>\nSimon passa seus dias trabalhando em uma fazenda e n\u00e3o recusa um pouco de trabalho pesado. Tendo uma comunica\u00e7\u00e3o n\u00e3o-verbal, Simon adora passar seu tempo livre com amigos, bebendo cerveja no clube dos Trabalhadores depois de um longo dia de trabalho. Sua m\u00e3o foi inicialmente informada que a defici\u00eancia do filho era t\u00e3o severa que ele talvez nunca se movesse por conta pr\u00f3pria. Por\u00e9m, Simon \u00e9 um participante ativo da comunidade.<\/div>\n<div><\/div>\n<div><strong>Noruega<br \/>\nParceiro \u2013 Buddy (Noruega, 2018, 19 min.) Dir. Espen Bye. LIVRE<\/strong><br \/>\n\u00d8yvind e Espen s\u00e3o amigos que viviam juntos nos tempos de escola. Um dia, \u00d8yvind sofreu um derrame cerebral, o que atrapalhou sua vida. Seus amigos mais pr\u00f3ximos, aos poucos, foram desaparecendo. Os anos foram passando e \u00d8yvind foi ficando cada vez mais solit\u00e1rio. Cinco anos depois, Espen reaparece e tira \u00d8yvind de casa. Durante essa jornada, testemunharemos como dois amigos se reencontram apesar das circunst\u00e2ncias.<\/div>\n<div><\/div>\n<div><strong>Portugal<br \/>\nA Cabe\u00e7a e a M\u00e3o \u2013 The Head and The Hand (Portugal, 2018, 24 min.) Dir. Marc Serpa Francoeur. LIVRE<\/strong><br \/>\nO document\u00e1rio mostra o relacionamento \u00fanico entre Orandina e Angelina, que cresceram juntas em um orfanato de meninas pobres na remota ilha portuguesa de S\u00e3o Miguel. As duas mulheres viveram sozinhas por d\u00e9cadas, enquanto Orandina lentamente perdia os movimentos dos membros por uma condi\u00e7\u00e3o neurol\u00f3gica degenerativa, e Angelina, que tem defici\u00eancia intelectual, tornou-se sua cuidadora. O filme apresenta uma rica reflex\u00e3o sobre defici\u00eancia, independ\u00eancia e amizade.<\/div>\n<div><\/div>\n<div><strong>Reino Unido<br \/>\nDi\u00e1logo entre Richard Hunt e Sonia Boue \u2013 Richard Hunt e Sonia Boue in Conversation (Reino Unido, 2018, 5 min.) Dir. Richard Hunt. LIVRE<\/strong><br \/>\nRichard Hunt \u00e9 um artista com s\u00edndrome de Down. Depois de ganhar o prestigioso pr\u00eamio brit\u00e2nico Shape Open para artistas com defici\u00eancia, Richard decide expandir sua t\u00e9cnica para incluir escultura e superf\u00edcies com textura, dando prosseguimento \u00e0 sua bem sucedida colabora\u00e7\u00e3o com a artista autista Sonia Bou\u00e9.<\/div>\n<div><\/div>\n<div><strong>A Ponte entre N\u00f3s \u2013 The Bridge Between Us (Reino Unido, 2018, 11 min.) Dir. Ray Jacobs &amp; Jonathan Tritton. LIVRE<\/strong><br \/>\nPessoas com e sem defici\u00eancia da incr\u00edvel companhia de dan\u00e7a Contact Dance Company falam sobre sua intera\u00e7\u00e3o e a m\u00e1gica que acontece quando dan\u00e7am juntas.<\/div>\n<div><\/div>\n<div><strong>Festa das Diferen\u00e7as \u2013 A Blind Bit of Difference and Tasting Color (Reino Unido, 2019, 17 min.) Dir. Kate Dangerfield e Amy Neilson Smith. LIVRE<\/strong><br \/>\nOs magos da met\u00e1fora fazem o espet\u00e1culo Palavra Falada &amp; Poesia Sonora com um animado elenco de pessoas com defici\u00eancia.<\/div>\n<div><\/div>\n<div><strong>R\u00fassia<br \/>\nCasa da Liberdade \u2013 House of Freedom (R\u00fassia, 2019, 1h 21min.) Dir. Maxim Yakubson. LIVRE<\/strong><br \/>\nDina Loskutova \u00e9 uma pessoa com defici\u00eancia severa. Ela se muda do hospital psiqui\u00e1trico onde morava para uma resid\u00eancia coletiva em uma pequena cidade de Razdolie, onde pode viver com outras pessoas com defici\u00eancia. O filme nos fala sobre sua vida e sobre os prazeres e dificuldades dos primeiros anos de vida aut\u00f4noma.<\/div>\n<div><\/div>\n<div><strong>Voy \u2013 Voy (R\u00fassia, 2019, 1h 20min.) Dir. Maxim Arbugaev. LIVRE<\/strong><br \/>\nO filme conta a hist\u00f3ria da Equipe Paraol\u00edmpica Russa de Futebol para Cegos (Futebol de 5) e seu primeiro treinador, Nicolay Beregovoy. Enquanto eles se preparam para o evento mais importante de suas vidas \u2013 o Campeonato Europeu \u2013, enfrentam desafios complicados que colocam seu sonho em risco. (Aqueles que lembram da terceira edi\u00e7\u00e3o do Festival Assim Vivemos, em 2007, lembrar\u00e3o do jovem Sergey, retratado no filme Ver e Crer.)<\/div>\n<div><\/div>\n<div><strong>Su\u00ed\u00e7a<br \/>\nA Jornada \u2013 The Journey (Su\u00ed\u00e7a, 2018, 1h 25min.) Dir. Fanny Br\u00e4uning. LIVRE<\/strong><br \/>\nUm homem e uma mulher viajam pelo mundo em um motor home: Niggi, um\u00a0<span class=\"il\">fot\u00f3grafo<\/span>\u00a0apaixonado, e Annette, o amor da sua vida, que ficou paralisada do pesco\u00e7o para baixo h\u00e1 20 anos. Com coragem, sabedoria e charme, eles arrancam da vida aquilo que ainda faz valer a pena viver. Mas o que acontece ao amor quando as circunst\u00e2ncias da vida mudam t\u00e3o drasticamente? Cheia de curiosidade e encantamento, a documentarista (e filha do casal) Fanny Br\u00e4uning vai em busca de respostas.<\/div>\n<div><strong>Sobre o Festival Assim Vivemos<\/strong><\/div>\n<\/div>\n<div style=\"text-align: justify;\">Al\u00e9m de exibir filmes nacionais e internacionais in\u00e9ditos, o festival \u00e9 conhecido por seus debates, sempre com convidados, que trazem novas perspectivas aos temas retratados nos filmes. As discuss\u00f5es promovidas pelo evento j\u00e1 foram apontados como uma quebra paradigm\u00e1tica ao deslocar para um espa\u00e7o cultural um debate que antes se restringia aos ambientes de sa\u00fade e servi\u00e7o social. O festival exibe document\u00e1rios, filmes de fic\u00e7\u00e3o e anima\u00e7\u00f5es que mostram a pessoa com defici\u00eancia como protagonista, colaborando para quebrar preconceitos que ainda s\u00e3o obst\u00e1culos para a realiza\u00e7\u00e3o de sua cidadania plena. O festival teve sua primeira edi\u00e7\u00e3o em 2003 no Rio de Janeiro e em Bras\u00edlia. A programa\u00e7\u00e3o completa poder\u00e1 ser consultada no site\u00a0<a href=\"http:\/\/www.assimvivemos.com.br\/2019\/pt\/programacao-sao-paulo\/\" target=\"_blank\" rel=\"noopener noreferrer\" data-saferedirecturl=\"https:\/\/www.google.com\/url?q=http:\/\/www.assimvivemos.com.br\/2019\/pt\/programacao-sao-paulo\/&amp;source=gmail&amp;ust=1575730350041000&amp;usg=AFQjCNHh0KmMfhpRYeFS5RX1juu_MALW_g\">http:\/\/www.assimvivemos.com.<wbr \/>br\/2019\/pt\/programacao-sao-<wbr \/>paulo\/<\/a><\/div>\n<div style=\"text-align: justify;\"><\/div>\n<\/div>\n<div style=\"text-align: justify;\"><strong>Servi\u00e7o:<\/strong><\/div>\n<\/div>\n<div>\n<div style=\"text-align: justify;\"><strong>Assim Vivemos &#8211; Festival Internacional de Filmes sobre Defici\u00eancia<\/strong><br \/>\n27 de novembro a 9 de dezembro de 2019<br \/>\nEntrada Gratuita<\/div>\n<div style=\"text-align: justify;\">Centro Cultural Banco do Brasil S\u00e3o Paulo &#8211; CCBB SP<br \/>\nRua \u00c1lvares Penteado, 112 \u2013 Centro. S\u00e3o Paulo -SP<br \/>\n(Acesso ao cal\u00e7ad\u00e3o pela esta\u00e7\u00e3o S\u00e3o Bento do Metr\u00f4)<br \/>\n(11) 3113-3651\/3652 | Todos os dias, das 9h \u00e0s 21h, exceto \u00e0s ter\u00e7as.<\/div>\n<div style=\"text-align: justify;\"><a href=\"mailto:ccbbsp@bb.com.br\" target=\"_blank\" rel=\"noopener noreferrer\">ccbbsp@bb.com.br<\/a>\u00a0 |\u00a0\u00a0<a href=\"http:\/\/bb.com.br\/cultura\" target=\"_blank\" rel=\"noopener noreferrer\" data-saferedirecturl=\"https:\/\/www.google.com\/url?q=http:\/\/bb.com.br\/cultura&amp;source=gmail&amp;ust=1575730350042000&amp;usg=AFQjCNG_xfqxRnQ-rhRuceTeYzt0bmbMhg\">bb.com.br\/cultura<\/a>\u00a0 |\u00a0\u00a0<a href=\"http:\/\/twitter.com\/ccbb_sp\" target=\"_blank\" rel=\"noopener noreferrer\" data-saferedirecturl=\"https:\/\/www.google.com\/url?q=http:\/\/twitter.com\/ccbb_sp&amp;source=gmail&amp;ust=1575730350042000&amp;usg=AFQjCNGVwAS_7izFHwb-p06oEQfBxFVSSw\">twitter.com\/ccbb_sp<\/a>\u00a0 |<br \/>\n<a href=\"http:\/\/facebook.com\/ccbbsp\" target=\"_blank\" rel=\"noopener noreferrer\" data-saferedirecturl=\"https:\/\/www.google.com\/url?q=http:\/\/facebook.com\/ccbbsp&amp;source=gmail&amp;ust=1575730350042000&amp;usg=AFQjCNHNc7pbLJm30r84cZltOkiKms1_0w\">facebook.com\/ccbbsp<\/a>\u00a0|\u00a0<a href=\"http:\/\/instagram.com\/ccbbsp\" target=\"_blank\" rel=\"noopener noreferrer\" data-saferedirecturl=\"https:\/\/www.google.com\/url?q=http:\/\/instagram.com\/ccbbsp&amp;source=gmail&amp;ust=1575730350042000&amp;usg=AFQjCNGFvN30YuMHQ678C9GGfzjiJwheFg\">instagram.com\/ccbbsp<\/a><\/div>\n<div style=\"text-align: justify;\">Acesso e facilidades para pessoas com defici\u00eancia | Ar-condicionado | Cafeteria e Restaurante | Loja<br \/>\nEstacionamento conveniado: Edif\u00edcio Zarvos &#8211; Rua da Consola\u00e7\u00e3o, 228.<br \/>\nTraslado gratuito at\u00e9 o CCBB. No trajeto de volta, a van tem parada na esta\u00e7\u00e3o Rep\u00fablica do Metr\u00f4.<br \/>\nValor: R$ 14 pelo per\u00edodo de 6 horas.<br \/>\n\u00c9 necess\u00e1rio carimbar o ticket na bilheteria do CCBB.<\/div>\n<\/div>\n","protected":false},"excerpt":{"rendered":"<p>Dezembro, 2019 &#8211; No s\u00e1bado, 07\/12, entre 17 e 19h, o p\u00fablico do \u201cAssim Vivemos \u2013 Festival Internacional de Filmes sobre Defici\u00eancia\u201d &#8211; ter\u00e1 a oportunidade de acompanhar a \u00faltima oficina do evento. A enfermeira, atriz, dan\u00e7arina e ativista das causas raciais e das pessoas com defici\u00eancia Mona Rikumbi faz uma performance \/oficina gratuita no [&hellip;]<\/p>\n","protected":false},"author":1,"featured_media":12997,"comment_status":"open","ping_status":"open","sticky":false,"template":"","format":"standard","meta":{"_uag_custom_page_level_css":"","footnotes":""},"categories":[27],"tags":[18167,1569,18165,18168,18166,10375,10668],"class_list":["post-12996","post","type-post","status-publish","format-standard","has-post-thumbnail","hentry","category-acontece","tag-assim-vivemos-festival-internacional-de-filmes-sobre-deficiencia","tag-brasilia","tag-ccbb-sp","tag-cinema-para-todos","tag-festival-assim-vivemos","tag-rio-de-janeiro","tag-sao-paulo"],"blocksy_meta":[],"spectra_blocks_featured_image_url":{"thumbnail":{"url":"https:\/\/construcaocivil.siriusmarketingedesign.com.br\/wp-content\/uploads\/2019\/12\/CCBB-150x150.jpg","width":150,"height":150},"medium":{"url":"https:\/\/construcaocivil.siriusmarketingedesign.com.br\/wp-content\/uploads\/2019\/12\/CCBB-228x300.jpg","width":228,"height":300},"medium_large":{"url":"https:\/\/construcaocivil.siriusmarketingedesign.com.br\/wp-content\/uploads\/2019\/12\/CCBB-768x1009.jpg","width":768,"height":1009},"large":{"url":"https:\/\/construcaocivil.siriusmarketingedesign.com.br\/wp-content\/uploads\/2019\/12\/CCBB-779x1024.jpg","width":779,"height":1024},"full":{"url":"https:\/\/construcaocivil.siriusmarketingedesign.com.br\/wp-content\/uploads\/2019\/12\/CCBB.jpg","width":974,"height":1280}},"spectra_blocks_author_info":{"display_name":"Jornal da Constru\u00e7\u00e3o Civil","avatar_url":"https:\/\/secure.gravatar.com\/avatar\/973c9774fd44ddaceb026973c4962faa70fc512bc4c9da68e8ebb40fecee6540?s=96&d=mm&r=g","author_link":"https:\/\/construcaocivil.siriusmarketingedesign.com.br\/?author=1","description":"Desde de 2013, levando muitas informa\u00e7\u00f5es, lan\u00e7amentos e produtos de qualidade para toda cadeia produtiva da constru\u00e7\u00e3o. O Futuro da constru\u00e7\u00e3o passa por aqui,"},"uagb_featured_image_src":{"full":["https:\/\/construcaocivil.siriusmarketingedesign.com.br\/wp-content\/uploads\/2019\/12\/CCBB.jpg",974,1280,false],"thumbnail":["https:\/\/construcaocivil.siriusmarketingedesign.com.br\/wp-content\/uploads\/2019\/12\/CCBB-150x150.jpg",150,150,true],"medium":["https:\/\/construcaocivil.siriusmarketingedesign.com.br\/wp-content\/uploads\/2019\/12\/CCBB-228x300.jpg",228,300,true],"medium_large":["https:\/\/construcaocivil.siriusmarketingedesign.com.br\/wp-content\/uploads\/2019\/12\/CCBB-768x1009.jpg",768,1009,true],"large":["https:\/\/construcaocivil.siriusmarketingedesign.com.br\/wp-content\/uploads\/2019\/12\/CCBB-779x1024.jpg",779,1024,true],"1536x1536":["https:\/\/construcaocivil.siriusmarketingedesign.com.br\/wp-content\/uploads\/2019\/12\/CCBB.jpg",974,1280,false],"2048x2048":["https:\/\/construcaocivil.siriusmarketingedesign.com.br\/wp-content\/uploads\/2019\/12\/CCBB.jpg",974,1280,false]},"uagb_author_info":{"display_name":"Jornal da Constru\u00e7\u00e3o Civil","author_link":"https:\/\/construcaocivil.siriusmarketingedesign.com.br\/?author=1"},"uagb_comment_info":0,"uagb_excerpt":"Dezembro, 2019 &#8211; No s\u00e1bado, 07\/12, entre 17 e 19h, o p\u00fablico do \u201cAssim Vivemos \u2013 Festival Internacional de Filmes sobre Defici\u00eancia\u201d &#8211; ter\u00e1 a oportunidade de acompanhar a \u00faltima oficina do evento. A enfermeira, atriz, dan\u00e7arina e ativista das causas raciais e das pessoas com defici\u00eancia Mona Rikumbi faz uma performance \/oficina gratuita no&hellip;","_links":{"self":[{"href":"https:\/\/construcaocivil.siriusmarketingedesign.com.br\/index.php?rest_route=\/wp\/v2\/posts\/12996","targetHints":{"allow":["GET"]}}],"collection":[{"href":"https:\/\/construcaocivil.siriusmarketingedesign.com.br\/index.php?rest_route=\/wp\/v2\/posts"}],"about":[{"href":"https:\/\/construcaocivil.siriusmarketingedesign.com.br\/index.php?rest_route=\/wp\/v2\/types\/post"}],"author":[{"embeddable":true,"href":"https:\/\/construcaocivil.siriusmarketingedesign.com.br\/index.php?rest_route=\/wp\/v2\/users\/1"}],"replies":[{"embeddable":true,"href":"https:\/\/construcaocivil.siriusmarketingedesign.com.br\/index.php?rest_route=%2Fwp%2Fv2%2Fcomments&post=12996"}],"version-history":[{"count":0,"href":"https:\/\/construcaocivil.siriusmarketingedesign.com.br\/index.php?rest_route=\/wp\/v2\/posts\/12996\/revisions"}],"wp:featuredmedia":[{"embeddable":true,"href":"https:\/\/construcaocivil.siriusmarketingedesign.com.br\/index.php?rest_route=\/wp\/v2\/media\/12997"}],"wp:attachment":[{"href":"https:\/\/construcaocivil.siriusmarketingedesign.com.br\/index.php?rest_route=%2Fwp%2Fv2%2Fmedia&parent=12996"}],"wp:term":[{"taxonomy":"category","embeddable":true,"href":"https:\/\/construcaocivil.siriusmarketingedesign.com.br\/index.php?rest_route=%2Fwp%2Fv2%2Fcategories&post=12996"},{"taxonomy":"post_tag","embeddable":true,"href":"https:\/\/construcaocivil.siriusmarketingedesign.com.br\/index.php?rest_route=%2Fwp%2Fv2%2Ftags&post=12996"}],"curies":[{"name":"wp","href":"https:\/\/api.w.org\/{rel}","templated":true}]}}