{"id":13008,"date":"2019-12-09T14:13:53","date_gmt":"2019-12-09T16:13:53","guid":{"rendered":"https:\/\/www.jornaldaconstrucaocivil.com.br\/?p=13008"},"modified":"2019-12-09T14:13:53","modified_gmt":"2019-12-09T16:13:53","slug":"barra-dos-coqueiros-tera-portico-ecologico-com-sistema-de-construcao-sustentavel","status":"publish","type":"post","link":"https:\/\/construcaocivil.siriusmarketingedesign.com.br\/?p=13008","title":{"rendered":"Barra dos Coqueiros ter\u00e1 p\u00f3rtico ecol\u00f3gico com sistema de constru\u00e7\u00e3o sustent\u00e1vel"},"content":{"rendered":"<div style=\"text-align: justify;\"><span style=\"color: #993300;\">Dezembro, 2019 &#8211;<\/span> A Prefeitura de Barra dos Coqueiros (SE) est\u00e1 na fase final da constru\u00e7\u00e3o de um p\u00f3rtico ecol\u00f3gico que ser\u00e1 refer\u00eancia em sustentabilidade. Localizada na entrada da cidade, sobre a rodovia SE-100, a obra est\u00e1 em fase final e utiliza um m\u00e9todo construtivo inovador, que alia prote\u00e7\u00e3o do meio ambiente \u00e0 beleza e praticidade do projeto arquitet\u00f4nico-urban\u00edstico.<\/p>\n<\/div>\n<div style=\"text-align: justify;\">O P\u00f3rtico Ecol\u00f3gico Ondas da Barra, pr\u00f3ximo \u00e0 ponte Aracaju-Barra dos Coqueiros, tem 9,3 m de altura,\u00a06 m de largura e 24 m de comprimento.\u00a0Um dos destaques da obra, que dever\u00e1 chamar a aten\u00e7\u00e3o de pedestres e motoristas, \u00e9 o fato de ela ter uma estrutura em formato de ondas, totalmente de\u00a0madeira\u00a0roli\u00e7a\u00a0&#8211;\u00a0foram usados cerca de 30 m\u00b3 do material.<\/p>\n<\/div>\n<div style=\"text-align: justify;\">A constru\u00e7\u00e3o usou o Sistema Construtivo Amaru Perfilado com Acabamento em\u00a0Osmocolor, parceria entre\u00a0a Montana Qu\u00edmica\u00a0e a\u00a0Plantar Empreendimentos\u00a0e\u00a0Produtos Florestais. O m\u00e9todo de constru\u00e7\u00e3o \u00e9 sustent\u00e1vel de ponta a ponta, da prepara\u00e7\u00e3o das mudas das \u00e1rvores para o plantio, passando pelo tratamento industrial com CCA &#8211; Osmose K33 C,\u00a0at\u00e9 o acabamento final, que \u00e9 realizado com o produto\u00a0Osmocolor\u00a0Stain\u00a0Preservativo\u00a0UV Deck. Ambos os produtos s\u00e3o da Montana Qu\u00edmica, l\u00edder em tratamento de madeira no pa\u00eds.<\/p>\n<\/div>\n<div style=\"text-align: justify;\">&#8220;O p\u00f3rtico comp\u00f5e projeto de revitaliza\u00e7\u00e3o da regi\u00e3o&#8221;, afirma o arquiteto Rodrigo Queiroz Cabral,\u00a0da equipe t\u00e9cnica Plantar-Montana. &#8220;O sistema construtivo\u00a0\u00e9 sustent\u00e1vel e pr\u00e1tico. A madeira \u00e9 um produto 100% renov\u00e1vel e demanda baixo consumo de energia na cadeia produtiva em rela\u00e7\u00e3o a outros materiais, como alum\u00ednio, a\u00e7o e concreto. Os elementos s\u00e3o levados at\u00e9 a obra de forma pr\u00e9-fabricada e no local \u00e9 feita apenas a montagem, garantindo menor gasto de tempo, energia e trabalho de limpeza&#8221;, afirma o profissional.<\/p>\n<\/div>\n<div style=\"text-align: justify;\">&#8220;Outra vantagem \u00e9 que, no Sistema Construtivo Amaru Perfilado com Acabamento em\u00a0Osmocolor, h\u00e1 aproveitamento dos res\u00edduos da madeira. Como as pe\u00e7as s\u00e3o comercializadas\u00a0com di\u00e2metros e comprimentos constantes, \u00e9 poss\u00edvel reaproveitar as sobras em elementos arquitet\u00f4nicos, como floreiras, lixeiras e at\u00e9 lumin\u00e1rias&#8221;, diz Cabral.<\/p>\n<\/div>\n<div style=\"text-align: justify;\"><span style=\"color: #993300;\"><strong>Pesquisas<\/strong><\/span><\/p>\n<\/div>\n<div style=\"text-align: justify;\">O\u00a0Amaru,\u00a0fruto de mais de quatro d\u00e9cadas de pesquisas de melhoramento gen\u00e9tico e esfor\u00e7os de campo,\u00a0\u00e9 uma madeira de eucalipto exclusiva que assegura maior durabilidade e resist\u00eancia se comparada com outras madeiras de reflorestamento dispon\u00edveis no\u00a0mercado.<\/p>\n<\/div>\n<div style=\"text-align: justify;\">\u00c9 submetido a tratamento sob\u00a0v\u00e1cuo-press\u00e3o em autoclave, equipamento que recebe o preservativo produzido pela Montana Qu\u00edmica, tornando-o\u00a0imune \u00e0 a\u00e7\u00e3o de insetos (cupins e &#8220;brocas&#8221;) e fungos causadores de apodrecimento.<\/p>\n<\/div>\n<div style=\"text-align: justify;\">Como elemento estrutural, de veda\u00e7\u00e3o ou decorativo, o produto \u00e9 indicado para constru\u00e7\u00e3o de casas, pergolados, estruturas de telhado, brinquedos para playground, quiosques, cercas, galp\u00f5es, m\u00f3veis, entre outros.<\/div>\n<div>Fonte: Imprensa\/Montana Qu\u00edmica<\/div>\n","protected":false},"excerpt":{"rendered":"<p>Dezembro, 2019 &#8211; A Prefeitura de Barra dos Coqueiros (SE) est\u00e1 na fase final da constru\u00e7\u00e3o de um p\u00f3rtico ecol\u00f3gico que ser\u00e1 refer\u00eancia em sustentabilidade. Localizada na entrada da cidade, sobre a rodovia SE-100, a obra est\u00e1 em fase final e utiliza um m\u00e9todo construtivo inovador, que alia prote\u00e7\u00e3o do meio ambiente \u00e0 beleza e [&hellip;]<\/p>\n","protected":false},"author":1,"featured_media":13009,"comment_status":"open","ping_status":"open","sticky":false,"template":"","format":"standard","meta":{"_uag_custom_page_level_css":"","footnotes":""},"categories":[28],"tags":[18175,2900,18173,8144,18177,18178,18179,18176,18174],"class_list":["post-13008","post","type-post","status-publish","format-standard","has-post-thumbnail","hentry","category-arquitetura","tag-amaru-perfilado","tag-construcao-sustentavel","tag-montana-quimica-produtos-e-solucoes-para-construcao","tag-nordeste","tag-plantar-empreendimento","tag-produtos-florestais","tag-projeto-arquitetonico-urbanistico","tag-sergipe-se","tag-sistema-construtivo"],"blocksy_meta":[],"spectra_blocks_featured_image_url":{"thumbnail":{"url":"https:\/\/construcaocivil.siriusmarketingedesign.com.br\/wp-content\/uploads\/2019\/12\/Projeto_Portico-150x150.jpg","width":150,"height":150},"medium":{"url":"https:\/\/construcaocivil.siriusmarketingedesign.com.br\/wp-content\/uploads\/2019\/12\/Projeto_Portico-300x169.jpg","width":300,"height":169},"medium_large":{"url":"https:\/\/construcaocivil.siriusmarketingedesign.com.br\/wp-content\/uploads\/2019\/12\/Projeto_Portico-768x432.jpg","width":768,"height":432},"large":{"url":"https:\/\/construcaocivil.siriusmarketingedesign.com.br\/wp-content\/uploads\/2019\/12\/Projeto_Portico-1024x576.jpg","width":1024,"height":576},"full":{"url":"https:\/\/construcaocivil.siriusmarketingedesign.com.br\/wp-content\/uploads\/2019\/12\/Projeto_Portico.jpg","width":1280,"height":720}},"spectra_blocks_author_info":{"display_name":"Jornal da Constru\u00e7\u00e3o Civil","avatar_url":"https:\/\/secure.gravatar.com\/avatar\/973c9774fd44ddaceb026973c4962faa70fc512bc4c9da68e8ebb40fecee6540?s=96&d=mm&r=g","author_link":"https:\/\/construcaocivil.siriusmarketingedesign.com.br\/?author=1","description":"Desde de 2013, levando muitas informa\u00e7\u00f5es, lan\u00e7amentos e produtos de qualidade para toda cadeia produtiva da constru\u00e7\u00e3o. O Futuro da constru\u00e7\u00e3o passa por aqui,"},"uagb_featured_image_src":{"full":["https:\/\/construcaocivil.siriusmarketingedesign.com.br\/wp-content\/uploads\/2019\/12\/Projeto_Portico.jpg",1280,720,false],"thumbnail":["https:\/\/construcaocivil.siriusmarketingedesign.com.br\/wp-content\/uploads\/2019\/12\/Projeto_Portico-150x150.jpg",150,150,true],"medium":["https:\/\/construcaocivil.siriusmarketingedesign.com.br\/wp-content\/uploads\/2019\/12\/Projeto_Portico-300x169.jpg",300,169,true],"medium_large":["https:\/\/construcaocivil.siriusmarketingedesign.com.br\/wp-content\/uploads\/2019\/12\/Projeto_Portico-768x432.jpg",768,432,true],"large":["https:\/\/construcaocivil.siriusmarketingedesign.com.br\/wp-content\/uploads\/2019\/12\/Projeto_Portico-1024x576.jpg",1024,576,true],"1536x1536":["https:\/\/construcaocivil.siriusmarketingedesign.com.br\/wp-content\/uploads\/2019\/12\/Projeto_Portico.jpg",1280,720,false],"2048x2048":["https:\/\/construcaocivil.siriusmarketingedesign.com.br\/wp-content\/uploads\/2019\/12\/Projeto_Portico.jpg",1280,720,false]},"uagb_author_info":{"display_name":"Jornal da Constru\u00e7\u00e3o Civil","author_link":"https:\/\/construcaocivil.siriusmarketingedesign.com.br\/?author=1"},"uagb_comment_info":0,"uagb_excerpt":"Dezembro, 2019 &#8211; A Prefeitura de Barra dos Coqueiros (SE) est\u00e1 na fase final da constru\u00e7\u00e3o de um p\u00f3rtico ecol\u00f3gico que ser\u00e1 refer\u00eancia em sustentabilidade. Localizada na entrada da cidade, sobre a rodovia SE-100, a obra est\u00e1 em fase final e utiliza um m\u00e9todo construtivo inovador, que alia prote\u00e7\u00e3o do meio ambiente \u00e0 beleza e&hellip;","_links":{"self":[{"href":"https:\/\/construcaocivil.siriusmarketingedesign.com.br\/index.php?rest_route=\/wp\/v2\/posts\/13008","targetHints":{"allow":["GET"]}}],"collection":[{"href":"https:\/\/construcaocivil.siriusmarketingedesign.com.br\/index.php?rest_route=\/wp\/v2\/posts"}],"about":[{"href":"https:\/\/construcaocivil.siriusmarketingedesign.com.br\/index.php?rest_route=\/wp\/v2\/types\/post"}],"author":[{"embeddable":true,"href":"https:\/\/construcaocivil.siriusmarketingedesign.com.br\/index.php?rest_route=\/wp\/v2\/users\/1"}],"replies":[{"embeddable":true,"href":"https:\/\/construcaocivil.siriusmarketingedesign.com.br\/index.php?rest_route=%2Fwp%2Fv2%2Fcomments&post=13008"}],"version-history":[{"count":0,"href":"https:\/\/construcaocivil.siriusmarketingedesign.com.br\/index.php?rest_route=\/wp\/v2\/posts\/13008\/revisions"}],"wp:featuredmedia":[{"embeddable":true,"href":"https:\/\/construcaocivil.siriusmarketingedesign.com.br\/index.php?rest_route=\/wp\/v2\/media\/13009"}],"wp:attachment":[{"href":"https:\/\/construcaocivil.siriusmarketingedesign.com.br\/index.php?rest_route=%2Fwp%2Fv2%2Fmedia&parent=13008"}],"wp:term":[{"taxonomy":"category","embeddable":true,"href":"https:\/\/construcaocivil.siriusmarketingedesign.com.br\/index.php?rest_route=%2Fwp%2Fv2%2Fcategories&post=13008"},{"taxonomy":"post_tag","embeddable":true,"href":"https:\/\/construcaocivil.siriusmarketingedesign.com.br\/index.php?rest_route=%2Fwp%2Fv2%2Ftags&post=13008"}],"curies":[{"name":"wp","href":"https:\/\/api.w.org\/{rel}","templated":true}]}}