{"id":13014,"date":"2019-12-10T14:44:06","date_gmt":"2019-12-10T16:44:06","guid":{"rendered":"https:\/\/www.jornaldaconstrucaocivil.com.br\/?p=13014"},"modified":"2019-12-10T14:44:06","modified_gmt":"2019-12-10T16:44:06","slug":"hackathon-para-desenvolvedores-negros-tem-inscricoes-abertas","status":"publish","type":"post","link":"https:\/\/construcaocivil.siriusmarketingedesign.com.br\/?p=13014","title":{"rendered":"Hackathon para desenvolvedores negros tem inscri\u00e7\u00f5es abertas"},"content":{"rendered":"<p style=\"text-align: justify;\"><span style=\"color: #993300;\">Dezembro de 2019<\/span> &#8212; No Vale do Sil\u00edcio, refer\u00eancia global em tecnologia, duas das maiores empresas contam com apenas 2% de funcion\u00e1rios negros. Aqui no Brasil, um pa\u00eds com 54,9% da popula\u00e7\u00e3o negra e parda, na \u00e1rea de engenharia e computa\u00e7\u00e3o, 92% dos trabalhadores s\u00e3o brancos, segundo dados do Minist\u00e9rio do Trabalho e Emprego.<\/p>\n<p>Para propiciar olhares diferentes e variadas viv\u00eancias para a inova\u00e7\u00e3o, a 99jobs &#8212; HRtech que trabalha com a inclus\u00e3o de grupos minorizados no mercado de trabalho, realiza a\u00a0primeira edi\u00e7\u00e3o do Community Hack nos dias 14 e 15 de dezembro, em S\u00e3o Paulo.<\/p>\n<p>O evento vai reunir profissionais negros e negras da \u00e1rea de programa\u00e7\u00e3o e desenvolvimento para uma maratona de desafios, aprendizados, mentorias e co-cria\u00e7\u00e3o.\u00a0Ser\u00e3o 32 vagas. As inscri\u00e7\u00f5es s\u00e3o gratuitas e podem ser feitas at\u00e9 dia 11\/12 no link:<span style=\"text-decoration: underline;\"><span style=\"color: #0000ff; text-decoration: underline;\"> http:\/\/bit.ly\/2LuZzMX.<\/span><\/span><\/p>\n<p><span style=\"color: #800000;\"><strong>Imers\u00e3o<\/strong><\/span><br \/>\nO Hackathon ter\u00e1 uma imers\u00e3o intensiva de 36 horas. A aplicabilidade de novas tecnologias para contribuir com a inclus\u00e3o de grupos minorizados no mercado de trabalho faz parte dos desafios propostos na imers\u00e3o.<\/p>\n<p>Empresas que j\u00e1 est\u00e3o enxergando a necessidade de se pensar a inova\u00e7\u00e3o por diferentes olhares, culturas e vis\u00f5es de mundo\u00a0participar\u00e3o levando mentores &#8211; todos negros &#8211; para auxiliar a maratona de desafios, e contar sobre os projetos inclusivos dos quais j\u00e1 participaram. Entre elas: Magazine Luiza, Ita\u00fa, Cielo, Pulse Raizen, Grupo Botic\u00e1rio e Mercado Livre.<\/p>\n<p>Para Du Migliano, co-fundador da 99jobs, o caso emblem\u00e1tico que se deu no ano passado de uma tecnologia &#8212; uma saboneteira autom\u00e1tica muito comum em banheiros p\u00fablicos &#8212; que n\u00e3o reconhecia a pele negra e, com isso, n\u00e3o liberava o l\u00edquido para lavar as m\u00e3os dos negros \u00e9 s\u00f3 um exemplo da falta de pluralidade dentro das companhias de tecnologia.<\/p>\n<p>Ele analisa que: assim como essa tecnologia poderia ter sido desenvolvida ou testada por uma gama mais diversa de indiv\u00edduos com tons de pele vari\u00e1veis, abrangendo a diversidade social existente, outras inova\u00e7\u00f5es tecnol\u00f3gicas, inclusive no recrutamento e sele\u00e7\u00e3o para o mercado de trabalho, devem considerar essa diversidade.<\/p>\n<p>&#8220;A tecnologia de um chatbot para recrutamento, representado por uma jovem negra para o processo seletivo de um banco, por exemplo, permitiu mostrar que o banco n\u00e3o \u00e9 s\u00f3 para homens brancos, e isso gerou uma identifica\u00e7\u00e3o em pessoas de variadas etnias, que se inscreveram para se candidatar a vagas no Brasil inteiro. A tend\u00eancia \u00e9 que as inova\u00e7\u00f5es tecnol\u00f3gicas despertem esse sentimento de representatividade e que gerem neg\u00f3cios, ideias, e ambientes cada vez mais plurais e para todos&#8221;, finaliza.<\/p>\n<p>Servi\u00e7o: Community Hack<br \/>\nData: dias 14 e 15 de dezembro<br \/>\nHor\u00e1rios: s\u00e1bado (14\/12) das 10h \u00e0s 19h30 e domingo (15\/12) das 8h \u00e0s 18h30<br \/>\nLocal: Esta\u00e7\u00e3o Hack do Facebook<br \/>\nEndere\u00e7o: Avenida Paulista, 1374 (We Work) &#8212; S\u00e3o Paulo\/SP.<br \/>\nInscri\u00e7\u00f5es:<span style=\"text-decoration: underline;\"><span style=\"color: #0000ff; text-decoration: underline;\"> http:\/\/bit.ly\/2LuZzMX.<\/span><\/span><\/p>\n","protected":false},"excerpt":{"rendered":"<p>Dezembro de 2019 &#8212; No Vale do Sil\u00edcio, refer\u00eancia global em tecnologia, duas das maiores empresas contam com apenas 2% de funcion\u00e1rios negros. Aqui no Brasil, um pa\u00eds com 54,9% da popula\u00e7\u00e3o negra e parda, na \u00e1rea de engenharia e computa\u00e7\u00e3o, 92% dos trabalhadores s\u00e3o brancos, segundo dados do Minist\u00e9rio do Trabalho e Emprego. Para [&hellip;]<\/p>\n","protected":false},"author":1,"featured_media":13015,"comment_status":"open","ping_status":"open","sticky":false,"template":"","format":"standard","meta":{"_uag_custom_page_level_css":"","footnotes":""},"categories":[27],"tags":[18186,18185,5522,18183,18190,18189,7721,18187,10679,18184,18188],"class_list":["post-13014","post","type-post","status-publish","format-standard","has-post-thumbnail","hentry","category-acontece","tag-community-hack","tag-estacao-hack-do-facebook","tag-google","tag-hackathon-para-programadores-negros","tag-magazine-luiza","tag-mercado-livre","tag-ministerio-do-trabalho-e-emprego","tag-oportunidades-para-jovens-negros","tag-sao-paulo-sp","tag-tecnologia-e-diversidade","tag-vale-do-silicio-tecnologia-e-pluralidade"],"blocksy_meta":[],"spectra_blocks_featured_image_url":{"thumbnail":{"url":"https:\/\/construcaocivil.siriusmarketingedesign.com.br\/wp-content\/uploads\/2019\/12\/conferencia-juntos-2-1024x683-150x150.jpg","width":150,"height":150},"medium":{"url":"https:\/\/construcaocivil.siriusmarketingedesign.com.br\/wp-content\/uploads\/2019\/12\/conferencia-juntos-2-1024x683-300x200.jpg","width":300,"height":200},"medium_large":{"url":"https:\/\/construcaocivil.siriusmarketingedesign.com.br\/wp-content\/uploads\/2019\/12\/conferencia-juntos-2-1024x683-768x512.jpg","width":768,"height":512},"large":{"url":"https:\/\/construcaocivil.siriusmarketingedesign.com.br\/wp-content\/uploads\/2019\/12\/conferencia-juntos-2-1024x683.jpg","width":1024,"height":683},"full":{"url":"https:\/\/construcaocivil.siriusmarketingedesign.com.br\/wp-content\/uploads\/2019\/12\/conferencia-juntos-2-1024x683.jpg","width":1024,"height":683}},"spectra_blocks_author_info":{"display_name":"Jornal da Constru\u00e7\u00e3o Civil","avatar_url":"https:\/\/secure.gravatar.com\/avatar\/973c9774fd44ddaceb026973c4962faa70fc512bc4c9da68e8ebb40fecee6540?s=96&d=mm&r=g","author_link":"https:\/\/construcaocivil.siriusmarketingedesign.com.br\/?author=1","description":"Desde de 2013, levando muitas informa\u00e7\u00f5es, lan\u00e7amentos e produtos de qualidade para toda cadeia produtiva da constru\u00e7\u00e3o. O Futuro da constru\u00e7\u00e3o passa por aqui,"},"uagb_featured_image_src":{"full":["https:\/\/construcaocivil.siriusmarketingedesign.com.br\/wp-content\/uploads\/2019\/12\/conferencia-juntos-2-1024x683.jpg",1024,683,false],"thumbnail":["https:\/\/construcaocivil.siriusmarketingedesign.com.br\/wp-content\/uploads\/2019\/12\/conferencia-juntos-2-1024x683-150x150.jpg",150,150,true],"medium":["https:\/\/construcaocivil.siriusmarketingedesign.com.br\/wp-content\/uploads\/2019\/12\/conferencia-juntos-2-1024x683-300x200.jpg",300,200,true],"medium_large":["https:\/\/construcaocivil.siriusmarketingedesign.com.br\/wp-content\/uploads\/2019\/12\/conferencia-juntos-2-1024x683-768x512.jpg",768,512,true],"large":["https:\/\/construcaocivil.siriusmarketingedesign.com.br\/wp-content\/uploads\/2019\/12\/conferencia-juntos-2-1024x683.jpg",1024,683,false],"1536x1536":["https:\/\/construcaocivil.siriusmarketingedesign.com.br\/wp-content\/uploads\/2019\/12\/conferencia-juntos-2-1024x683.jpg",1024,683,false],"2048x2048":["https:\/\/construcaocivil.siriusmarketingedesign.com.br\/wp-content\/uploads\/2019\/12\/conferencia-juntos-2-1024x683.jpg",1024,683,false]},"uagb_author_info":{"display_name":"Jornal da Constru\u00e7\u00e3o Civil","author_link":"https:\/\/construcaocivil.siriusmarketingedesign.com.br\/?author=1"},"uagb_comment_info":0,"uagb_excerpt":"Dezembro de 2019 &#8212; No Vale do Sil\u00edcio, refer\u00eancia global em tecnologia, duas das maiores empresas contam com apenas 2% de funcion\u00e1rios negros. Aqui no Brasil, um pa\u00eds com 54,9% da popula\u00e7\u00e3o negra e parda, na \u00e1rea de engenharia e computa\u00e7\u00e3o, 92% dos trabalhadores s\u00e3o brancos, segundo dados do Minist\u00e9rio do Trabalho e Emprego. Para&hellip;","_links":{"self":[{"href":"https:\/\/construcaocivil.siriusmarketingedesign.com.br\/index.php?rest_route=\/wp\/v2\/posts\/13014","targetHints":{"allow":["GET"]}}],"collection":[{"href":"https:\/\/construcaocivil.siriusmarketingedesign.com.br\/index.php?rest_route=\/wp\/v2\/posts"}],"about":[{"href":"https:\/\/construcaocivil.siriusmarketingedesign.com.br\/index.php?rest_route=\/wp\/v2\/types\/post"}],"author":[{"embeddable":true,"href":"https:\/\/construcaocivil.siriusmarketingedesign.com.br\/index.php?rest_route=\/wp\/v2\/users\/1"}],"replies":[{"embeddable":true,"href":"https:\/\/construcaocivil.siriusmarketingedesign.com.br\/index.php?rest_route=%2Fwp%2Fv2%2Fcomments&post=13014"}],"version-history":[{"count":0,"href":"https:\/\/construcaocivil.siriusmarketingedesign.com.br\/index.php?rest_route=\/wp\/v2\/posts\/13014\/revisions"}],"wp:featuredmedia":[{"embeddable":true,"href":"https:\/\/construcaocivil.siriusmarketingedesign.com.br\/index.php?rest_route=\/wp\/v2\/media\/13015"}],"wp:attachment":[{"href":"https:\/\/construcaocivil.siriusmarketingedesign.com.br\/index.php?rest_route=%2Fwp%2Fv2%2Fmedia&parent=13014"}],"wp:term":[{"taxonomy":"category","embeddable":true,"href":"https:\/\/construcaocivil.siriusmarketingedesign.com.br\/index.php?rest_route=%2Fwp%2Fv2%2Fcategories&post=13014"},{"taxonomy":"post_tag","embeddable":true,"href":"https:\/\/construcaocivil.siriusmarketingedesign.com.br\/index.php?rest_route=%2Fwp%2Fv2%2Ftags&post=13014"}],"curies":[{"name":"wp","href":"https:\/\/api.w.org\/{rel}","templated":true}]}}