{"id":13017,"date":"2019-12-10T15:08:15","date_gmt":"2019-12-10T17:08:15","guid":{"rendered":"https:\/\/www.jornaldaconstrucaocivil.com.br\/?p=13017"},"modified":"2019-12-12T11:20:26","modified_gmt":"2019-12-12T13:20:26","slug":"feicon-2020-tera-98-novos-expositores","status":"publish","type":"post","link":"https:\/\/construcaocivil.siriusmarketingedesign.com.br\/?p=13017","title":{"rendered":"FEICON 2020 ter\u00e1 98 novos expositores"},"content":{"rendered":"<div style=\"text-align: justify;\">\n<p><span style=\"color: #993300;\">Dezembro de 2019<\/span> &#8211; Marcada para acontecer entre os dias 31 de mar\u00e7o e 03 de abril do ano que vem, a pr\u00f3xima FEICON BATIMAT promete ser hist\u00f3rica. A organiza\u00e7\u00e3o anuncia que 92% da planta j\u00e1 foi comercializada e que a feira ter\u00e1 98 novos expositores, somando a centenas de marcas nacionais e estrangeiras e a uma programa\u00e7\u00e3o que mescla conte\u00fado, experi\u00eancias, networking, neg\u00f3cios e tend\u00eancias, em uma \u00e1rea totalmente setorizada.<\/p>\n<\/div>\n<div style=\"text-align: justify;\">\n<p>&nbsp;<\/p>\n<p>Grandes nomes de mercado\u00a0como Suvinil,\u00a0Celite,\u00a0Amanco,\u00a0Stam,\u00a0Makita,\u00a0Black &amp;\u00a0Decker,\u00a0Vedacit,\u00a0Elgin, Eternit, entre muitos outros j\u00e1 est\u00e3o confirmados.\u00a0A edi\u00e7\u00e3o\u00a02020\u00a0tamb\u00e9m\u00a0ter\u00e1\u00a0o retorno da\u00a0Lorenzetti\u00a0depois de dois anos\u00a0longe.\u00a0&#8220;Estivemos em outras 20 edi\u00e7\u00f5es, sempre com muito destaque e sucesso. Desta vez, esperamos apresentar as novidades em nossas categorias de produtos e aproveitar a visibilidade da feira para estreitar relacionamento com clientes, profissionais e consumidores finais&#8221;, disse Paulo Galina, gerente de marketing da Lorenzetti.<\/p>\n<\/div>\n<div style=\"text-align: justify;\">\n<p>&nbsp;<\/p>\n<p><span style=\"color: #0000ff;\"><strong>Novos expositores, mais oportunidades<\/strong><\/span><\/p>\n<\/div>\n<div style=\"text-align: justify;\">\n<p>&nbsp;<\/p>\n<p>A FEICON j\u00e1 \u00e9 reconhecida por todo o mercado de constru\u00e7\u00e3o civil da Am\u00e9rica Latina como o mais importante centro de neg\u00f3cios para o setor.\u00a0O pool de expositores da pr\u00f3xima edi\u00e7\u00e3o\u00a0ganhar\u00e1 o refor\u00e7o de mais de 90\u00a0novas\u00a0marcas, refletindo em novas oportunidades e contato direto com ideias\u00a0disruptivas.<\/p>\n<\/div>\n<div style=\"text-align: justify;\">\n<p>A\u00a0AGL Eletr\u00f4nicos do Brasil\u00a0\u00e9 um bom exemplo. Pela primeira vez na feira, a expectativa \u00e9 surpreender o p\u00fablico. &#8220;Vamos levar inova\u00e7\u00e3o em automa\u00e7\u00e3o remota para\u00a0abrir, desligar, fechar, tudo por um \u00fanico aplicativo&#8221;, explica Ana Cec\u00edlia Silva, diretora comercial da empresa.<\/p>\n<\/div>\n<div style=\"text-align: justify;\">\n<p>&nbsp;<\/p>\n<p>Outro estreante \u00e9 o\u00a0Grupo\u00a0FOXLUX, que chega com\u00a0objetivos bem definidos. &#8220;Queremos refor\u00e7ar nosso crescimento\u00a0com duas\u00a0marcas comerciais\u00a0FOXLUX e\u00a0FAMASTIL. Sabemos de toda tradi\u00e7\u00e3o e for\u00e7a da feira e ser\u00e1 um ano de aprendizado e de v\u00e1rias possibilidades&#8221;, explica\u00a0Eloir\u00a0Pereira Padilha Junior, gerente de marketing.<\/p>\n<\/div>\n<div style=\"text-align: justify;\">\n<p>Ainda este ano o credenciamento ser\u00e1 aberto para os visitantes de todas as partes do Brasil e de outros pa\u00edses da Am\u00e9rica Latina e, assim, ser\u00e1 poss\u00edvel se organizar para uma verdadeira jornada de atualiza\u00e7\u00e3o e neg\u00f3cios. A lista completa de expositores, a programa\u00e7\u00e3o de conte\u00fado e experi\u00eancias\u00a0logo\u00a0estar\u00e1 dispon\u00edvel no site para consulta\u00a0tamb\u00e9m&#8221;, finaliza\u00a0Mayra\u00a0Nardy,\u00a0Gerente da Feicon\u00a0Batimat.<\/p>\n<p style=\"font-weight: 400;\"><span style=\"color: #0000ff;\"><strong>A f\u00f3rmula de eventos na economia<\/strong><\/span><\/p>\n<p style=\"font-weight: 400;\">Pesquisa in\u00e9dita liderada pela Ubrafe (Uni\u00e3o Brasileira dos Promotores de Feiras), atrav\u00e9s do instituto NewSense, traz n\u00fameros que revelam a representatividade da ind\u00fastria de eventos na economia do estado de S\u00e3o Paulo e tamb\u00e9m no PIB nacional. Em dois anos, a ind\u00fastria de eventos movimentou\u00a0<strong>R$ 305 bilh\u00f5es de reais.<\/strong><\/p>\n<p style=\"font-weight: 400;\">Esse montante, analisado junto a demais dados, levou a pesquisa \u00e0 f\u00f3rmula\u00a0<strong>R$1: R$35, ou seja, de cada R$1,00 investido por empresas em eventos houve um retorno de R$ 35,00 na economia do estado\/pa\u00eds.<\/strong><\/p>\n<p style=\"font-weight: 400;\"><u>Para ter acesso a pesquisa completa, acesse:<\/u><strong>\u00a0<span style=\"color: #0000ff;\"><a style=\"color: #0000ff;\" href=\"https:\/\/ubrafe.org.br\/\" data-saferedirecturl=\"https:\/\/www.google.com\/url?q=https:\/\/ubrafe.org.br\/&amp;source=gmail&amp;ust=1576242692264000&amp;usg=AFQjCNHijiwMVnn-fMA7FyqFz7qMYfh__A\">https:\/\/ubrafe.org.br\/<\/a><\/span><\/strong><\/p>\n<\/div>\n<div style=\"text-align: justify;\">\n<p>&nbsp;<\/p>\n<p><strong><span style=\"color: #993300;\">SERVI\u00c7O<\/span><\/strong><\/p>\n<\/div>\n<div style=\"text-align: justify;\">\n<p><span style=\"color: #993300;\">Feicon\u00a0Batimat<\/span><\/p>\n<\/div>\n<div style=\"text-align: justify;\">\n<p><span style=\"color: #993300;\">31 de mar\u00e7o a\u00a03\u00a0de\u00a0abril\u00a0de 2020<\/span><\/p>\n<\/div>\n<div style=\"text-align: justify;\">\n<p><span style=\"color: #993300;\">S\u00e3o Paulo Expo<\/span><\/p>\n<\/div>\n<div style=\"text-align: justify;\">\n<p><span style=\"color: #993300;\">1,5 Rod.\u00a0dos\u00a0Imigrantes<\/span><\/p>\n<\/div>\n<div style=\"text-align: justify;\"><span style=\"color: #993300;\">Vila \u00c1gua Funda\u00a0&#8211; S\u00e3o Paulo<\/span><\/div>\n<div>Site:<span style=\"text-decoration: underline;\"><strong><span style=\"color: #0000ff; text-decoration: underline;\">www.feicon.com.br<\/span><\/strong><\/span><\/div>\n","protected":false},"excerpt":{"rendered":"<p>Dezembro de 2019 &#8211; Marcada para acontecer entre os dias 31 de mar\u00e7o e 03 de abril do ano que vem, a pr\u00f3xima FEICON BATIMAT promete ser hist\u00f3rica. A organiza\u00e7\u00e3o anuncia que 92% da planta j\u00e1 foi comercializada e que a feira ter\u00e1 98 novos expositores, somando a centenas de marcas nacionais e estrangeiras e [&hellip;]<\/p>\n","protected":false},"author":1,"featured_media":13018,"comment_status":"open","ping_status":"open","sticky":false,"template":"","format":"standard","meta":{"_uag_custom_page_level_css":"","footnotes":""},"categories":[12591],"tags":[18192,18191,18193,7362,7370,8951,9505,10675,12305],"class_list":["post-13017","post","type-post","status-publish","format-standard","has-post-thumbnail","hentry","category-produtos","tag-feicon-batimat-2020","tag-lojistas-varejo-material-de-construcao","tag-luminarias-e-leed","tag-material-de-construcao","tag-material-eletrico","tag-pisos-e-revestimentos","tag-produtos-para-banheiros","tag-sao-paulo-expo","tag-vendas-de-produtos"],"blocksy_meta":[],"spectra_blocks_featured_image_url":{"thumbnail":{"url":"https:\/\/construcaocivil.siriusmarketingedesign.com.br\/wp-content\/uploads\/2019\/12\/BATIMAT-OK-150x150.jpg","width":150,"height":150},"medium":{"url":"https:\/\/construcaocivil.siriusmarketingedesign.com.br\/wp-content\/uploads\/2019\/12\/BATIMAT-OK-300x151.jpg","width":300,"height":151},"medium_large":{"url":"https:\/\/construcaocivil.siriusmarketingedesign.com.br\/wp-content\/uploads\/2019\/12\/BATIMAT-OK-768x386.jpg","width":768,"height":386},"large":{"url":"https:\/\/construcaocivil.siriusmarketingedesign.com.br\/wp-content\/uploads\/2019\/12\/BATIMAT-OK.jpg","width":938,"height":472},"full":{"url":"https:\/\/construcaocivil.siriusmarketingedesign.com.br\/wp-content\/uploads\/2019\/12\/BATIMAT-OK.jpg","width":938,"height":472}},"spectra_blocks_author_info":{"display_name":"Jornal da Constru\u00e7\u00e3o Civil","avatar_url":"https:\/\/secure.gravatar.com\/avatar\/973c9774fd44ddaceb026973c4962faa70fc512bc4c9da68e8ebb40fecee6540?s=96&d=mm&r=g","author_link":"https:\/\/construcaocivil.siriusmarketingedesign.com.br\/?author=1","description":"Desde de 2013, levando muitas informa\u00e7\u00f5es, lan\u00e7amentos e produtos de qualidade para toda cadeia produtiva da constru\u00e7\u00e3o. O Futuro da constru\u00e7\u00e3o passa por aqui,"},"uagb_featured_image_src":{"full":["https:\/\/construcaocivil.siriusmarketingedesign.com.br\/wp-content\/uploads\/2019\/12\/BATIMAT-OK.jpg",938,472,false],"thumbnail":["https:\/\/construcaocivil.siriusmarketingedesign.com.br\/wp-content\/uploads\/2019\/12\/BATIMAT-OK-150x150.jpg",150,150,true],"medium":["https:\/\/construcaocivil.siriusmarketingedesign.com.br\/wp-content\/uploads\/2019\/12\/BATIMAT-OK-300x151.jpg",300,151,true],"medium_large":["https:\/\/construcaocivil.siriusmarketingedesign.com.br\/wp-content\/uploads\/2019\/12\/BATIMAT-OK-768x386.jpg",768,386,true],"large":["https:\/\/construcaocivil.siriusmarketingedesign.com.br\/wp-content\/uploads\/2019\/12\/BATIMAT-OK.jpg",938,472,false],"1536x1536":["https:\/\/construcaocivil.siriusmarketingedesign.com.br\/wp-content\/uploads\/2019\/12\/BATIMAT-OK.jpg",938,472,false],"2048x2048":["https:\/\/construcaocivil.siriusmarketingedesign.com.br\/wp-content\/uploads\/2019\/12\/BATIMAT-OK.jpg",938,472,false]},"uagb_author_info":{"display_name":"Jornal da Constru\u00e7\u00e3o Civil","author_link":"https:\/\/construcaocivil.siriusmarketingedesign.com.br\/?author=1"},"uagb_comment_info":0,"uagb_excerpt":"Dezembro de 2019 &#8211; Marcada para acontecer entre os dias 31 de mar\u00e7o e 03 de abril do ano que vem, a pr\u00f3xima FEICON BATIMAT promete ser hist\u00f3rica. A organiza\u00e7\u00e3o anuncia que 92% da planta j\u00e1 foi comercializada e que a feira ter\u00e1 98 novos expositores, somando a centenas de marcas nacionais e estrangeiras e&hellip;","_links":{"self":[{"href":"https:\/\/construcaocivil.siriusmarketingedesign.com.br\/index.php?rest_route=\/wp\/v2\/posts\/13017","targetHints":{"allow":["GET"]}}],"collection":[{"href":"https:\/\/construcaocivil.siriusmarketingedesign.com.br\/index.php?rest_route=\/wp\/v2\/posts"}],"about":[{"href":"https:\/\/construcaocivil.siriusmarketingedesign.com.br\/index.php?rest_route=\/wp\/v2\/types\/post"}],"author":[{"embeddable":true,"href":"https:\/\/construcaocivil.siriusmarketingedesign.com.br\/index.php?rest_route=\/wp\/v2\/users\/1"}],"replies":[{"embeddable":true,"href":"https:\/\/construcaocivil.siriusmarketingedesign.com.br\/index.php?rest_route=%2Fwp%2Fv2%2Fcomments&post=13017"}],"version-history":[{"count":0,"href":"https:\/\/construcaocivil.siriusmarketingedesign.com.br\/index.php?rest_route=\/wp\/v2\/posts\/13017\/revisions"}],"wp:featuredmedia":[{"embeddable":true,"href":"https:\/\/construcaocivil.siriusmarketingedesign.com.br\/index.php?rest_route=\/wp\/v2\/media\/13018"}],"wp:attachment":[{"href":"https:\/\/construcaocivil.siriusmarketingedesign.com.br\/index.php?rest_route=%2Fwp%2Fv2%2Fmedia&parent=13017"}],"wp:term":[{"taxonomy":"category","embeddable":true,"href":"https:\/\/construcaocivil.siriusmarketingedesign.com.br\/index.php?rest_route=%2Fwp%2Fv2%2Fcategories&post=13017"},{"taxonomy":"post_tag","embeddable":true,"href":"https:\/\/construcaocivil.siriusmarketingedesign.com.br\/index.php?rest_route=%2Fwp%2Fv2%2Ftags&post=13017"}],"curies":[{"name":"wp","href":"https:\/\/api.w.org\/{rel}","templated":true}]}}